{"id":619307,"date":"2025-12-24T05:13:13","date_gmt":"2025-12-24T05:13:13","guid":{"rendered":"https:\/\/www.europesays.com\/fr\/619307\/"},"modified":"2025-12-24T05:13:13","modified_gmt":"2025-12-24T05:13:13","slug":"une-operation-xxl-contre-les-vols-de-bijoux-a-larrache","status":"publish","type":"post","link":"https:\/\/www.europesays.com\/fr\/619307\/","title":{"rendered":"une op\u00e9ration XXL contre les vols de bijoux \u00e0 l\u2019arrach\u00e9"},"content":{"rendered":"<p>Au pied de la grande roue du march\u00e9 de No\u00ebl, une dizaine d\u2019hommes en uniforme. Dans les rues adjacentes, une douzaine en civil. Tous avec l\u2019oreillette qui crache des infos. \u00ab\u00a0Suspects en vue rue Louis-Braille, on les suit.\u00a0\u00bb<\/p>\n<p>Les suspects, c\u2019est une petite bande d\u00e9j\u00e0 connue des services de police. Un \u00e9quipage en civil (que nous ne pourrons pas suivre, \u00e9videmment) va les garder \u00e0 l\u2019\u0153il. Les fonctionnaires en uniforme, eux, vont patrouiller non loin et se tenir pr\u00eats \u00e0 venir en renfort. Au cas o\u00f9.<\/p>\n<p>  \u00ab Ce ne sont plus les sacs ou les t\u00e9l\u00e9phones \u00bb<\/p>\n<p>L\u2019objectif du jour\u00a0? Pr\u00e9venir les vols \u00e0 l\u2019arrach\u00e9 et interpeller (du moins essayer) des auteurs en flagrant d\u00e9lit. Surtout les vols de bijoux. \u00ab Ce ne sont plus les sacs ou les t\u00e9l\u00e9phones\u00a0\u00bb, pr\u00e9cise le commandant Lara, qui pilote l\u2019op\u00e9ration. \u00ab\u00a0Avec le cours de l\u2019or qui a explos\u00e9, les bijoux sont d\u00e9sormais tr\u00e8s recherch\u00e9s.\u00a0\u00bb<\/p>\n<p>Les vols \u00e0 l\u2019arrach\u00e9 de colliers se sont multipli\u00e9s ces derniers mois. \u00ab\u00a0C\u2019est devenu une priorit\u00e9\u00a0\u00bb, reconna\u00eet l\u2019officier, qui pr\u00e9cise les moyens d\u00e9volus \u00e0 la lutte contre ce fl\u00e9au\u00a0: \u00ab\u00a0Les services d\u2019enqu\u00eate ont \u00e9t\u00e9 renforc\u00e9s. On tient \u00e0 jour une cartographie des lieux et des dates. On sait qu\u2019ils (N.D.L.R.\u00a0: les voleurs) agissent au moins par deux, souvent l\u2019apr\u00e8s-midi, et tr\u00e8s souvent le long de la Grand-Rue (pour se d\u00e9placer rapidement en transports en commun).\u00a0\u00bb<\/p>\n<p>Des interpellations ont d\u00e9j\u00e0 eu lieu. Points communs des suspects\u00a0: \u00ab\u00a0Il s\u2019agit souvent de mineurs isol\u00e9s, en situation irr\u00e9guli\u00e8re\u00a0\u00bb, pr\u00e9cise le commandant Lara. Et ils connaissent tr\u00e8s bien les ficelles du m\u00e9tier\u00a0: \u00ab\u00a0Ils ne gardent pas les bijoux tr\u00e8s longtemps, ils les revendent rapidement \u00e0 des bijoutiers peu scrupuleux.\u00a0\u00bb<\/p>\n<p>Conseil \u00e0 suivre\u00a0: \u00ab\u00a0Si jamais vous \u00eates victimes, appelez imm\u00e9diatement le 17. Et donnez une description d\u00e9taill\u00e9e des auteurs. Plus t\u00f4t on peut intervenir avec un signalement pr\u00e9cis, plus on a de chance de les arr\u00eater.\u00a0\u00bb<\/p>\n<p>Mardi, la bande de suspects n\u2019est finalement pas pass\u00e9e \u00e0 l\u2019action. \u00ab\u00a0On a fait chou blanc, mais on reviendra. On m\u00e8ne des op\u00e9rations de ce type tous les jours\u00a0\u00bb, conclut l\u2019officier.<\/p>\n","protected":false},"excerpt":{"rendered":"Au pied de la grande roue du march\u00e9 de No\u00ebl, une dizaine d\u2019hommes en uniforme. Dans les rues&hellip;\n","protected":false},"author":2,"featured_media":619308,"comment_status":"","ping_status":"","sticky":false,"template":"","format":"standard","meta":{"footnotes":""},"categories":[9653],"tags":[1111,11,2430,271,272,7539,1777,674,274,107,1011,27,3367,12,25,4001,7538],"class_list":{"0":"post-619307","1":"post","2":"type-post","3":"status-publish","4":"format-standard","5":"has-post-thumbnail","7":"category-saint-etienne","8":"tag-actu","9":"tag-actualites","10":"tag-auvergne-rhone-alpes","11":"tag-crime","12":"tag-delit-et-contravention","13":"tag-edition-loire-sud","14":"tag-eu","15":"tag-europe","16":"tag-faits-divers-justice","17":"tag-fil-info","18":"tag-fr","19":"tag-france","20":"tag-loire","21":"tag-news","22":"tag-republique-francaise","23":"tag-saint-etienne","24":"tag-saint-etienne-ville"},"share_on_mastodon":{"url":"https:\/\/pubeurope.com\/@fr\/115772837386975516","error":""},"_links":{"self":[{"href":"https:\/\/www.europesays.com\/fr\/wp-json\/wp\/v2\/posts\/619307","targetHints":{"allow":["GET"]}}],"collection":[{"href":"https:\/\/www.europesays.com\/fr\/wp-json\/wp\/v2\/posts"}],"about":[{"href":"https:\/\/www.europesays.com\/fr\/wp-json\/wp\/v2\/types\/post"}],"author":[{"embeddable":true,"href":"https:\/\/www.europesays.com\/fr\/wp-json\/wp\/v2\/users\/2"}],"replies":[{"embeddable":true,"href":"https:\/\/www.europesays.com\/fr\/wp-json\/wp\/v2\/comments?post=619307"}],"version-history":[{"count":0,"href":"https:\/\/www.europesays.com\/fr\/wp-json\/wp\/v2\/posts\/619307\/revisions"}],"wp:featuredmedia":[{"embeddable":true,"href":"https:\/\/www.europesays.com\/fr\/wp-json\/wp\/v2\/media\/619308"}],"wp:attachment":[{"href":"https:\/\/www.europesays.com\/fr\/wp-json\/wp\/v2\/media?parent=619307"}],"wp:term":[{"taxonomy":"category","embeddable":true,"href":"https:\/\/www.europesays.com\/fr\/wp-json\/wp\/v2\/categories?post=619307"},{"taxonomy":"post_tag","embeddable":true,"href":"https:\/\/www.europesays.com\/fr\/wp-json\/wp\/v2\/tags?post=619307"}],"curies":[{"name":"wp","href":"https:\/\/api.w.org\/{rel}","templated":true}]}}