{"id":619315,"date":"2025-12-24T05:18:29","date_gmt":"2025-12-24T05:18:29","guid":{"rendered":"https:\/\/www.europesays.com\/fr\/619315\/"},"modified":"2025-12-24T05:18:29","modified_gmt":"2025-12-24T05:18:29","slug":"rugby-scapulaire-quelques-statistiques-apres-la-rencontre-face-a-toulon","status":"publish","type":"post","link":"https:\/\/www.europesays.com\/fr\/619315\/","title":{"rendered":"Rugby Scapulaire &#8211; Quelques statistiques apr\u00e8s la rencontre face \u00e0 Toulon"},"content":{"rendered":"<p>\u00a0<\/p>\n<p>Comme apr\u00e8s chaque rencontre de l\u2019Union Bordeaux-B\u00e8gles, le club<br \/>\nnous propose quelques statistiques suite au match face \u00e0 Toulon.<br \/>\nL\u2019occasion de voir qu\u2019une nouvelle fois certains joueurs se sont<br \/>\nmis en \u00e9vidence d\u00e9fensivement, comme <strong>Jonny Gray<\/strong><br \/>\nqui r\u00e9alise un <strong>100%<\/strong> au plaquage avec<br \/>\n<strong>14<\/strong> plaquages et <strong>Bastien<br \/>\nVergnes-Taillefer<\/strong> qui en r\u00e9alise <strong>17<\/strong> avec<br \/>\nun taux de r\u00e9ussite de <strong>94%<\/strong>. Notre troisi\u00e8me ligne,<br \/>\n<strong>Cameron Woki<\/strong> a r\u00e9cup\u00e9r\u00e9 <strong>3<\/strong> ballons<br \/>\nau cours de la rencontre, tandis que <strong>Maxime Lucu<\/strong> a<br \/>\nr\u00e9alis\u00e9 un <strong>7\/8<\/strong> au pied.<\/p>\n<p>Collectivement, l\u2019\u00e9quipe a r\u00e9alis\u00e9 un <strong>100%<\/strong> en<br \/>\ntouche ainsi que <strong>89<\/strong> plaquages avec un taux de<br \/>\nr\u00e9ussite de <strong>94%<\/strong> pour l\u2019ensemble des titulaires et<br \/>\nde <strong>100%<\/strong> pour les joueurs du banc.<\/p>\n","protected":false},"excerpt":{"rendered":"\u00a0 Comme apr\u00e8s chaque rencontre de l\u2019Union Bordeaux-B\u00e8gles, le club nous propose quelques statistiques suite au match face&hellip;\n","protected":false},"author":2,"featured_media":619316,"comment_status":"","ping_status":"","sticky":false,"template":"","format":"standard","meta":{"footnotes":""},"categories":[9619],"tags":[1111,11,1777,674,1011,27,12,882,25,2310],"class_list":{"0":"post-619315","1":"post","2":"type-post","3":"status-publish","4":"format-standard","5":"has-post-thumbnail","7":"category-toulon","8":"tag-actu","9":"tag-actualites","10":"tag-eu","11":"tag-europe","12":"tag-fr","13":"tag-france","14":"tag-news","15":"tag-provence-alpes-cote-dazur","16":"tag-republique-francaise","17":"tag-toulon"},"share_on_mastodon":{"url":"https:\/\/pubeurope.com\/@fr\/115772856944353425","error":""},"_links":{"self":[{"href":"https:\/\/www.europesays.com\/fr\/wp-json\/wp\/v2\/posts\/619315","targetHints":{"allow":["GET"]}}],"collection":[{"href":"https:\/\/www.europesays.com\/fr\/wp-json\/wp\/v2\/posts"}],"about":[{"href":"https:\/\/www.europesays.com\/fr\/wp-json\/wp\/v2\/types\/post"}],"author":[{"embeddable":true,"href":"https:\/\/www.europesays.com\/fr\/wp-json\/wp\/v2\/users\/2"}],"replies":[{"embeddable":true,"href":"https:\/\/www.europesays.com\/fr\/wp-json\/wp\/v2\/comments?post=619315"}],"version-history":[{"count":0,"href":"https:\/\/www.europesays.com\/fr\/wp-json\/wp\/v2\/posts\/619315\/revisions"}],"wp:featuredmedia":[{"embeddable":true,"href":"https:\/\/www.europesays.com\/fr\/wp-json\/wp\/v2\/media\/619316"}],"wp:attachment":[{"href":"https:\/\/www.europesays.com\/fr\/wp-json\/wp\/v2\/media?parent=619315"}],"wp:term":[{"taxonomy":"category","embeddable":true,"href":"https:\/\/www.europesays.com\/fr\/wp-json\/wp\/v2\/categories?post=619315"},{"taxonomy":"post_tag","embeddable":true,"href":"https:\/\/www.europesays.com\/fr\/wp-json\/wp\/v2\/tags?post=619315"}],"curies":[{"name":"wp","href":"https:\/\/api.w.org\/{rel}","templated":true}]}}