{"id":619317,"date":"2025-12-24T05:21:12","date_gmt":"2025-12-24T05:21:12","guid":{"rendered":"https:\/\/www.europesays.com\/fr\/619317\/"},"modified":"2025-12-24T05:21:12","modified_gmt":"2025-12-24T05:21:12","slug":"les-ouvertures-et-fermetures-a-connaitre-dans-la-metropole-de-montpellier","status":"publish","type":"post","link":"https:\/\/www.europesays.com\/fr\/619317\/","title":{"rendered":"les ouvertures et fermetures \u00e0 conna\u00eetre dans la M\u00e9tropole de Montpellier"},"content":{"rendered":"<p>                    Par<br \/>\n        <strong><br \/>\n            <a href=\"https:\/\/actu.fr\/auteur\/metropoop\" title=\"Consulter tous les articles de R\u00e9daction M\u00e9tropolitain\" target=\"_blank\" rel=\"noopener\">R\u00e9daction M\u00e9tropolitain<\/a><br \/>\n                    <\/strong><\/p>\n<p>        Publi\u00e9 le<\/p>\n<p>            24 d\u00e9c. 2025 \u00e0 6h16        <\/p>\n<p><strong>Le 25 d\u00e9cembre et le 1er janvier<\/strong> tombent tous deux un jeudi. Ces deux dates modifient en profondeur l\u2019agenda des \u00e9quipements municipaux et m\u00e9tropolitains. La Ville et la M\u00e9tropole de Montpellier adaptent leurs horaires, avec de nombreuses fermetures et quelques exceptions notables. Les habitants devront anticiper.<\/p>\n<p>Mairies et services administratifs \u00e0 l\u2019arr\u00eat<\/p>\n<p class=\" wall-content\">Les grands b\u00e2timents administratifs resteront portes closes. L\u2019H\u00f4tel de Ville de Montpellier, l\u2019H\u00f4tel de Montpellier M\u00e9diterran\u00e9e M\u00e9tropole et le Centre communal d\u2019action sociale (CCAS) fermeront les 25 d\u00e9cembre 2025 et 1er janvier 2026. Le service de d\u00e9claration des d\u00e9c\u00e8s \u00e0 Grammont ne recevra pas de public ces deux jours.<\/p>\n<p>M\u00e9diath\u00e8ques et piscines totalement ferm\u00e9es<\/p>\n<p class=\" wall-content\">Le r\u00e9seau des m\u00e9diath\u00e8ques m\u00e9tropolitaines cessera toute activit\u00e9 les deux jeudis f\u00e9ri\u00e9s. Une fermeture anticip\u00e9e \u00e0 16h s\u2019appliquera aussi les mercredis 24 et 31 d\u00e9cembre. Les piscines de la m\u00e9tropole suivront le m\u00eame principe, avec une fermeture compl\u00e8te \u00e0 No\u00ebl et au Nouvel An.<\/p>\n<p>Maisons pour tous en pause hivernale<\/p>\n<p class=\" wall-content\">Les Maisons pour tous, lieux de vie de quartier tr\u00e8s fr\u00e9quent\u00e9s, fermeront \u00e9galement les 25 d\u00e9cembre et 1er janvier. Aucun accueil ne sera assur\u00e9 durant ces deux journ\u00e9es.<\/p>\n<p>Culture et mus\u00e9es : rideau baiss\u00e9<\/p>\n<p class=\" wall-content\">Les principaux lieux culturels resteront ferm\u00e9s lors des deux jours f\u00e9ri\u00e9s. Le mus\u00e9e Fabre, le site arch\u00e9ologique Lattara \u2013 mus\u00e9e Henri Prades, ainsi que les deux \u00e9tablissements du MO.CO., rue de la R\u00e9publique et rue de l\u2019\u00c9cole de Pharmacie, ne recevront pas de visiteurs.<br \/>M\u00eame situation pour l\u2019Espace Dominique Bagouet, l\u2019Espace Saint-Ravy, le Pavillon Populaire et le Carr\u00e9 Sainte-Anne. Tous appliqueront aussi une fermeture exceptionnelle \u00e0 16h les 24 et 31 d\u00e9cembre. L\u2019ensemble de l\u2019\u0152uvre de la Mis\u00e9ricorde, chapelle et pharmacie, reste pour sa part ferm\u00e9 pour maintenance, sans date de r\u00e9ouverture annonc\u00e9e.<\/p>\n<p>Vid\u00e9os : en ce moment sur ActuCin\u00e9ma et zoo, les exceptions des f\u00eates<\/p>\n<p class=\" wall-content\">Quelques lieux continueront toutefois d\u2019accueillir le public. Le cin\u00e9ma Nestor Burma restera ouvert les 25 d\u00e9cembre 2025 et 1er janvier 2026, de 13h \u00e0 23h. Le parc zoologique de Lunaret proposera des promenades de saison, de 10h \u00e0 17h, les deux jours.<\/p>\n<p>Office de tourisme ferm\u00e9<\/p>\n<p class=\" wall-content\">L\u2019Office de tourisme de Montpellier fermera ses portes les 25 d\u00e9cembre et 1er janvier. Une fermeture anticip\u00e9e \u00e0 17h est pr\u00e9vue les 24 et 31 d\u00e9cembre.<\/p>\n<p>Votre r\u00e9gion, votre actu !<\/p>\n<p>Recevez chaque jour les infos qui comptent pour vous.<\/p>\n<p>\t<a href=\"https:\/\/actu.fr\/newsletter\" class=\"ac-btn ac-btn--corner ac-btn--medium ac-btn--blue800\" target=\"_blank\" rel=\"noopener\">S&rsquo;incrire<\/a><br \/>\nCimeti\u00e8res accessibles selon les horaires habituels<\/p>\n<p class=\" wall-content\">Les cimeti\u00e8res municipaux resteront ouverts comme les week-ends et jours f\u00e9ri\u00e9s. Les cimeti\u00e8res Saint-\u00c9tienne et M\u00e9tropolitain accueilleront le public de 9h \u00e0 17h. \u00c0 Saint-Lazare, les horaires varieront selon les secteurs : de 9h \u00e0 17h pour la partie historique, jusqu\u2019\u00e0 16h50 pour l\u2019extension et 16h40 pour l\u2019annexe. Le cimeti\u00e8re de Celleneuve ouvrira de 9h30 \u00e0 16h15. Les entr\u00e9es cesseront vingt minutes avant la fermeture.<\/p>\n<p>D\u00e9chets et march\u00e9s : service minimum<\/p>\n<p class=\" wall-content\">Les march\u00e9s de plein air fermeront exceptionnellement les 25 d\u00e9cembre et 1er janvier. Les reports de collecte des d\u00e9chets seront pr\u00e9cis\u00e9s <a href=\"https:\/\/www.montpellier.fr\/vie-quotidienne\/vivre-ici\/gerer-ses-dechets\/jours-de-collecte-des-dechets-et-points-apport-volontaire\" target=\"_blank\" rel=\"noopener\">sur le site de la ville.<\/a><\/p>\n<p>Les halles, c\u0153ur battant avant et pendant les f\u00eates<\/p>\n<p class=\" wall-content\">Les jours pr\u00e9c\u00e9dents No\u00ebl et le Nouvel An, les halles tourneront \u00e0 plein r\u00e9gime. Les 24 et 31 d\u00e9cembre, Castellane, Laissac et Jacques-C\u0153ur ouvriront de 7h \u00e0 20h, tandis que 4 Saisons fermera \u00e0 14h. Le 25 d\u00e9cembre, Castellane et Laissac accueilleront le public de 7h \u00e0 13h, avec la pr\u00e9sence du seul caviste \u00e0 Laissac. Les halles 4 Saisons ouvriront jusqu\u2019\u00e0 14h, tandis que Jacques-C\u0153ur restera ferm\u00e9e. Le 1er janvier 2026, seule la halle Castellane ouvrira de 7h \u00e0 13h. Les halles Jacques-C\u0153ur, 4 Saisons et Laissac resteront closes.<\/p>\n<p class=\" wall-content\">Personnalisez votre actualit\u00e9 en ajoutant vos villes et m\u00e9dias en favori avec <a href=\"https:\/\/moncompte.actu.fr\" title=\"D\u00e9couvez Mon Actu\" rel=\"nofollow noopener\" data-trk=\"{&quot;cta&quot;:{&quot;action&quot;:&quot;https:\\\/\\\/moncompte.actu.fr&quot;,&quot;category&quot;:&quot;mon compte&quot;,&quot;from&quot;:&quot;article footer&quot;,&quot;name&quot;:&quot;Mon actu&quot;,&quot;type&quot;:&quot;cta&quot;}}\" target=\"_blank\">Mon Actu<\/a>.<\/p>\n","protected":false},"excerpt":{"rendered":"Par R\u00e9daction M\u00e9tropolitain Publi\u00e9 le 24 d\u00e9c. 2025 \u00e0 6h16 Le 25 d\u00e9cembre et le 1er janvier tombent&hellip;\n","protected":false},"author":2,"featured_media":619318,"comment_status":"","ping_status":"","sticky":false,"template":"","format":"standard","meta":{"footnotes":""},"categories":[9599],"tags":[1111,11,1777,674,1011,27,2208,12,15830,2680,25,104],"class_list":{"0":"post-619317","1":"post","2":"type-post","3":"status-publish","4":"format-standard","5":"has-post-thumbnail","7":"category-montpellier","8":"tag-actu","9":"tag-actualites","10":"tag-eu","11":"tag-europe","12":"tag-fr","13":"tag-france","14":"tag-montpellier","15":"tag-news","16":"tag-noel","17":"tag-occitanie","18":"tag-republique-francaise","19":"tag-societe"},"share_on_mastodon":{"url":"https:\/\/pubeurope.com\/@fr\/115772868720941741","error":""},"_links":{"self":[{"href":"https:\/\/www.europesays.com\/fr\/wp-json\/wp\/v2\/posts\/619317","targetHints":{"allow":["GET"]}}],"collection":[{"href":"https:\/\/www.europesays.com\/fr\/wp-json\/wp\/v2\/posts"}],"about":[{"href":"https:\/\/www.europesays.com\/fr\/wp-json\/wp\/v2\/types\/post"}],"author":[{"embeddable":true,"href":"https:\/\/www.europesays.com\/fr\/wp-json\/wp\/v2\/users\/2"}],"replies":[{"embeddable":true,"href":"https:\/\/www.europesays.com\/fr\/wp-json\/wp\/v2\/comments?post=619317"}],"version-history":[{"count":0,"href":"https:\/\/www.europesays.com\/fr\/wp-json\/wp\/v2\/posts\/619317\/revisions"}],"wp:featuredmedia":[{"embeddable":true,"href":"https:\/\/www.europesays.com\/fr\/wp-json\/wp\/v2\/media\/619318"}],"wp:attachment":[{"href":"https:\/\/www.europesays.com\/fr\/wp-json\/wp\/v2\/media?parent=619317"}],"wp:term":[{"taxonomy":"category","embeddable":true,"href":"https:\/\/www.europesays.com\/fr\/wp-json\/wp\/v2\/categories?post=619317"},{"taxonomy":"post_tag","embeddable":true,"href":"https:\/\/www.europesays.com\/fr\/wp-json\/wp\/v2\/tags?post=619317"}],"curies":[{"name":"wp","href":"https:\/\/api.w.org\/{rel}","templated":true}]}}