{"id":619321,"date":"2025-12-24T05:27:03","date_gmt":"2025-12-24T05:27:03","guid":{"rendered":"https:\/\/www.europesays.com\/fr\/619321\/"},"modified":"2025-12-24T05:27:03","modified_gmt":"2025-12-24T05:27:03","slug":"la-police-tire-et-blesse-un-homme-brandissant-un-couteau","status":"publish","type":"post","link":"https:\/\/www.europesays.com\/fr\/619321\/","title":{"rendered":"la\u00a0police\u00a0tire et blesse un homme brandissant un couteau"},"content":{"rendered":"<p>Un policier a tir\u00e9 \u00e0 deux reprises et bless\u00e9 un homme qui \u00e9tait mena\u00e7ant avec un couteau, lundi 22\u00a0d\u00e9cembre au matin dans une avenue du centre-ville de Grenoble, a-t-on appris de source polici\u00e8re.<\/p>\n<p>L\u2019homme, \u00e2g\u00e9 de 34\u00a0ans, a \u00e9t\u00e9 hospitalis\u00e9 et son pronostic vital n\u2019est pas engag\u00e9, selon la m\u00eame source, confirmant une information du <a href=\"https:\/\/www.ledauphine.com\/faits-divers-justice\/2025\/12\/22\/les-policiers-font-feu-sur-un-homme-arme-d-un-couteau-sur-le-boulevard-jean-pain\" rel=\"nofollow noopener\" target=\"_blank\" data-tracking=\"inpage_click\" data-tracking-action=\"suivre un lien dans l&#039;article\" data-tracking-category=\"recirculation\">Dauphin\u00e9 Lib\u00e9r\u00e9<\/a>.<\/p>\n<p>Les policiers ont \u00e9t\u00e9 d\u2019abord appel\u00e9s vers 09\u00a0h\u00a000 pour un homme qui \u00e9tait mena\u00e7ant dans une auto-\u00e9cole. \u00c0 leur arriv\u00e9e sur place, l\u2019homme a pris la fuite, et a \u00e9t\u00e9 poursuivi par des policiers, selon cette source. Arriv\u00e9 sur un boulevard dans le centre-ville, le suspect arm\u00e9 de son couteau s\u2019est alors dirig\u00e9 vers l\u2019un des policiers qui a fait usage de son arme, a pr\u00e9cis\u00e9 cette source.<\/p>\n<p>Deux enqu\u00eates ouvertes<\/p>\n<p>L\u2019homme a \u00e9t\u00e9 touch\u00e9 par deux tirs, selon une autre source polici\u00e8re. Atteint \u00e0 une main et en haut du corps, il a \u00e9t\u00e9 pris en charge en urgence absolue par les premiers secours, avant d\u2019\u00eatre hospitalis\u00e9 sans pronostic vital engag\u00e9, ont pr\u00e9cis\u00e9 les pompiers.<\/p>\n<p>Deux enqu\u00eates ont \u00e9t\u00e9 ouvertes, l\u2019une judiciaire et l\u2019autre men\u00e9e par <a href=\"https:\/\/www.la-croix.com\/Debats\/Violences-policieres-LIGPN-lIGGN-doivent-etre-remplacees-commission-independante-2023-05-11-1201266956\" data-tracking=\"inpage_click\" data-tracking-action=\"lire un article\" data-tracking-category=\"recirculation\" target=\"_blank\" rel=\"noopener\">l\u2019Inspection g\u00e9n\u00e9rale de la\u00a0police\u00a0nationale (IGPN)<\/a> \u00e0 la suite de l\u2019usage de l\u2019arme de service par le policier, a ajout\u00e9 cette seconde source polici\u00e8re. Contact\u00e9, le parquet de Grenoble n\u2019\u00e9tait pas imm\u00e9diatement joignable.<\/p>\n<p>Samedi midi dans le centre d\u2019Ajaccio, un homme de 26\u00a0ans arm\u00e9 d\u2019un couteau a menac\u00e9 des passants avant d\u2019\u00eatre tu\u00e9 par la\u00a0police.<\/p>\n","protected":false},"excerpt":{"rendered":"Un policier a tir\u00e9 \u00e0 deux reprises et bless\u00e9 un homme qui \u00e9tait mena\u00e7ant avec un couteau, lundi&hellip;\n","protected":false},"author":2,"featured_media":619322,"comment_status":"","ping_status":"","sticky":false,"template":"","format":"standard","meta":{"footnotes":""},"categories":[9566],"tags":[1111,11,2430,1777,674,1011,27,2731,12,25],"class_list":{"0":"post-619321","1":"post","2":"type-post","3":"status-publish","4":"format-standard","5":"has-post-thumbnail","7":"category-grenoble","8":"tag-actu","9":"tag-actualites","10":"tag-auvergne-rhone-alpes","11":"tag-eu","12":"tag-europe","13":"tag-fr","14":"tag-france","15":"tag-grenoble","16":"tag-news","17":"tag-republique-francaise"},"share_on_mastodon":{"url":"https:\/\/pubeurope.com\/@fr\/115772892423369740","error":""},"_links":{"self":[{"href":"https:\/\/www.europesays.com\/fr\/wp-json\/wp\/v2\/posts\/619321","targetHints":{"allow":["GET"]}}],"collection":[{"href":"https:\/\/www.europesays.com\/fr\/wp-json\/wp\/v2\/posts"}],"about":[{"href":"https:\/\/www.europesays.com\/fr\/wp-json\/wp\/v2\/types\/post"}],"author":[{"embeddable":true,"href":"https:\/\/www.europesays.com\/fr\/wp-json\/wp\/v2\/users\/2"}],"replies":[{"embeddable":true,"href":"https:\/\/www.europesays.com\/fr\/wp-json\/wp\/v2\/comments?post=619321"}],"version-history":[{"count":0,"href":"https:\/\/www.europesays.com\/fr\/wp-json\/wp\/v2\/posts\/619321\/revisions"}],"wp:featuredmedia":[{"embeddable":true,"href":"https:\/\/www.europesays.com\/fr\/wp-json\/wp\/v2\/media\/619322"}],"wp:attachment":[{"href":"https:\/\/www.europesays.com\/fr\/wp-json\/wp\/v2\/media?parent=619321"}],"wp:term":[{"taxonomy":"category","embeddable":true,"href":"https:\/\/www.europesays.com\/fr\/wp-json\/wp\/v2\/categories?post=619321"},{"taxonomy":"post_tag","embeddable":true,"href":"https:\/\/www.europesays.com\/fr\/wp-json\/wp\/v2\/tags?post=619321"}],"curies":[{"name":"wp","href":"https:\/\/api.w.org\/{rel}","templated":true}]}}