{"id":619323,"date":"2025-12-24T05:28:11","date_gmt":"2025-12-24T05:28:11","guid":{"rendered":"https:\/\/www.europesays.com\/fr\/619323\/"},"modified":"2025-12-24T05:28:11","modified_gmt":"2025-12-24T05:28:11","slug":"voici-comment-la-police-agit-pour-les-proteger","status":"publish","type":"post","link":"https:\/\/www.europesays.com\/fr\/619323\/","title":{"rendered":"voici comment la police agit pour les prot\u00e9ger"},"content":{"rendered":"<p>                    Par<br \/>\n        <strong><br \/>\n            <a href=\"https:\/\/actu.fr\/auteur\/brian-legoff\" title=\"Consulter tous les articles de Brian Le Goff\" target=\"_blank\" rel=\"noopener\">Brian Le Goff<\/a><br \/>\n                    <\/strong><\/p>\n<p>        Publi\u00e9 le<\/p>\n<p>            24 d\u00e9c. 2025 \u00e0 6h02        <\/p>\n<p>\u00ab\u2009C\u2019est <strong>un peu toute l\u2019ann\u00e9e\u2009\u00bb<\/strong> que les <strong>policiers<\/strong> sont<strong> vigilants<\/strong> aux<strong> lieux de culte<\/strong>. Mais, en cette p\u00e9riode des f\u00eates de fin d\u2019ann\u00e9e, leur <strong>attention doit \u00eatre renforc\u00e9e<\/strong>, rappelait une note minist\u00e9rielle dat\u00e9e du 14\u00a0d\u00e9cembre dernier, en raison de la menace terroriste.<\/p>\n<p class=\" wall-content\">\u00c0 Rennes, c\u2019est <strong>l\u2019unit\u00e9 des partenariats et de la s\u00e9curit\u00e9 et du quotidien (UPSQ)<\/strong> qui est en premi\u00e8re ligne pour cette mission. Aupr\u00e8s d\u2019<a href=\"https:\/\/actu.fr\/rennes\/\" target=\"_blank\" rel=\"noopener\">actu Rennes<\/a>, le <strong>lieutenant Le Jossec<\/strong>, la cheffe de cette unit\u00e9, revient sur les actions mises en \u0153uvre. \u00ab\u2009On est vraiment plus vigilant pour les f\u00eates de fin d\u2019ann\u00e9e sur les lieux et les manifestations \u00e0 caract\u00e8re religieux, note-t-elle d\u2019embl\u00e9e. Mais cette vigilance se d\u00e9cline en interne au niveau de tous les services avec <strong>un volet pr\u00e9ventif et un autre dissuasif<\/strong>.\u2009\u00bb<\/p>\n<p>Une prise de contact r\u00e9guli\u00e8re et une pr\u00e9sence sur le terrain<\/p>\n<p class=\" wall-content\">Pour le premier volet, les forces de l\u2019ordre effectuent d\u2019abord une prise de contact r\u00e9guli\u00e8re <strong>avec les responsables des lieux de culte<\/strong>. La police s\u2019appuie en particulier sur les d\u00e9l\u00e9gu\u00e9s \u00e0 la coh\u00e9sion police population (DCPP), des <strong>r\u00e9servistes<\/strong> de la <a href=\"https:\/\/actu.fr\/tag\/police\" target=\"_blank\" rel=\"noopener\">police<\/a> nationale.<\/p>\n<blockquote class=\"ac-article-quote wall-content\">\n<p>Ils constituent des r\u00e9f\u00e9rents s\u00fbret\u00e9 pour les responsables. En se rendant dans les \u00e9glises, synagogues ou mosqu\u00e9es pour comprendre leur fonctionnement, ils distillent des consignes de s\u00e9curit\u00e9 \u00e0 appliquer lors d&rsquo;\u00e9v\u00e9nements publics.<\/p>\n<p>    <strong>Lieutenant Le Jossec<\/strong><br \/>\n        Cheffe de l&rsquo;Unit\u00e9 des partenariats et de la s\u00e9curit\u00e9 du quotidien    <\/p><\/blockquote>\n<p class=\" wall-content\">Du <strong>c\u00f4t\u00e9 dissuasif,<\/strong> en fonction des \u00e9v\u00e9nements organis\u00e9s et de leur ampleur, les forces de l\u2019ordre vont aussi d\u00e9ployer des<strong> groupes \u00ab\u2009avec un \u00e9quipement renforc\u00e9\u2009\u00bb<\/strong> sur les lieux de culte. \u00ab\u2009Il s\u2019agit d\u2019\u00e9quipes qui vont rester <strong>sur place du d\u00e9but \u00e0 la fin de l\u2019\u00e9v\u00e9nement<\/strong> afin de le s\u00e9curiser et<strong> limiter la menace terroriste<\/strong> ou tout type d\u2019attaques.\u2009\u00bb<\/p>\n<p>Des modules de sensibilisation<\/p>\n<p class=\" wall-content\">En dehors de cette mobilisation, le lien entre repr\u00e9sentants des cultes et policiers se poursuit au fil du temps avec des modules de sensibilisation, soit des <strong>r\u00e9unions de plusieurs heures d\u2019\u00e9changes pour \u00e9voquer les dispositifs de s\u00e9curit\u00e9 \u00e0 d\u00e9velopper<\/strong>.<\/p>\n<p>Votre r\u00e9gion, votre actu !<\/p>\n<p>Recevez chaque jour les infos qui comptent pour vous.<\/p>\n<p>\t<a href=\"https:\/\/actu.fr\/newsletter\" class=\"ac-btn ac-btn--corner ac-btn--medium ac-btn--blue800\" target=\"_blank\" rel=\"noopener\">S&rsquo;incrire<\/a><\/p>\n<p class=\" wall-content\">Au sein de l\u2019UPSQ, compos\u00e9e d\u2019une vingtaine de membres (agents administratifs compris), il existe <strong>un chef par secteur g\u00e9ographique<\/strong> avec lequel les repr\u00e9sentants des lieux de culte maintiennent un<strong> contact r\u00e9gulier en disposant des coordonn\u00e9es directes du policier<\/strong>\u2009: \u00ab\u2009Ils savent ainsi \u00e0 qui pr\u00e9cis\u00e9ment ils peuvent se r\u00e9f\u00e9rer.\u2009\u00bb<\/p>\n<p class=\" wall-content\">Enfin, le SDSP (service d\u00e9partemental de la s\u00e9curit\u00e9 publique) a organis\u00e9 des <strong>patrouilles de No\u00ebl pens\u00e9es sp\u00e9cifiquement<\/strong> pour cette p\u00e9riode des f\u00eates de fin d\u2019ann\u00e9e et qui se rendent sur les march\u00e9s de No\u00ebl, mais aussi au contact des lieux de culte et de leurs communaut\u00e9s, notamment durant les week-ends.<\/p>\n<p class=\" wall-content\">La semaine, les <strong>autres services, comme les brigades sp\u00e9cialis\u00e9es de terrain (BST) et les compagnies d\u2019intervention (CI) sont aussi mobilis\u00e9s<\/strong>.<\/p>\n<p class=\" wall-content\">Personnalisez votre actualit\u00e9 en ajoutant vos villes et m\u00e9dias en favori avec <a href=\"https:\/\/moncompte.actu.fr\" title=\"D\u00e9couvez Mon Actu\" rel=\"nofollow noopener\" data-trk=\"{&quot;cta&quot;:{&quot;action&quot;:&quot;https:\\\/\\\/moncompte.actu.fr&quot;,&quot;category&quot;:&quot;mon compte&quot;,&quot;from&quot;:&quot;article footer&quot;,&quot;name&quot;:&quot;Mon actu&quot;,&quot;type&quot;:&quot;cta&quot;}}\" target=\"_blank\">Mon Actu<\/a>.<\/p>\n","protected":false},"excerpt":{"rendered":"Par Brian Le Goff Publi\u00e9 le 24 d\u00e9c. 2025 \u00e0 6h02 \u00ab\u2009C\u2019est un peu toute l\u2019ann\u00e9e\u2009\u00bb que les&hellip;\n","protected":false},"author":2,"featured_media":619324,"comment_status":"","ping_status":"","sticky":false,"template":"","format":"standard","meta":{"footnotes":""},"categories":[2821],"tags":[1111,11,829,1777,674,118,1011,27,12,57084,1072,584,25],"class_list":{"0":"post-619323","1":"post","2":"type-post","3":"status-publish","4":"format-standard","5":"has-post-thumbnail","7":"category-rennes","8":"tag-actu","9":"tag-actualites","10":"tag-bretagne","11":"tag-eu","12":"tag-europe","13":"tag-faits-divers","14":"tag-fr","15":"tag-france","16":"tag-news","17":"tag-noel-a-rennes","18":"tag-police","19":"tag-rennes","20":"tag-republique-francaise"},"share_on_mastodon":{"url":"https:\/\/pubeurope.com\/@fr\/115772896294360914","error":""},"_links":{"self":[{"href":"https:\/\/www.europesays.com\/fr\/wp-json\/wp\/v2\/posts\/619323","targetHints":{"allow":["GET"]}}],"collection":[{"href":"https:\/\/www.europesays.com\/fr\/wp-json\/wp\/v2\/posts"}],"about":[{"href":"https:\/\/www.europesays.com\/fr\/wp-json\/wp\/v2\/types\/post"}],"author":[{"embeddable":true,"href":"https:\/\/www.europesays.com\/fr\/wp-json\/wp\/v2\/users\/2"}],"replies":[{"embeddable":true,"href":"https:\/\/www.europesays.com\/fr\/wp-json\/wp\/v2\/comments?post=619323"}],"version-history":[{"count":0,"href":"https:\/\/www.europesays.com\/fr\/wp-json\/wp\/v2\/posts\/619323\/revisions"}],"wp:featuredmedia":[{"embeddable":true,"href":"https:\/\/www.europesays.com\/fr\/wp-json\/wp\/v2\/media\/619324"}],"wp:attachment":[{"href":"https:\/\/www.europesays.com\/fr\/wp-json\/wp\/v2\/media?parent=619323"}],"wp:term":[{"taxonomy":"category","embeddable":true,"href":"https:\/\/www.europesays.com\/fr\/wp-json\/wp\/v2\/categories?post=619323"},{"taxonomy":"post_tag","embeddable":true,"href":"https:\/\/www.europesays.com\/fr\/wp-json\/wp\/v2\/tags?post=619323"}],"curies":[{"name":"wp","href":"https:\/\/api.w.org\/{rel}","templated":true}]}}