{"id":619325,"date":"2025-12-24T05:29:36","date_gmt":"2025-12-24T05:29:36","guid":{"rendered":"https:\/\/www.europesays.com\/fr\/619325\/"},"modified":"2025-12-24T05:29:36","modified_gmt":"2025-12-24T05:29:36","slug":"roches-blanches-a-douarnenez-le-tribunal-de-rennes-estime-la-vente-deja-actee-et-ecarte-la-demande-de-suspension","status":"publish","type":"post","link":"https:\/\/www.europesays.com\/fr\/619325\/","title":{"rendered":"Roches Blanches \u00e0 Douarnenez\u00a0: le tribunal de Rennes estime la vente d\u00e9j\u00e0 act\u00e9e et \u00e9carte la demande de suspension"},"content":{"rendered":"<p>Le tribunal administratif de Rennes a rendu, le 22 d\u00e9cembre 2025, une ordonnance relative \u00e0 la contestation de l\u2019acquisition du domaine des Roches Blanches, situ\u00e9 \u00e0 Douarnenez, par le D\u00e9partement du Finist\u00e8re. En effet, Jean Cathala, un citoyen douarneniste, avait saisi le juge des r\u00e9f\u00e9r\u00e9s afin d\u2019obtenir la suspension de la d\u00e9lib\u00e9ration du 1er septembre 2025 autorisant cette acquisition, invoquant l\u2019urgence et de nombreux griefs tenant notamment \u00e0 la proc\u00e9dure, aux co\u00fbts du projet, \u00e0 l\u2019int\u00e9r\u00eat local et \u00e0 la protection des terrains concern\u00e9s. L\u2019association Le sens de la vis, ainsi que deux particuliers, \u00e9taient intervenus \u00e0 la proc\u00e9dure pour soutenir cette demande, intervention que le tribunal a jug\u00e9e recevable. Le D\u00e9partement du Finist\u00e8re, pour sa part, soutenait que la d\u00e9lib\u00e9ration avait d\u00e9j\u00e0 produit tous ses effets et qu\u2019il n\u2019y avait donc plus lieu de statuer.<\/p>\n<p>Les arguments de fond pas examin\u00e9s<\/p>\n<p>Le juge des r\u00e9f\u00e9r\u00e9s a retenu ce dernier argument. Il a constat\u00e9 que, par une ordonnance du 11 d\u00e9cembre 2025, le juge-commissaire du tribunal judiciaire d\u2019Auxerre avait autoris\u00e9 la vente de gr\u00e9 \u00e0 gr\u00e9 des parcelles au profit du D\u00e9partement pour un montant de 300\u00a0000 euros. Malgr\u00e9 l\u2019appel form\u00e9 par l\u2019association \u00e9vinc\u00e9e, cet appel n\u2019\u00e9tait pas suspensif et, selon la jurisprudence, \u00e9tait irrecevable. La vente a donc \u00e9t\u00e9 consid\u00e9r\u00e9e comme juridiquement parfaite \u00e0 cette date. D\u00e8s lors, la d\u00e9lib\u00e9ration contest\u00e9e \u00e9tant enti\u00e8rement ex\u00e9cut\u00e9e, le tribunal a jug\u00e9 la demande de suspension sans objet et n\u2019a pas examin\u00e9 les arguments de fond. \u00ab\u00a0Je continue, pour ma part, \u00e0 consid\u00e9rer qu\u2019une vente conclue de gr\u00e9 \u00e0 gr\u00e9, de fa\u00e7on opaque, dans le cabinet du juge-commissaire du tribunal judiciaire d\u2019Auxerre ne correspond pas aux crit\u00e8res de la d\u00e9lib\u00e9ration du 1er septembre 2025, qui autorisait le D\u00e9partement \u00e0 participer \u00e0 une proc\u00e9dure transparente de vente aux ench\u00e8res publiques. Et c\u2019est donc un des argumentaires que je vais d\u00e9velopper devant les diverses juridictions civiles et administratives pour faire reconna\u00eetre que cette vente ne peut \u00eatre consid\u00e9r\u00e9e comme l\u00e9gale\u00a0\u00bb, r\u00e9agit Jean Cathala.<\/p>\n","protected":false},"excerpt":{"rendered":"Le tribunal administratif de Rennes a rendu, le 22 d\u00e9cembre 2025, une ordonnance relative \u00e0 la contestation de&hellip;\n","protected":false},"author":2,"featured_media":619326,"comment_status":"","ping_status":"","sticky":false,"template":"","format":"standard","meta":{"footnotes":""},"categories":[2821],"tags":[1111,11,829,3320,765,1777,674,3321,1011,27,303,12,584,25],"class_list":{"0":"post-619325","1":"post","2":"type-post","3":"status-publish","4":"format-standard","5":"has-post-thumbnail","7":"category-rennes","8":"tag-actu","9":"tag-actualites","10":"tag-bretagne","11":"tag-douarnenez","12":"tag-en-continu","13":"tag-eu","14":"tag-europe","15":"tag-finistere","16":"tag-fr","17":"tag-france","18":"tag-justice","19":"tag-news","20":"tag-rennes","21":"tag-republique-francaise"},"share_on_mastodon":{"url":"https:\/\/pubeurope.com\/@fr\/115772900196387702","error":""},"_links":{"self":[{"href":"https:\/\/www.europesays.com\/fr\/wp-json\/wp\/v2\/posts\/619325","targetHints":{"allow":["GET"]}}],"collection":[{"href":"https:\/\/www.europesays.com\/fr\/wp-json\/wp\/v2\/posts"}],"about":[{"href":"https:\/\/www.europesays.com\/fr\/wp-json\/wp\/v2\/types\/post"}],"author":[{"embeddable":true,"href":"https:\/\/www.europesays.com\/fr\/wp-json\/wp\/v2\/users\/2"}],"replies":[{"embeddable":true,"href":"https:\/\/www.europesays.com\/fr\/wp-json\/wp\/v2\/comments?post=619325"}],"version-history":[{"count":0,"href":"https:\/\/www.europesays.com\/fr\/wp-json\/wp\/v2\/posts\/619325\/revisions"}],"wp:featuredmedia":[{"embeddable":true,"href":"https:\/\/www.europesays.com\/fr\/wp-json\/wp\/v2\/media\/619326"}],"wp:attachment":[{"href":"https:\/\/www.europesays.com\/fr\/wp-json\/wp\/v2\/media?parent=619325"}],"wp:term":[{"taxonomy":"category","embeddable":true,"href":"https:\/\/www.europesays.com\/fr\/wp-json\/wp\/v2\/categories?post=619325"},{"taxonomy":"post_tag","embeddable":true,"href":"https:\/\/www.europesays.com\/fr\/wp-json\/wp\/v2\/tags?post=619325"}],"curies":[{"name":"wp","href":"https:\/\/api.w.org\/{rel}","templated":true}]}}