{"id":619335,"date":"2025-12-24T05:39:11","date_gmt":"2025-12-24T05:39:11","guid":{"rendered":"https:\/\/www.europesays.com\/fr\/619335\/"},"modified":"2025-12-24T05:39:11","modified_gmt":"2025-12-24T05:39:11","slug":"la-meteo-a-bordeaux-du-mercredi-24-decembre-2025","status":"publish","type":"post","link":"https:\/\/www.europesays.com\/fr\/619335\/","title":{"rendered":"La m\u00e9t\u00e9o \u00e0 Bordeaux du mercredi 24 d\u00e9cembre 2025"},"content":{"rendered":"<p><strong>Pr\u00e9visions M\u00e9t\u00e9o \u00e0 Bordeaux demain<\/strong><\/p>\n<p>Les nuages se dissiperont ponctuellement. La temp\u00e9rature sera autour de 1\u00b0C. Une brise soufflera \u00e0 8 km\/h. Les temp\u00e9ratures seront \u00e0 la hausse demain apr\u00e8s-midi, et \u00e9galeront les 1\u00b0C \u00e0 4\u00b0C. Le mauvais temps et le champ nuageux se maintiennent demain soir, et le beau temps se fait d\u00e9sirer. Le thermom\u00e8tre atteindra 2\u00b0C environ.<\/p>\n<p><strong>M\u00e9t\u00e9o \u00e0 Bordeaux pour les prochains jours<\/strong><\/p>\n","protected":false},"excerpt":{"rendered":"Pr\u00e9visions M\u00e9t\u00e9o \u00e0 Bordeaux demain Les nuages se dissiperont ponctuellement. La temp\u00e9rature sera autour de 1\u00b0C. Une brise&hellip;\n","protected":false},"author":2,"featured_media":619336,"comment_status":"","ping_status":"","sticky":false,"template":"","format":"standard","meta":{"footnotes":""},"categories":[2817],"tags":[1111,11,1997,1777,674,1011,27,12,2219,25],"class_list":{"0":"post-619335","1":"post","2":"type-post","3":"status-publish","4":"format-standard","5":"has-post-thumbnail","7":"category-bordeaux","8":"tag-actu","9":"tag-actualites","10":"tag-bordeaux","11":"tag-eu","12":"tag-europe","13":"tag-fr","14":"tag-france","15":"tag-news","16":"tag-nouvelle-aquitaine","17":"tag-republique-francaise"},"share_on_mastodon":{"url":"https:\/\/pubeurope.com\/@fr\/115772939516440658","error":""},"_links":{"self":[{"href":"https:\/\/www.europesays.com\/fr\/wp-json\/wp\/v2\/posts\/619335","targetHints":{"allow":["GET"]}}],"collection":[{"href":"https:\/\/www.europesays.com\/fr\/wp-json\/wp\/v2\/posts"}],"about":[{"href":"https:\/\/www.europesays.com\/fr\/wp-json\/wp\/v2\/types\/post"}],"author":[{"embeddable":true,"href":"https:\/\/www.europesays.com\/fr\/wp-json\/wp\/v2\/users\/2"}],"replies":[{"embeddable":true,"href":"https:\/\/www.europesays.com\/fr\/wp-json\/wp\/v2\/comments?post=619335"}],"version-history":[{"count":0,"href":"https:\/\/www.europesays.com\/fr\/wp-json\/wp\/v2\/posts\/619335\/revisions"}],"wp:featuredmedia":[{"embeddable":true,"href":"https:\/\/www.europesays.com\/fr\/wp-json\/wp\/v2\/media\/619336"}],"wp:attachment":[{"href":"https:\/\/www.europesays.com\/fr\/wp-json\/wp\/v2\/media?parent=619335"}],"wp:term":[{"taxonomy":"category","embeddable":true,"href":"https:\/\/www.europesays.com\/fr\/wp-json\/wp\/v2\/categories?post=619335"},{"taxonomy":"post_tag","embeddable":true,"href":"https:\/\/www.europesays.com\/fr\/wp-json\/wp\/v2\/tags?post=619335"}],"curies":[{"name":"wp","href":"https:\/\/api.w.org\/{rel}","templated":true}]}}