{"id":619337,"date":"2025-12-24T05:40:15","date_gmt":"2025-12-24T05:40:15","guid":{"rendered":"https:\/\/www.europesays.com\/fr\/619337\/"},"modified":"2025-12-24T05:40:15","modified_gmt":"2025-12-24T05:40:15","slug":"previsions-du-mercredi-24-decembre-2025-4","status":"publish","type":"post","link":"https:\/\/www.europesays.com\/fr\/619337\/","title":{"rendered":"pr\u00e9visions du mercredi 24 d\u00e9cembre 2025"},"content":{"rendered":"<p>\u00c0 Bordeaux, les maximales atteindront les 7\u00b0C dans la journ\u00e9e tandis que les minimales seront de 2\u00b0C : un temps de saison. Petits et grands pourront appr\u00e9cier leur matin\u00e9e sous un ciel un peu nuageux. Il fera 4\u00b0C en moyenne. Un vent de nord rafra\u00eechira l\u00e9g\u00e8rement l&rsquo;atmosph\u00e8re. L&rsquo;apr\u00e8s-midi qui s&rsquo;annonce, promet d&rsquo;\u00eatre beau et ensoleill\u00e9 ! Les valeurs s&rsquo;\u00e9chelonneront entre 4 et 7\u00b0C, un temps r\u00e9solument de saison. Un vent de nord-est, enregistrant 21 km\/h, soufflera. La ville aura quelques \u00e9claircies le soir. On pr\u00e9voit des temp\u00e9ratures d&rsquo;environ 3\u00b0C. Un ciel limpide est \u00e0 pr\u00e9voir dans la nuit entre mercredi et jeudi.<\/p>\n<p>Le ciel de Bordeaux sera assez lumineux, avec quelques \u00e9claircies demain. Une baisse des temp\u00e9ratures est attendue rappelant l&rsquo;hiver aux bons souvenirs des habitants. Le thermom\u00e8tre affichera 1\u00b0C en moyenne. Les Bordelais vont avoir froid le matin : les temp\u00e9ratures ne vont pas d\u00e9passer 2\u00b0C. Il va faire environ -1\u00b0C. Un petit vent de nord-est sera ressenti par les habitants. Les temp\u00e9ratures vont conna\u00eetre une hausse de quelques degr\u00e9s durant l&rsquo;apr\u00e8s-midi. L&rsquo;hiver se fait sentir : les valeurs afficheront entre 1 et 4\u00b0C. Demain soir, on verra l&rsquo;apparition de nuages. Les temp\u00e9ratures avoisineront les 2\u00b0C. Une l\u00e9g\u00e8re brise d&rsquo;est soufflera.<\/p>\n<p>Le temps restera stable les jours \u00e0 venir. Il va faire un temps relativement ensoleill\u00e9 avec des temp\u00e9ratures avoisinant 2\u00b0C.<\/p>\n<p><\/p>\n","protected":false},"excerpt":{"rendered":"\u00c0 Bordeaux, les maximales atteindront les 7\u00b0C dans la journ\u00e9e tandis que les minimales seront de 2\u00b0C :&hellip;\n","protected":false},"author":2,"featured_media":619338,"comment_status":"","ping_status":"","sticky":false,"template":"","format":"standard","meta":{"footnotes":""},"categories":[2817],"tags":[1111,11,1997,1777,674,1011,27,12,2219,2119,25],"class_list":{"0":"post-619337","1":"post","2":"type-post","3":"status-publish","4":"format-standard","5":"has-post-thumbnail","7":"category-bordeaux","8":"tag-actu","9":"tag-actualites","10":"tag-bordeaux","11":"tag-eu","12":"tag-europe","13":"tag-fr","14":"tag-france","15":"tag-news","16":"tag-nouvelle-aquitaine","17":"tag-previsions-meteo","18":"tag-republique-francaise"},"share_on_mastodon":{"url":"https:\/\/pubeurope.com\/@fr\/115772943499641426","error":""},"_links":{"self":[{"href":"https:\/\/www.europesays.com\/fr\/wp-json\/wp\/v2\/posts\/619337","targetHints":{"allow":["GET"]}}],"collection":[{"href":"https:\/\/www.europesays.com\/fr\/wp-json\/wp\/v2\/posts"}],"about":[{"href":"https:\/\/www.europesays.com\/fr\/wp-json\/wp\/v2\/types\/post"}],"author":[{"embeddable":true,"href":"https:\/\/www.europesays.com\/fr\/wp-json\/wp\/v2\/users\/2"}],"replies":[{"embeddable":true,"href":"https:\/\/www.europesays.com\/fr\/wp-json\/wp\/v2\/comments?post=619337"}],"version-history":[{"count":0,"href":"https:\/\/www.europesays.com\/fr\/wp-json\/wp\/v2\/posts\/619337\/revisions"}],"wp:featuredmedia":[{"embeddable":true,"href":"https:\/\/www.europesays.com\/fr\/wp-json\/wp\/v2\/media\/619338"}],"wp:attachment":[{"href":"https:\/\/www.europesays.com\/fr\/wp-json\/wp\/v2\/media?parent=619337"}],"wp:term":[{"taxonomy":"category","embeddable":true,"href":"https:\/\/www.europesays.com\/fr\/wp-json\/wp\/v2\/categories?post=619337"},{"taxonomy":"post_tag","embeddable":true,"href":"https:\/\/www.europesays.com\/fr\/wp-json\/wp\/v2\/tags?post=619337"}],"curies":[{"name":"wp","href":"https:\/\/api.w.org\/{rel}","templated":true}]}}