{"id":619343,"date":"2025-12-24T05:43:13","date_gmt":"2025-12-24T05:43:13","guid":{"rendered":"https:\/\/www.europesays.com\/fr\/619343\/"},"modified":"2025-12-24T05:43:13","modified_gmt":"2025-12-24T05:43:13","slug":"les-reveillons-solidaires-sont-lances","status":"publish","type":"post","link":"https:\/\/www.europesays.com\/fr\/619343\/","title":{"rendered":"les r\u00e9veillons solidaires sont lanc\u00e9s"},"content":{"rendered":"<p>                    Par<br \/>\n        <strong><br \/>\n            <a href=\"https:\/\/actu.fr\/auteur\/amandine-vachez\" title=\"Consulter tous les articles de Amandine Vachez\" target=\"_blank\" rel=\"noopener\">Amandine Vachez<\/a><br \/>\n                    <\/strong><\/p>\n<p>        Publi\u00e9 le<\/p>\n<p>            24 d\u00e9c. 2025 \u00e0 6h30        <\/p>\n<p>Avec les f\u00eates de fin d\u2019ann\u00e9e, beaucoup se retrouvent en <a href=\"https:\/\/actu.fr\/tag\/famille\" target=\"_blank\" rel=\"noopener\">famille<\/a> pour partager un moment convivial. Mais certains sont seuls. Et la <b>Ville de Lille<\/b> (Nord) propose aux<b> personnes les plus isol\u00e9es<\/b> de partager un <b>moment convivial<\/b>. Le premier des trois<b> r\u00e9veillons solidaires<\/b> s\u2019est tenu avec<b> une centaine de seniors <\/b>venus de divers quartiers de la commune, au Gymnase.<b> Tenues et repas de f\u00eate<\/b>, et surtout <b>ambiance conviviale<\/b> \u00e9taient au rendez-vous du <b>vendredi 19\u00a0d\u00e9cembre 2025 \u00e0 midi<\/b>, pour le plus grand bonheur des b\u00e9n\u00e9ficiaires.<\/p>\n<p>Haie d\u2019honneur, chapeaux de No\u00ebl et ap\u00e9ritif festif\u2009: une recette \u00e0 succ\u00e8s<\/p>\n<p class=\" wall-content\">Ce vendredi \u00e0 midi, une haie d\u2019honneur attendait les invit\u00e9s au repas de No\u00ebl solidaire de la Ville de Lille. Des salari\u00e9s du CCAS, services civiques et b\u00e9n\u00e9voles tapaient des mains et accueillaient avec un large sourire les personnes venues pour partager un moment de convivialit\u00e9. Chacun avec un chapeau rouge et blanc sur la t\u00eate, ils ont fait sourire les arrivants.<\/p>\n<p class=\" wall-content\">Au total,<b> 20 tables \u00e9taient dress\u00e9es<\/b>. Tout a \u00e9t\u00e9 soigneusement pr\u00e9par\u00e9 sur des semaines pour accueillir <b>environ 140 convives<\/b>, nous a indiqu\u00e9 Guillaume Lebon, du CLIC, Centre Local d\u2019Information et de Coordination, du\u00a0CCAS. Il explique\u2009: \u00ab\u2009Ce r\u00e9veillon solidaire est <b>\u00e0 destination des seniors isol\u00e9s ou en pr\u00e9carit\u00e9. <\/b>Nous les identifions, aux services de la Ville, et leur proposons de participer \u00e0 cet apr\u00e8s-midi festif.\u2009\u00bb Un repas complet et des animations dans une ambiance de No\u00ebl jusqu\u2019\u00e0 16\u2009h attendaient les participants, dont certains ont \u00e9t\u00e9 d\u00e9pos\u00e9s par les agents de la municipalit\u00e9. Des personnes venues de tous les quartiers de la ville se sont donc attabl\u00e9es pour partager un moment convivial, avec des mets confectionn\u00e9s dans les cuisines de la municipalit\u00e9.<\/p>\n<p class=\" wall-content\">Certains ont profit\u00e9 de l\u2019ap\u00e9ritif, en musique, alors que d\u2019autres ont rapidement investi la large piste de danse. Arriv\u00e9 peu apr\u00e8s midi, le maire Arnaud Deslandes a salu\u00e9 les personnes pr\u00e9sentes, dont il en connaissait beaucoup personnellement.<\/p>\n<blockquote class=\"ac-article-quote wall-content\">\n<p>On est l\u00e0 pour vous, on essaie, en ces temps difficiles, d\u2019avoir encore ces moments de solidarit\u00e9, tous ensemble.<\/p>\n<p>Arnaud Deslandes, maire de Lille.<\/p><\/blockquote>\n<p>    <img   decoding=\"async\" loading=\"lazy\" class=\"size-large\" src=\"https:\/\/www.europesays.com\/fr\/wp-content\/uploads\/2025\/12\/e652def27a4960392def27a49e4a2dv-960x640.jpg\" alt=\"cc\" width=\"960\" height=\"640\"\/><br \/>\n    Le maire Arnaud Deslandes a \u00e9t\u00e9, comme toutes les personnes invit\u00e9es, accueilli par une haie d\u2019honneur. \u00a9Amandine VachezDes chansons \u00ab\u2009pour gincher\u2009\u00bb<\/p>\n<p class=\" wall-content\">Pendant que les b\u00e9n\u00e9voles servaient l\u2019ap\u00e9ritif, les musiciens, Sam, Fran\u00e7ois et Virginie, se sont charg\u00e9s de mettre l\u2019ambiance. \u00ab\u2009L., si for the way you look at me\u2026\u2009\u00bb Les premiers pas de danse ont rapidement commenc\u00e9, alors que des cahiers de chansons \u00e9taient distribu\u00e9s pour donner le choix des invit\u00e9s sur la programmation. \u00ab\u2009Dites-nous quelles chansons vous avez envie d\u2019\u00e9couter pour \u2018gincher\u2019\u00bb, a-t-on pu entendre au micro, alors qu\u2019un magicien se chargeait de faire des tours, de table en table en attendant l\u2019entr\u00e9e.<\/p>\n<p>Votre r\u00e9gion, votre actu !<\/p>\n<p>Recevez chaque jour les infos qui comptent pour vous.<\/p>\n<p>\t<a href=\"https:\/\/actu.fr\/newsletter\" class=\"ac-btn ac-btn--corner ac-btn--medium ac-btn--blue800\" target=\"_blank\" rel=\"noopener\">S&rsquo;incrire<\/a><\/p>\n<p class=\" wall-content\">Pour Aurore, venue de Vauban-Esquermes, ce r\u00e9veillon est une respiration. \u00ab<b>\u2009\u00c7a me permet de sortir, de m\u2019habiller un peu, de profiter de la musique<\/b>. Quand vous \u00eates seule chez vous, les soir\u00e9es sont longues. Je sais que ce moment va me faire du bien\u2009\u00bb, nous a-t-elle confi\u00e9.<\/p>\n<p>    <img   decoding=\"async\" loading=\"lazy\" class=\"size-large\" src=\"https:\/\/www.europesays.com\/fr\/wp-content\/uploads\/2025\/12\/2c02eef27a4966012eef27a491412ev-960x640.jpg\" alt=\"cc\" width=\"960\" height=\"640\"\/><br \/>\n    Willy se charge de servir l\u2019ap\u00e9ro, avec sourire et entrain de table en table. \u00a9Amandine VachezApporter son soutien pendant les f\u00eates<\/p>\n<p class=\" wall-content\">Ce midi-l\u00e0, elle \u00e9tait assise aux c\u00f4t\u00e9s de trois autres femmes, qui n\u2019en sont pas \u00e0 leur premier r\u00e9veillon. Khadidja souhaite remercier chaleureusement la mairie et ses \u00e9quipes, pour ces r\u00e9veillons. \u00ab\u2009Ils s\u2019occupent de nous, ils ne nous oublient pas. Vous savez, <b>No\u00ebl c\u2019est une belle f\u00eate, quand on a les enfants qui sont l\u00e0. Mais quand on se retrouve seul, c\u2019est autre chose.<\/b>\u2009\u00bb \u00c9velyne, de son c\u00f4t\u00e9, profite des animations organis\u00e9es par la Ville d\u00e8s qu\u2019elle le peut. Elle est une <a href=\"https:\/\/actu.fr\/hauts-de-france\/lille_59350\/les-espaces-seniors-a-lille-ces-lieux-ouverts-tous-les-jours-pour-se-reunir-et-profiter-danimations_62916157.html\" target=\"_blank\" rel=\"noopener\">habitu\u00e9e de l\u2019espace senior<\/a>. \u00ab\u2009Je vais aussi tout le temps aux bals \u00e0 Fives. On s\u2019y retrouve\u2009\u00bb, souligne-t-elle, montrant Khadidja et son autre voisine.<\/p>\n<p class=\" wall-content\">Pour Willy, b\u00e9n\u00e9vole crois\u00e9 pr\u00e8s du buffet froid en cours d\u2019installation, ce r\u00e9veillon n\u2019est pas une premi\u00e8re. Il r\u00e9pond pr\u00e9sent pour les r\u00e9veillons solidaires depuis 5\u00a0ans, et met tout son c\u0153ur \u00e0 mettre \u00e0 l\u2019aise les participants. \u00ab\u2009Je veux simplement apporter mon soutien pendant les f\u00eates. <b>Le temps de ce moment partag\u00e9, les gens sont heureux<\/b>.\u2009\u00bb Tout simplement.<\/p>\n<p class=\" wall-content\">Personnalisez votre actualit\u00e9 en ajoutant vos villes et m\u00e9dias en favori avec <a href=\"https:\/\/moncompte.actu.fr\" title=\"D\u00e9couvez Mon Actu\" rel=\"nofollow noopener\" data-trk=\"{&quot;cta&quot;:{&quot;action&quot;:&quot;https:\\\/\\\/moncompte.actu.fr&quot;,&quot;category&quot;:&quot;mon compte&quot;,&quot;from&quot;:&quot;article footer&quot;,&quot;name&quot;:&quot;Mon actu&quot;,&quot;type&quot;:&quot;cta&quot;}}\" target=\"_blank\">Mon Actu<\/a>.<\/p>\n","protected":false},"excerpt":{"rendered":"Par Amandine Vachez Publi\u00e9 le 24 d\u00e9c. 2025 \u00e0 6h30 Avec les f\u00eates de fin d\u2019ann\u00e9e, beaucoup se&hellip;\n","protected":false},"author":2,"featured_media":619344,"comment_status":"","ping_status":"","sticky":false,"template":"","format":"standard","meta":{"footnotes":""},"categories":[2815],"tags":[1111,11,1777,674,1011,27,811,1307,12,15830,25,3552,104,3400],"class_list":{"0":"post-619343","1":"post","2":"type-post","3":"status-publish","4":"format-standard","5":"has-post-thumbnail","7":"category-lille","8":"tag-actu","9":"tag-actualites","10":"tag-eu","11":"tag-europe","12":"tag-fr","13":"tag-france","14":"tag-hauts-de-france","15":"tag-lille","16":"tag-news","17":"tag-noel","18":"tag-republique-francaise","19":"tag-seniors","20":"tag-societe","21":"tag-solidarite"},"share_on_mastodon":{"url":"https:\/\/pubeurope.com\/@fr\/115772956630772684","error":""},"_links":{"self":[{"href":"https:\/\/www.europesays.com\/fr\/wp-json\/wp\/v2\/posts\/619343","targetHints":{"allow":["GET"]}}],"collection":[{"href":"https:\/\/www.europesays.com\/fr\/wp-json\/wp\/v2\/posts"}],"about":[{"href":"https:\/\/www.europesays.com\/fr\/wp-json\/wp\/v2\/types\/post"}],"author":[{"embeddable":true,"href":"https:\/\/www.europesays.com\/fr\/wp-json\/wp\/v2\/users\/2"}],"replies":[{"embeddable":true,"href":"https:\/\/www.europesays.com\/fr\/wp-json\/wp\/v2\/comments?post=619343"}],"version-history":[{"count":0,"href":"https:\/\/www.europesays.com\/fr\/wp-json\/wp\/v2\/posts\/619343\/revisions"}],"wp:featuredmedia":[{"embeddable":true,"href":"https:\/\/www.europesays.com\/fr\/wp-json\/wp\/v2\/media\/619344"}],"wp:attachment":[{"href":"https:\/\/www.europesays.com\/fr\/wp-json\/wp\/v2\/media?parent=619343"}],"wp:term":[{"taxonomy":"category","embeddable":true,"href":"https:\/\/www.europesays.com\/fr\/wp-json\/wp\/v2\/categories?post=619343"},{"taxonomy":"post_tag","embeddable":true,"href":"https:\/\/www.europesays.com\/fr\/wp-json\/wp\/v2\/tags?post=619343"}],"curies":[{"name":"wp","href":"https:\/\/api.w.org\/{rel}","templated":true}]}}