{"id":619345,"date":"2025-12-24T05:44:39","date_gmt":"2025-12-24T05:44:39","guid":{"rendered":"https:\/\/www.europesays.com\/fr\/619345\/"},"modified":"2025-12-24T05:44:39","modified_gmt":"2025-12-24T05:44:39","slug":"un-second-showroom-archea-voit-le-jour-dans-la-metropole-lilloise","status":"publish","type":"post","link":"https:\/\/www.europesays.com\/fr\/619345\/","title":{"rendered":"Un second showroom Archea voit le jour dans la m\u00e9tropole lilloise"},"content":{"rendered":"<p><strong>Archea renforce sa pr\u00e9sence dans la m\u00e9tropole lilloise avec l\u2019ouverture, le 9 d\u00e9cembre dernier, d\u2019un showroom de 85\u00a0m2\u00a0\u00e0 Lille Lambersart, dirig\u00e9 par Caroline Danel. D\u00e9j\u00e0 implant\u00e9e \u00e0 Wasquehal depuis 2020, l\u2019enseigne poursuit ainsi son d\u00e9veloppement r\u00e9gional avec un second point de vente destin\u00e9 \u00e0 une client\u00e8le locale compl\u00e9mentaire.<\/strong><\/p>\n<p>D\u00e9j\u00e0 implant\u00e9e \u00e0 Wasquehal\u00a0(59) depuis janvier 2020, Archea, l\u2019enseigne sp\u00e9cialis\u00e9e dans l\u2019am\u00e9nagement int\u00e9rieur sur mesure, renforce sa pr\u00e9sence dans la m\u00e9tropole lilloise. Le 9 d\u00e9cembre dernier en effet, Caroline Danel (notre photo) a pris la t\u00eate d\u2019un showroom flambant neuf \u00e0 Lille Lambersart.<\/p>\n<p>La g\u00e9rante de ce nouveau magasin conna\u00eet d\u00e9j\u00e0 bien le r\u00e9seau Archea, puisque son mari travaille depuis plus de trente ans comme responsable grands comptes chez LMC, fournisseur historique d\u2019Archea en quincaillerie. Une proximit\u00e9 qui l\u2019a immerg\u00e9e depuis longtemps dans l\u2019univers de l\u2019am\u00e9nagement int\u00e9rieur. Apr\u00e8s une premi\u00e8re carri\u00e8re dans la gestion de patrimoine pour une client\u00e8le haut de gamme, elle choisit en 2024 de se r\u00e9orienter vers le design et la d\u00e9coration d\u2019int\u00e9rieur et entame une formation sp\u00e9cialis\u00e9e avec l\u2019ambition d\u2019ouvrir son propre magasin Archea, projet d\u00e9sormais concr\u00e9tis\u00e9.<\/p>\n<p>\u00ab\u00a0En rejoignant le r\u00e9seau Archea, explique l\u2019entrepreneuse,\u00a0j\u2019ai trouv\u00e9 une franchise dont je partage profond\u00e9ment les valeurs\u00a0: fabrication fran\u00e7aise, circuits courts, exigence de qualit\u00e9 et respect du client. L\u2019enseigne b\u00e9n\u00e9ficie de quarante ans d\u2019existence et cela se ressent dans la solidit\u00e9 du concept comme dans l\u2019accompagnement. J\u2019ai d\u00e9couvert une v\u00e9ritable solidarit\u00e9 entre les magasins, et la t\u00eate de r\u00e9seau m\u2019a soutenue d\u00e8s le d\u00e9but, notamment gr\u00e2ce \u00e0 une formation qui m\u2019a permis d\u2019aborder cette ouverture avec s\u00e9r\u00e9nit\u00e9\u00a0\u00bb.<\/p>\n<p>Comme dit plus haut, avec cette inauguration, l\u2019enseigne sp\u00e9cialis\u00e9e dans l\u2019am\u00e9nagement int\u00e9rieur sur mesure, d\u00e9j\u00e0 pr\u00e9sente \u00e0 Wasquehal, poursuit son d\u00e9veloppement dans les Hauts-de-France. Install\u00e9 au 272 rue de Lille, dans le quartier recherch\u00e9 du Canon d\u2019Or, ce point de vente de 85\u00a0m2\u00a0vient renforcer la visibilit\u00e9 d\u2019Archea sur cette zone et entend bien r\u00e9pondre aux besoins d\u2019une client\u00e8le locale, compl\u00e9mentaire \u00e0 celle du premier point de vente.<\/p>\n<p>\u00ab\u00a0Pens\u00e9 comme un v\u00e9ritable espace d\u2019inspiration, explique la direction de l\u2019enseigne,\u00a0ce showroom met en avant diff\u00e9rents univers de la marque\u00a0: un home cin\u00e9ma, un espace biblioth\u00e8que, une chambre parentale, ainsi que des mises en sc\u00e8ne d\u00e9coratives repr\u00e9sentatives du savoir-faire Archea\u00a0\u00bb. Pour accompagner le d\u00e9veloppement du magasin, Caroline Danel s\u2019est entour\u00e9e d\u2019un menuisier poseur et d\u2019une alternante en \u201cBachelor Design\u201d, tandis qu\u2019elle se consacre elle-m\u00eame \u00e0 la conception des projets d\u2019am\u00e9nagement\/agencement et \u00e0 l\u2019accompagnement de la client\u00e8le.<\/p>\n","protected":false},"excerpt":{"rendered":"Archea renforce sa pr\u00e9sence dans la m\u00e9tropole lilloise avec l\u2019ouverture, le 9 d\u00e9cembre dernier, d\u2019un showroom de 85\u00a0m2\u00a0\u00e0&hellip;\n","protected":false},"author":2,"featured_media":619346,"comment_status":"","ping_status":"","sticky":false,"template":"","format":"standard","meta":{"footnotes":""},"categories":[2815],"tags":[328,1111,11,1777,674,1011,27,811,1307,12,25],"class_list":{"0":"post-619345","1":"post","2":"type-post","3":"status-publish","4":"format-standard","5":"has-post-thumbnail","7":"category-lille","8":"tag-a-la-une","9":"tag-actu","10":"tag-actualites","11":"tag-eu","12":"tag-europe","13":"tag-fr","14":"tag-france","15":"tag-hauts-de-france","16":"tag-lille","17":"tag-news","18":"tag-republique-francaise"},"share_on_mastodon":{"url":"https:\/\/pubeurope.com\/@fr\/115772959342051145","error":""},"_links":{"self":[{"href":"https:\/\/www.europesays.com\/fr\/wp-json\/wp\/v2\/posts\/619345","targetHints":{"allow":["GET"]}}],"collection":[{"href":"https:\/\/www.europesays.com\/fr\/wp-json\/wp\/v2\/posts"}],"about":[{"href":"https:\/\/www.europesays.com\/fr\/wp-json\/wp\/v2\/types\/post"}],"author":[{"embeddable":true,"href":"https:\/\/www.europesays.com\/fr\/wp-json\/wp\/v2\/users\/2"}],"replies":[{"embeddable":true,"href":"https:\/\/www.europesays.com\/fr\/wp-json\/wp\/v2\/comments?post=619345"}],"version-history":[{"count":0,"href":"https:\/\/www.europesays.com\/fr\/wp-json\/wp\/v2\/posts\/619345\/revisions"}],"wp:featuredmedia":[{"embeddable":true,"href":"https:\/\/www.europesays.com\/fr\/wp-json\/wp\/v2\/media\/619346"}],"wp:attachment":[{"href":"https:\/\/www.europesays.com\/fr\/wp-json\/wp\/v2\/media?parent=619345"}],"wp:term":[{"taxonomy":"category","embeddable":true,"href":"https:\/\/www.europesays.com\/fr\/wp-json\/wp\/v2\/categories?post=619345"},{"taxonomy":"post_tag","embeddable":true,"href":"https:\/\/www.europesays.com\/fr\/wp-json\/wp\/v2\/tags?post=619345"}],"curies":[{"name":"wp","href":"https:\/\/api.w.org\/{rel}","templated":true}]}}