{"id":61935,"date":"2025-04-29T13:53:10","date_gmt":"2025-04-29T13:53:10","guid":{"rendered":"https:\/\/www.europesays.com\/fr\/61935\/"},"modified":"2025-04-29T13:53:10","modified_gmt":"2025-04-29T13:53:10","slug":"citroen-devoile-un-nouveau-modele-electrique-produit-en-france-avec-une-autonomie-record","status":"publish","type":"post","link":"https:\/\/www.europesays.com\/fr\/61935\/","title":{"rendered":"Citro\u00ebn d\u00e9voile un nouveau mod\u00e8le \u00e9lectrique produit en France avec une autonomie record"},"content":{"rendered":"<p class=\"article-p mdl\">Stellantis a d\u00e9voil\u00e9 ce mardi 29 avril sa nouvelle C5 Aircross, <strong>produite dans l&rsquo;ouest de la France<\/strong>, \u00e0 Rennes.\u00a0Le nouveau SUV de Citro\u00ebn, disponible en version \u00e9lectrique, pr\u00e9sente <strong>une autonomie record<\/strong>.<\/p>\n<p class=\"article-p mdl\">Avec ses 680 km d&rsquo;autonomie, <strong>ce SUV est l&rsquo;un des plus endurants du march\u00e9<\/strong>.\u00a0\u00ab\u00a0On arrive \u00e0 avoir cette autonomie avec des batteries fabriqu\u00e9es en France, de tr\u00e8s grande taille, mais qui se rechargeront tr\u00e8s vite. On a franchi un seuil puisqu&rsquo;on pourra faire un Paris-Nice en s&rsquo;arr\u00eatant uniquement deux fois\u00a0\u00bb,\u00a0estime le patron de Citro\u00ebn,\u00a0<a class=\"link\" href=\"https:\/\/www.rtl.fr\/actu\/economie-consommation\/invite-rtl-airbags-defectueux-le-risque-existe-mais-il-est-tres-faible-le-patron-de-citroen-s-explique-7900394534\" target=\"_blank\" rel=\"noopener\">Thierry Koskas<\/a>, au micro de RTL.\u00a0\u00a0<\/p>\n<p class=\"article-p mdl\">Une version hybride et\u00a0<a class=\"link\" href=\"https:\/\/www.rtl.fr\/actu\/economie-consommation\/auto-etes-vous-tente-par-l-hybride-7900415185\" target=\"_blank\" rel=\"noopener\">hybride rechargeable<\/a>\u00a0avec jusqu&rsquo;\u00e0 85 km en mode tout \u00e9lectrique sera aussi commercialis\u00e9e. Au total, <strong>160 millions d&rsquo;euros ont \u00e9t\u00e9 investis dans l&rsquo;usine bretonne<\/strong>.\u00a0\u00ab\u00a0Les pi\u00e8ces suppl\u00e9mentaires qui \u00e9taient achet\u00e9es, <strong>notamment celles en plastique<\/strong> que vous voyez dans la voiture, seront faites directement par les op\u00e9rateurs de l&rsquo;usine \u00e0 Rennes\u00a0\u00bb, ajoute\u00a0Thierry Koskas.<\/p>\n<p class=\"article-p mdl\">Le mod\u00e8le sera lanc\u00e9 avant l&rsquo;\u00e9t\u00e9 avec un tarif qui devrait \u00eatre fix\u00e9, selon les informations de RTL, <strong>\u00e0 partir de 35.000 euros<\/strong>.\u00a0<\/p>\n<p>    La r\u00e9daction vous recommande<\/p>\n<p class=\"s-newsletter__title\">\n                L\u2019actualit\u00e9 par la r\u00e9daction de RTL dans votre bo\u00eete mail.\n            <\/p>\n<p class=\"s-newsletter__subtitle\">\n                Gr\u00e2ce \u00e0 votre compte RTL abonnez-vous \u00e0 la newsletter RTL info pour suivre toute l&rsquo;actualit\u00e9 au quotidien\n            <\/p>\n<p>\n                                    Lire la suite\n                                <\/p>\n","protected":false},"excerpt":{"rendered":"Stellantis a d\u00e9voil\u00e9 ce mardi 29 avril sa nouvelle C5 Aircross, produite dans l&rsquo;ouest de la France, \u00e0&hellip;\n","protected":false},"author":2,"featured_media":61936,"comment_status":"","ping_status":"","sticky":false,"template":"","format":"standard","meta":{"footnotes":""},"categories":[4],"tags":[11,1977,13643,7527,107,1011,27,12,25,321],"class_list":{"0":"post-61935","1":"post","2":"type-post","3":"status-publish","4":"format-standard","5":"has-post-thumbnail","7":"category-france","8":"tag-actualites","9":"tag-auto","10":"tag-autonomie","11":"tag-citroen","12":"tag-fil-info","13":"tag-fr","14":"tag-france","15":"tag-news","16":"tag-republique-francaise","17":"tag-voiture-electrique"},"share_on_mastodon":{"url":"https:\/\/pubeurope.com\/@fr\/114421589762411144","error":""},"_links":{"self":[{"href":"https:\/\/www.europesays.com\/fr\/wp-json\/wp\/v2\/posts\/61935","targetHints":{"allow":["GET"]}}],"collection":[{"href":"https:\/\/www.europesays.com\/fr\/wp-json\/wp\/v2\/posts"}],"about":[{"href":"https:\/\/www.europesays.com\/fr\/wp-json\/wp\/v2\/types\/post"}],"author":[{"embeddable":true,"href":"https:\/\/www.europesays.com\/fr\/wp-json\/wp\/v2\/users\/2"}],"replies":[{"embeddable":true,"href":"https:\/\/www.europesays.com\/fr\/wp-json\/wp\/v2\/comments?post=61935"}],"version-history":[{"count":0,"href":"https:\/\/www.europesays.com\/fr\/wp-json\/wp\/v2\/posts\/61935\/revisions"}],"wp:featuredmedia":[{"embeddable":true,"href":"https:\/\/www.europesays.com\/fr\/wp-json\/wp\/v2\/media\/61936"}],"wp:attachment":[{"href":"https:\/\/www.europesays.com\/fr\/wp-json\/wp\/v2\/media?parent=61935"}],"wp:term":[{"taxonomy":"category","embeddable":true,"href":"https:\/\/www.europesays.com\/fr\/wp-json\/wp\/v2\/categories?post=61935"},{"taxonomy":"post_tag","embeddable":true,"href":"https:\/\/www.europesays.com\/fr\/wp-json\/wp\/v2\/tags?post=61935"}],"curies":[{"name":"wp","href":"https:\/\/api.w.org\/{rel}","templated":true}]}}