{"id":619350,"date":"2025-12-24T05:48:09","date_gmt":"2025-12-24T05:48:09","guid":{"rendered":"https:\/\/www.europesays.com\/fr\/619350\/"},"modified":"2025-12-24T05:48:09","modified_gmt":"2025-12-24T05:48:09","slug":"lyon-action-nouvrira-pas-de-magasin-en-presquile-sa-place-grillee-par-une-grande-marque","status":"publish","type":"post","link":"https:\/\/www.europesays.com\/fr\/619350\/","title":{"rendered":"Lyon. Action n&rsquo;ouvrira pas de magasin en Presqu&rsquo;\u00eele, sa place grill\u00e9e par une grande marque"},"content":{"rendered":"<p>                    Par<br \/>\n        <strong><br \/>\n            <a href=\"https:\/\/actu.fr\/auteur\/ludivine-caporal\" title=\"Consulter tous les articles de Ludivine Caporal\" target=\"_blank\" rel=\"noopener\">Ludivine Caporal<\/a><br \/>\n                    <\/strong><\/p>\n<p>        Publi\u00e9 le<\/p>\n<p>            24 d\u00e9c. 2025 \u00e0 6h10        <\/p>\n<p><strong>INFO ACTU LYON.<\/strong> La grande cellule commerciale du 9 rue Grenette, pr\u00e9c\u00e9demment occup\u00e9e par <a href=\"https:\/\/actu.fr\/auvergne-rhone-alpes\/lyon_69123\/lyon-gifi-ferme-son-magasin-en-presqu-ile-coup-dur-pour-le-geant-de-la-deco_62464655.html\" target=\"_blank\" rel=\"noopener\">l\u2019enseigne de d\u00e9coration Gifi<\/a>, devrait bient\u00f4t \u00eatre de nouveau habit\u00e9e. Si la marque n\u00e9erlandaise Action avait un temps <a href=\"https:\/\/actu.fr\/auvergne-rhone-alpes\/lyon_69123\/lyon-plus-de-10-nouveaux-commerces-arrivent-en-centre-ville-et-d-autres-vont-suivre_62789582.html\" target=\"_blank\" rel=\"noopener\">\u00e9tait pressenti pour s\u2019y installer<\/a>, le projet aurait finalement \u00e9t\u00e9 avort\u00e9 au profit d\u2019une seconde offre plus all\u00e9chante : celle de <strong>Zara Home<\/strong>, d\u00e9j\u00e0 implant\u00e9e sur la Presqu\u2019\u00eele de <a href=\"https:\/\/actu.fr\/auvergne-rhone-alpes\/lyon_69123\" target=\"_blank\" rel=\"noopener\">Lyon<\/a>, rue de la R\u00e9publique.<\/p>\n<p>\u00ab\u00a0Zara Home s\u2019int\u00e9grera mieux \u00e0 cet endroit\u00a0\u00bb<\/p>\n<p class=\" wall-content\">\u00ab\u00a0Ce n\u2019\u00e9tait pas une question d\u2019argent, mais plut\u00f4t de typologie de magasins. Zara Home s\u2019int\u00e9grera mieux \u00e0 cet endroit\u00a0\u00bb, nous glisse une source proche du dossier.<\/p>\n<p class=\" wall-content\">Exit donc les articles pour la maison, les v\u00eatements et les jouets pas chers de chez Action et place \u00e0 des produits l\u00e9g\u00e8rement plus haut de gamme avec de la <strong>literie, du textile ou encore de la vaisselle<\/strong> de chez Zara Home.<\/p>\n<p class=\" wall-content\">Install\u00e9e d\u00e8s 2006 en France et d\u00e8s 2007 \u00e0 Lyon, cette grande cha\u00eene de magasins fait en fait partie du groupe espagnol Inditex (Zara, Pull &amp; Bear, Bershka, Stradivarius\u2026), un g\u00e9ant de la fast-fashion.<\/p>\n<p>    <a href=\"https:\/\/www.google.com\/maps\/embed?pb=!1m18!1m12!1m3!1d5566.771016592532!2d4.831087676619344!3d45.763463813421104!2m3!1f0!2f0!3f0!3m2!1i1024!2i768!4f13.1!3m3!1m2!1s0x47f4ea55f2510ee1%3A0x4ad598ade7be1e96!2s9%20Rue%20Grenette%2C%2069002%20Lyon!5e0!3m2!1sfr!2sfr!4v1766500360728!5m2!1sfr!2sfr\" title=\"Ouvrie le lien\" target=\"_blank\" rel=\"noopener\">Cliquez ici pour visualiser le contenu<\/a><\/p>\n<p>Une pr\u00e9sence renforc\u00e9e en centre-ville<\/p>\n<p class=\" wall-content\">Avec cette ouverture, la marque Zara renforcerait ainsi sa pr\u00e9sence de ce c\u00f4t\u00e9 de la <a href=\"https:\/\/actu.fr\/tag\/presqu-ile\" target=\"_blank\" rel=\"noopener\">Presqu\u2019\u00eele<\/a>, cette derni\u00e8re \u00e9tant d\u00e9j\u00e0 tr\u00e8s visible avec son \u00e9norme magasin au niveau de l\u2019intersection entre la rue Grenette et la rue Edouard-Herriot, \u00e0 quelques m\u00e8tres de l\u00e0.<\/p>\n<p class=\" wall-content\">Mais si le projet serait bien en phase de concr\u00e9tisation, <strong>rien n\u2019aurait encore \u00e9t\u00e9 d\u00e9finitivement sign\u00e9<\/strong> entre l\u2019agence immobili\u00e8re et le groupe Inditex, d\u2019apr\u00e8s notre interlocuteur.<\/p>\n<p>Votre r\u00e9gion, votre actu !<\/p>\n<p>Recevez chaque jour les infos qui comptent pour vous.<\/p>\n<p>\t<a href=\"https:\/\/actu.fr\/newsletter\" class=\"ac-btn ac-btn--corner ac-btn--medium ac-btn--blue800\" target=\"_blank\" rel=\"noopener\">S&rsquo;incrire<\/a><\/p>\n<p class=\" wall-content\">Quant \u00e0 Action, nous n\u2019avons pas pu obtenir de r\u00e9ponses \u00e0 nos questions aupr\u00e8s des services de communication. Difficile donc de savoir si l\u2019enseigne low-cost est en recherche, ou non, d\u2019un nouveau local pour conqu\u00e9rir le centre-ville de Lyon apr\u00e8s les 7e, 9e et,<a href=\"https:\/\/actu.fr\/auvergne-rhone-alpes\/lyon_69123\/lyon-un-magasin-action-va-ouvrir-dans-ce-quartier-a-la-place-de-netto_62693853.html\" target=\"_blank\" rel=\"noopener\"> bient\u00f4t, le 8e arrondissement.<\/a><\/p>\n<p class=\" wall-content\">Personnalisez votre actualit\u00e9 en ajoutant vos villes et m\u00e9dias en favori avec <a href=\"https:\/\/moncompte.actu.fr\" title=\"D\u00e9couvez Mon Actu\" rel=\"nofollow noopener\" data-trk=\"{&quot;cta&quot;:{&quot;action&quot;:&quot;https:\\\/\\\/moncompte.actu.fr&quot;,&quot;category&quot;:&quot;mon compte&quot;,&quot;from&quot;:&quot;article footer&quot;,&quot;name&quot;:&quot;Mon actu&quot;,&quot;type&quot;:&quot;cta&quot;}}\" target=\"_blank\">Mon Actu<\/a>.<\/p>\n","protected":false},"excerpt":{"rendered":"Par Ludivine Caporal Publi\u00e9 le 24 d\u00e9c. 2025 \u00e0 6h10 INFO ACTU LYON. La grande cellule commerciale du&hellip;\n","protected":false},"author":2,"featured_media":619351,"comment_status":"","ping_status":"","sticky":false,"template":"","format":"standard","meta":{"footnotes":""},"categories":[1889],"tags":[1111,11,2430,33,1777,674,1011,27,2075,2428,12,3147,2809,25],"class_list":{"0":"post-619350","1":"post","2":"type-post","3":"status-publish","4":"format-standard","5":"has-post-thumbnail","7":"category-lyon","8":"tag-actu","9":"tag-actualites","10":"tag-auvergne-rhone-alpes","11":"tag-economie","12":"tag-eu","13":"tag-europe","14":"tag-fr","15":"tag-france","16":"tag-gifi","17":"tag-lyon","18":"tag-news","19":"tag-nouveaux-commerces","20":"tag-presquile","21":"tag-republique-francaise"},"share_on_mastodon":{"url":"","error":""},"_links":{"self":[{"href":"https:\/\/www.europesays.com\/fr\/wp-json\/wp\/v2\/posts\/619350","targetHints":{"allow":["GET"]}}],"collection":[{"href":"https:\/\/www.europesays.com\/fr\/wp-json\/wp\/v2\/posts"}],"about":[{"href":"https:\/\/www.europesays.com\/fr\/wp-json\/wp\/v2\/types\/post"}],"author":[{"embeddable":true,"href":"https:\/\/www.europesays.com\/fr\/wp-json\/wp\/v2\/users\/2"}],"replies":[{"embeddable":true,"href":"https:\/\/www.europesays.com\/fr\/wp-json\/wp\/v2\/comments?post=619350"}],"version-history":[{"count":0,"href":"https:\/\/www.europesays.com\/fr\/wp-json\/wp\/v2\/posts\/619350\/revisions"}],"wp:featuredmedia":[{"embeddable":true,"href":"https:\/\/www.europesays.com\/fr\/wp-json\/wp\/v2\/media\/619351"}],"wp:attachment":[{"href":"https:\/\/www.europesays.com\/fr\/wp-json\/wp\/v2\/media?parent=619350"}],"wp:term":[{"taxonomy":"category","embeddable":true,"href":"https:\/\/www.europesays.com\/fr\/wp-json\/wp\/v2\/categories?post=619350"},{"taxonomy":"post_tag","embeddable":true,"href":"https:\/\/www.europesays.com\/fr\/wp-json\/wp\/v2\/tags?post=619350"}],"curies":[{"name":"wp","href":"https:\/\/api.w.org\/{rel}","templated":true}]}}