{"id":619356,"date":"2025-12-24T05:52:14","date_gmt":"2025-12-24T05:52:14","guid":{"rendered":"https:\/\/www.europesays.com\/fr\/619356\/"},"modified":"2025-12-24T05:52:14","modified_gmt":"2025-12-24T05:52:14","slug":"lukraine-perd-siversk-un-bastion-protegeant-le-dernier-quart-de-la-region-de-donetsk","status":"publish","type":"post","link":"https:\/\/www.europesays.com\/fr\/619356\/","title":{"rendered":"L\u2019Ukraine perd Siversk, un bastion prot\u00e9geant le dernier quart de la r\u00e9gion de Donetsk"},"content":{"rendered":"<p>                     <img loading=\"lazy\" decoding=\"async\" src=\"https:\/\/www.europesays.com\/fr\/wp-content\/uploads\/2025\/12\/1766555534_878_9aeddc5_ftp-1-9dowawolw6zw-a308cc79cd5b41b1b4700b899cf55e5c-0-2b65db2a58fd4ca6ba26d818df3c0cb8.jpg\" alt=\"Des soldats russes brandissent le drapeau de leur pays et celui de leur unit\u00e9, \u00e0 Siversk (Ukraine), le 11\u00a0d\u00e9cembre\u00a02025 (image extraite d\u2019une vid\u00e9o).\"   width=\"664\" height=\"443\"\/>    Des soldats russes brandissent le drapeau de leur pays et celui de leur unit\u00e9, \u00e0 Siversk (Ukraine), le 11\u00a0d\u00e9cembre\u00a02025 (image extraite d\u2019une vid\u00e9o).  SERVICE DE PRESSE DU MINIST\u00c8RE DE LA D\u00c9FENSE RUSSE\/AP                 <\/p>\n<p class=\"article__paragraph  \">L\u2019arm\u00e9e ukrainienne a indiqu\u00e9, le 23\u00a0d\u00e9cembre, s\u2019\u00eatre totalement retir\u00e9e de la ville de Siversk, qui constituait un verrou bloquant l\u2019avanc\u00e9e russe vers Sloviansk et Kramatorsk, la derni\u00e8re grande conurbation de <a href=\"https:\/\/www.lemonde.fr\/international\/article\/2025\/12\/10\/qu-est-ce-que-la-ceinture-fortifiee-de-l-oblast-de-donetsk_6656744_3210.html\" target=\"_blank\" rel=\"noopener\">la r\u00e9gion de Donetsk encore sous contr\u00f4le ukrainien<\/a>. Alors que l\u2019autre grande conurbation de Pokrovsk et Myrnohrad, au sud-est, est elle aussi sur le point de tomber, Sloviansk et Kramatorsk constituent, aujourd\u2019hui, <a href=\"https:\/\/www.lemonde.fr\/international\/article\/2025\/12\/10\/en-ukraine-la-cession-du-donbass-le-dilemme-de-zelensky_6656752_3210.html\" target=\"_blank\" rel=\"noopener\">les derni\u00e8res villes du Donbass<\/a> que la Russie n\u2019a pas ravag\u00e9es en quatre ann\u00e9es de guerre.<\/p>\n<p>                                   Lire aussi |  <a href=\"https:\/\/www.lemonde.fr\/international\/live\/2025\/12\/24\/en-direct-guerre-en-ukraine-volodymyr-zelensky-affirme-que-washington-reste-determine-a-parvenir-a-un-accord-de-paix_6658995_3210.html\" class=\"js-article-read-also catcher--favoris__link\" data-premium=\"\" id=\"article-title-3452072\" target=\"_blank\" rel=\"noopener\">EN DIRECT, guerre en Ukraine\u00a0: l\u2019arm\u00e9e ukrainienne conc\u00e8de \u00e0 l\u2019arm\u00e9e russe la\u00a0ville de\u00a0Siversk, dans l\u2019oblast de\u00a0Donetsk<\/a>    <\/p>\n<p>   Lire plus tard  <\/p>\n<p class=\"article__paragraph  \">La chute de Siversk, une petite ville qui comptait 11\u00a0000 habitants avant l\u2019invasion \u00e0 grande \u00e9chelle, survient apr\u00e8s plusieurs mois d\u2019intenses combats urbains. Il ne s\u2019agit ni d\u2019une surprise, ni d\u2019une acc\u00e9l\u00e9ration de l\u2019invasion russe, qui demeure laborieuse et tr\u00e8s co\u00fbteuse en hommes. Les Forces arm\u00e9es russes (FAR) ont mis trois\u00a0ans et demi pour progresser de 12 kilom\u00e8tres depuis la ville de Lyssytchansk (\u00e0 l\u2019est de Siversk), prise durant l\u2019\u00e9t\u00e9 2022.<\/p>\n<p class=\"article__paragraph  \">Vendant comme \u00e0 son habitude la peau de l\u2019ours avant de l\u2019avoir tu\u00e9, la Russie avait revendiqu\u00e9, d\u00e8s le 11\u00a0novembre, la conqu\u00eate de Siversk, ce qui avait \u00e9t\u00e9 aussit\u00f4t d\u00e9menti par l\u2019\u00e9tat-major ukrainien, qui contr\u00f4lait encore l\u2019ouest de la ville. \u00ab\u00a0L\u2019ennemi est capable de progresser constamment par petits groupes d\u2019infanterie. S\u2019il est pr\u00e9sent \u00e0 Siversk, la r\u00e9ponse est oui. Contr\u00f4le-t-il totalement la ville\u00a0? Non\u00a0\u00bb, indiquait, le 13\u00a0d\u00e9cembre, Dmytro Zaporozhets, porte-parole du 11\u1d49 corps d\u2019arm\u00e9e, engag\u00e9 dans la d\u00e9fense du secteur. Selon l\u2019\u00e9tat-major ukrainien, \u00ab\u00a0les envahisseurs ont pu progresser gr\u00e2ce \u00e0 un avantage num\u00e9rique significatif et \u00e0 la pression constante exerc\u00e9e par de petits groupes d\u2019assaut dans des conditions m\u00e9t\u00e9orologiques difficiles\u00a0\u00bb.<\/p>\n<p class=\"reading-mode-only \"><strong>Il vous reste 59.89% de cet article \u00e0 lire. La suite est r\u00e9serv\u00e9e aux abonn\u00e9s.<\/strong><\/p>\n","protected":false},"excerpt":{"rendered":"Des soldats russes brandissent le drapeau de leur pays et celui de leur unit\u00e9, \u00e0 Siversk (Ukraine), le&hellip;\n","protected":false},"author":2,"featured_media":619357,"comment_status":"","ping_status":"","sticky":false,"template":"","format":"standard","meta":{"footnotes":""},"categories":[1888],"tags":[1111,1928,11,1927,1777,674,1011,27,12,1926,626,1925,25],"class_list":{"0":"post-619356","1":"post","2":"type-post","3":"status-publish","4":"format-standard","5":"has-post-thumbnail","7":"category-paris","8":"tag-actu","9":"tag-actu-paris","10":"tag-actualites","11":"tag-actualites-paris","12":"tag-eu","13":"tag-europe","14":"tag-fr","15":"tag-france","16":"tag-news","17":"tag-news-paris","18":"tag-paris","19":"tag-paris-news","20":"tag-republique-francaise"},"share_on_mastodon":{"url":"https:\/\/pubeurope.com\/@fr\/115772991507880605","error":""},"_links":{"self":[{"href":"https:\/\/www.europesays.com\/fr\/wp-json\/wp\/v2\/posts\/619356","targetHints":{"allow":["GET"]}}],"collection":[{"href":"https:\/\/www.europesays.com\/fr\/wp-json\/wp\/v2\/posts"}],"about":[{"href":"https:\/\/www.europesays.com\/fr\/wp-json\/wp\/v2\/types\/post"}],"author":[{"embeddable":true,"href":"https:\/\/www.europesays.com\/fr\/wp-json\/wp\/v2\/users\/2"}],"replies":[{"embeddable":true,"href":"https:\/\/www.europesays.com\/fr\/wp-json\/wp\/v2\/comments?post=619356"}],"version-history":[{"count":0,"href":"https:\/\/www.europesays.com\/fr\/wp-json\/wp\/v2\/posts\/619356\/revisions"}],"wp:featuredmedia":[{"embeddable":true,"href":"https:\/\/www.europesays.com\/fr\/wp-json\/wp\/v2\/media\/619357"}],"wp:attachment":[{"href":"https:\/\/www.europesays.com\/fr\/wp-json\/wp\/v2\/media?parent=619356"}],"wp:term":[{"taxonomy":"category","embeddable":true,"href":"https:\/\/www.europesays.com\/fr\/wp-json\/wp\/v2\/categories?post=619356"},{"taxonomy":"post_tag","embeddable":true,"href":"https:\/\/www.europesays.com\/fr\/wp-json\/wp\/v2\/tags?post=619356"}],"curies":[{"name":"wp","href":"https:\/\/api.w.org\/{rel}","templated":true}]}}