{"id":619358,"date":"2025-12-24T05:53:18","date_gmt":"2025-12-24T05:53:18","guid":{"rendered":"https:\/\/www.europesays.com\/fr\/619358\/"},"modified":"2025-12-24T05:53:18","modified_gmt":"2025-12-24T05:53:18","slug":"previsions-du-mercredi-24-decembre-2025-5","status":"publish","type":"post","link":"https:\/\/www.europesays.com\/fr\/619358\/","title":{"rendered":"pr\u00e9visions du mercredi 24 d\u00e9cembre 2025"},"content":{"rendered":"<p>L&rsquo;hiver s&rsquo;est d\u00e9finitivement install\u00e9 \u00e0 Paris puisque les temp\u00e9ratures iront de 0 \u00e0 5\u00b0C sur l&rsquo;ensemble de la journ\u00e9e. Un vent de nord-est, atteignant 23 km\/h, soufflera. La ville aura quelques \u00e9claircies le matin. Les maximales atteindront les 4\u00b0C et les minimales seront de 2\u00b0C : un temps de saison. C&rsquo;est un soleil splendide qui va se montrer l&rsquo;apr\u00e8s-midi. L&rsquo;hiver sera bien l\u00e0 puisque les valeurs seront tout de m\u00eame de 1\u00b0C au plus bas et de 4\u00b0C au plus haut. Apr\u00e8s un court passage nuageux, on pr\u00e9voit une embellie pour cette soir\u00e9e. L&rsquo;hiver se fait sentir : les temp\u00e9ratures s&rsquo;\u00e9chelonneront entre 0 et 1\u00b0C. Durant la nuit de mercredi \u00e0 jeudi, le ciel sera l\u00e9g\u00e8rement voil\u00e9.<\/p>\n<p>Un beau soleil est pr\u00e9vu demain \u00e0 Paris. Une chute des temp\u00e9ratures est pr\u00e9vue rappelant l&rsquo;hiver aux bons souvenirs des habitants. Il va faire environ 2\u00b0C. Un l\u00e9ger vent de nord-est sera ressenti par les habitants. Les Parisiens vont avoir froid le matin : les temp\u00e9ratures ne vont pas d\u00e9passer 2\u00b0C. Les valeurs seront de 1\u00b0C. Les Parisiens vont avoir froid demain apr\u00e8s-midi : les temp\u00e9ratures ne vont pas d\u00e9passer 4\u00b0C. Les valeurs seront comprises entre 2 et 4\u00b0C, un temps vraiment de saison. La m\u00e9t\u00e9o devrait s&rsquo;am\u00e9liorer durant la soir\u00e9e. Il fera 1\u00b0C en moyenne.<\/p>\n<p>Pour les jours qui suivent, le temps ne changera pas. On s&rsquo;attend \u00e0 des journ\u00e9es ensoleill\u00e9es, accompagn\u00e9es par des temp\u00e9ratures dans les -1\u00b0C en moyenne.<\/p>\n<p><\/p>\n","protected":false},"excerpt":{"rendered":"L&rsquo;hiver s&rsquo;est d\u00e9finitivement install\u00e9 \u00e0 Paris puisque les temp\u00e9ratures iront de 0 \u00e0 5\u00b0C sur l&rsquo;ensemble de la&hellip;\n","protected":false},"author":2,"featured_media":619359,"comment_status":"","ping_status":"","sticky":false,"template":"","format":"standard","meta":{"footnotes":""},"categories":[1888],"tags":[1111,1928,11,1927,1777,674,1011,27,12,1926,626,1925,2119,25],"class_list":{"0":"post-619358","1":"post","2":"type-post","3":"status-publish","4":"format-standard","5":"has-post-thumbnail","7":"category-paris","8":"tag-actu","9":"tag-actu-paris","10":"tag-actualites","11":"tag-actualites-paris","12":"tag-eu","13":"tag-europe","14":"tag-fr","15":"tag-france","16":"tag-news","17":"tag-news-paris","18":"tag-paris","19":"tag-paris-news","20":"tag-previsions-meteo","21":"tag-republique-francaise"},"share_on_mastodon":{"url":"https:\/\/pubeurope.com\/@fr\/115772994649983954","error":""},"_links":{"self":[{"href":"https:\/\/www.europesays.com\/fr\/wp-json\/wp\/v2\/posts\/619358","targetHints":{"allow":["GET"]}}],"collection":[{"href":"https:\/\/www.europesays.com\/fr\/wp-json\/wp\/v2\/posts"}],"about":[{"href":"https:\/\/www.europesays.com\/fr\/wp-json\/wp\/v2\/types\/post"}],"author":[{"embeddable":true,"href":"https:\/\/www.europesays.com\/fr\/wp-json\/wp\/v2\/users\/2"}],"replies":[{"embeddable":true,"href":"https:\/\/www.europesays.com\/fr\/wp-json\/wp\/v2\/comments?post=619358"}],"version-history":[{"count":0,"href":"https:\/\/www.europesays.com\/fr\/wp-json\/wp\/v2\/posts\/619358\/revisions"}],"wp:featuredmedia":[{"embeddable":true,"href":"https:\/\/www.europesays.com\/fr\/wp-json\/wp\/v2\/media\/619359"}],"wp:attachment":[{"href":"https:\/\/www.europesays.com\/fr\/wp-json\/wp\/v2\/media?parent=619358"}],"wp:term":[{"taxonomy":"category","embeddable":true,"href":"https:\/\/www.europesays.com\/fr\/wp-json\/wp\/v2\/categories?post=619358"},{"taxonomy":"post_tag","embeddable":true,"href":"https:\/\/www.europesays.com\/fr\/wp-json\/wp\/v2\/tags?post=619358"}],"curies":[{"name":"wp","href":"https:\/\/api.w.org\/{rel}","templated":true}]}}