{"id":619360,"date":"2025-12-24T05:54:17","date_gmt":"2025-12-24T05:54:17","guid":{"rendered":"https:\/\/www.europesays.com\/fr\/619360\/"},"modified":"2025-12-24T05:54:17","modified_gmt":"2025-12-24T05:54:17","slug":"m-et-lamomali-a-laccor-arena-un-voyage-musical-sans-frontieres","status":"publish","type":"post","link":"https:\/\/www.europesays.com\/fr\/619360\/","title":{"rendered":"-M- et Lamomali \u00e0 l\u2019Accor Arena : un voyage musical sans fronti\u00e8res"},"content":{"rendered":"<p><strong>C\u2019est \u00e0 Paris que Matthieu Chedid, alias -M-, a cl\u00f4tur\u00e9 sa tourn\u00e9e \u201cTotem\u201d avec le <\/strong><strong>collectif franco-malien Lamomali. En 2017, ils nous avaient transport\u00e9s vers des <\/strong><strong>contr\u00e9es lumineuses ; cette ann\u00e9e, le spectacle nous a fait voyager encore plus loin vers la <\/strong><strong>terre rouge, vers une Afrique pleine d\u2019humanit\u00e9 o\u00f9 l\u2019amour et le partage r\u00e8gnent en <\/strong><strong>ma\u00eetres. Toutes les dates de la tourn\u00e9e de l\u2019album \u201cTotem\u201d ont affich\u00e9 complet, et nous <\/strong><strong>\u00e9tions pr\u00e9sents \u00e0 l\u2019Accor Arena ce 16 d\u00e9cembre 2025 pour vibrer au son de <\/strong><strong>l\u2019exceptionnel.<\/strong><\/p>\n<p>\u00c0 20h45, la sc\u00e9nographie se d\u00e9voile : un immense totem g\u00e9om\u00e9trique noir et jaune, dress\u00e9 au centre du d\u00e9cor, symbolise le lien entre la terre et le ciel. Matthieu Chedid et Fatoumata Diawara cr\u00e9ent la surprise en arrivant par le fond de la salle ; veste en tissu wax, jaune et bleu, r\u00e9hauss\u00e9 de paillettes pour lui, tenue africaine quasi royale pour elle. Le public, d\u00e9j\u00e0 en transe, les acclame sur les accords de Ama kora, alors qu\u2019ils traversent la fosse avant de rejoindre sur sc\u00e8ne les autres musiciens.<\/p>\n<p>Tout au long du show, nos oreilles se laissent porter par les vibrations de la kora, instrument traditionnel, et par celles de la guitare \u00e9lectrique, c\u00e9l\u00e9brant ainsi avec d\u00e9lice la rencontre des cultures, \u00e0 travers des titres du r\u00e9pertoire de Matthieu Chedid et des morceaux du collectif Lamomali. Parfois, des moments de recueillement ponctuent le spectacle, car Matthieu Chedid n\u2019oublie jamais les grands absents. L\u2019hommage \u00e0 Toumani Diabat\u00e9 (Bel ami), l\u2019un des plus grands joueurs de kora, disparu en 2024, est particuli\u00e8rement \u00e9mouvant.<\/p>\n<p>Lors des concerts de -M-, les initi\u00e9s attendent toujours les incontournables, comme son \u00e9tendard Je dis aime, \u00e9crit par sa grand-m\u00e8re, la po\u00e9tesse Andr\u00e9e Chedid. La chanson d\u00e9bute sur la voix cristalline de Lubiana en duo avec -M-, avant que celui-ci n\u2019\u00e9lectrise toute la salle. Une nouvelle salve de frissons nous saisit avec le sublime Manitoumani : son rythme commence lentement, puis s\u2019emballe pour annoncer une s\u00e9rie de titres survolt\u00e9s, interpr\u00e9t\u00e9s sans interruption. Au moment o\u00f9 Oxmo Puccino rejoint Matthieu Chedid sur sc\u00e8ne pour le Bal de Bamako, ce sont des hurlements jubilatoires qui accompagnent son arriv\u00e9e. Et \u00e0 la surprise g\u00e9n\u00e9rale, sur Machistador, l\u2019excitation culmine lorsque -M- s\u2019exclame : \u201c\u2026 j\u2019aimerais qu\u2019on appelle avec le c\u0153ur Mc Solaaaar !\u201d. Le rappeur surgit en scandant des paroles de \u201cQui s\u00e8me le vent r\u00e9colte le tempo\u201d sur le rythme de Machistador, offrant alors une rencontre musicale inattendue, magistralement orchestr\u00e9e ! Fin du set principal.<\/p>\n<p>Le rappel endiabl\u00e9 s\u2019ouvre sur un solo de guitare de -M- qui, pendant pr\u00e8s d\u2019un quart d\u2019heure sans jamais interrompre son jeu, descend dans la fosse, court dans les gradins, traverse les rangs et fait le tour complet de l\u2019arena. C\u2019est absolument ph\u00e9nom\u00e9nal. Quelle \u00e9nergie, quelle flamboyance ! Habitu\u00e9 des bains de foule, Matthieu Chedid semble autant galvanis\u00e9 par son public qu\u2019il ne le galvanise lui-m\u00eame. De retour sur sc\u00e8ne, la troupe termine joyeusement cette c\u00e9l\u00e9bration lumineuse avec Je t\u2019aime et Une \u00e2me. Clap de fin sur des visages \u00e9mus, \u00e0 la fois sur sc\u00e8ne et dans le public. Nous repartons \u00e9merveill\u00e9s par cette exp\u00e9rience prodigieuse, tellement riche de ses m\u00e9tissages.<\/p>\n<p>La tourn\u00e9e Totem, ce sont six mois, soixante repr\u00e9sentations et 450 000 spectateurs. Matthieu Chedid s\u2019est exprim\u00e9 sur les r\u00e9seaux sociaux : \u201cCe concert a \u00e9t\u00e9 la cons\u00e9cration de tout un voyage. Au-dehors et au-dedans, tellement profond, tellement humain, tellement musique, tellement puissant, m\u00e9tiss\u00e9 et collectif. Lamomali est plus qu\u2019un concert : ceux qui l\u2019ont v\u00e9cu le savent. Devant comme derri\u00e8re la sc\u00e8ne, la joie \u00e9tait partout. Merci pour cette communion rare, si rare dans ce monde pourtant si beau.\u201d<\/p>\n<p>Merci Matthieu de mettre du soleil dans nos vies. Lamomali transporte, son alchimie entra\u00eene dans un voyage musical in\u00e9dit et spectaculaire. C\u2019est aussi une \u00e9pop\u00e9e d\u2019amour sans fronti\u00e8res.<\/p>\n<p><img loading=\"lazy\" decoding=\"async\" aria-describedby=\"caption-attachment-376054\" class=\"wp-image-376054\" src=\"https:\/\/www.europesays.com\/fr\/wp-content\/uploads\/2025\/12\/IMG_0451-scaled.jpeg\" alt=\"\" width=\"375\" height=\"500\"  \/><\/p>\n<p id=\"caption-attachment-376054\" class=\"wp-caption-text\">\u00a9 Alexandra Ferrero<\/p>\n<p><strong>Alexandra Ferrero<\/strong><br \/>(@la_plumographe\u00a0: https:\/\/www.instagram.com\/la_plumographe\/ )<\/p>\n<p>\t\t\t\t<script async src=\"\/\/www.instagram.com\/embed.js\"><\/script><\/p>\n","protected":false},"excerpt":{"rendered":"C\u2019est \u00e0 Paris que Matthieu Chedid, alias -M-, a cl\u00f4tur\u00e9 sa tourn\u00e9e \u201cTotem\u201d avec le collectif franco-malien Lamomali.&hellip;\n","protected":false},"author":2,"featured_media":619361,"comment_status":"","ping_status":"","sticky":false,"template":"","format":"standard","meta":{"footnotes":""},"categories":[1888],"tags":[1111,11,1697,1777,674,1011,27,12,626,25],"class_list":{"0":"post-619360","1":"post","2":"type-post","3":"status-publish","4":"format-standard","5":"has-post-thumbnail","7":"category-paris","8":"tag-actu","9":"tag-actualites","10":"tag-concert","11":"tag-eu","12":"tag-europe","13":"tag-fr","14":"tag-france","15":"tag-news","16":"tag-paris","17":"tag-republique-francaise"},"share_on_mastodon":{"url":"https:\/\/pubeurope.com\/@fr\/115772999317257004","error":""},"_links":{"self":[{"href":"https:\/\/www.europesays.com\/fr\/wp-json\/wp\/v2\/posts\/619360","targetHints":{"allow":["GET"]}}],"collection":[{"href":"https:\/\/www.europesays.com\/fr\/wp-json\/wp\/v2\/posts"}],"about":[{"href":"https:\/\/www.europesays.com\/fr\/wp-json\/wp\/v2\/types\/post"}],"author":[{"embeddable":true,"href":"https:\/\/www.europesays.com\/fr\/wp-json\/wp\/v2\/users\/2"}],"replies":[{"embeddable":true,"href":"https:\/\/www.europesays.com\/fr\/wp-json\/wp\/v2\/comments?post=619360"}],"version-history":[{"count":0,"href":"https:\/\/www.europesays.com\/fr\/wp-json\/wp\/v2\/posts\/619360\/revisions"}],"wp:featuredmedia":[{"embeddable":true,"href":"https:\/\/www.europesays.com\/fr\/wp-json\/wp\/v2\/media\/619361"}],"wp:attachment":[{"href":"https:\/\/www.europesays.com\/fr\/wp-json\/wp\/v2\/media?parent=619360"}],"wp:term":[{"taxonomy":"category","embeddable":true,"href":"https:\/\/www.europesays.com\/fr\/wp-json\/wp\/v2\/categories?post=619360"},{"taxonomy":"post_tag","embeddable":true,"href":"https:\/\/www.europesays.com\/fr\/wp-json\/wp\/v2\/tags?post=619360"}],"curies":[{"name":"wp","href":"https:\/\/api.w.org\/{rel}","templated":true}]}}