{"id":619362,"date":"2025-12-24T05:55:12","date_gmt":"2025-12-24T05:55:12","guid":{"rendered":"https:\/\/www.europesays.com\/fr\/619362\/"},"modified":"2025-12-24T05:55:12","modified_gmt":"2025-12-24T05:55:12","slug":"lobjectif-etait-de-passer-du-bon-temps-en-famille","status":"publish","type":"post","link":"https:\/\/www.europesays.com\/fr\/619362\/","title":{"rendered":"L&rsquo;objectif \u00e9tait de passer du bon temps en famille"},"content":{"rendered":"<p>Saint-Malo\/Paris \u00e0 v\u00e9lo, d\u00e9guis\u00e9 en P\u00e8re No\u00ebl: \u00ab\u00a0L&rsquo;objectif \u00e9tait de passer du bon temps en famille\u00a0\u00bbSur le m\u00eame sujet<a href=\"https:\/\/rmc.bfmtv.com\/actualites\/societe\/video-le-choix-de-la-redaction-collectes-de-vetements-victimes-de-la-fast-fashion_VN-202512240094.html\" title=\"Le choix de la r\u00e9daction - Collectes de v\u00eatements : victimes de la fast-fashion\" target=\"_blank\" rel=\"noopener\"><img width=\"16\" height=\"9\" class=\"lozad\"  alt=\"Le choix de la r\u00e9daction - Collectes de v\u00eatements : victimes de la fast-fashion\"\/>3:45Le choix de la r\u00e9daction &#8211; Collectes de v\u00eatements : victimes de la fast-fashion<\/a><a href=\"https:\/\/rmc.bfmtv.com\/actualites\/societe\/video-consultation-gratuite-fetes-le-mini-sucre-qui-peut-vous-faire-manger-moins_VN-202512240091.html\" title=\"Consultation gratuite - F\u00eates : le mini-sucre qui peut vous faire manger moins\" target=\"_blank\" rel=\"noopener\"><img width=\"16\" height=\"9\" class=\"lozad\"  alt=\"Consultation gratuite - F\u00eates : le mini-sucre qui peut vous faire manger moins\"\/>4:00Consultation gratuite &#8211; F\u00eates : le mini-sucre qui peut vous faire manger moins<\/a><a href=\"https:\/\/rmc.bfmtv.com\/actualites\/societe\/video-saint-malo-paris-a-velo-deguise-en-pere-noel-l-objectif-etait-de-passer-du-bon-temps-en-famille_VN-202512240082.html\" title=\"Saint-Malo\/Paris \u00e0 v\u00e9lo, d\u00e9guis\u00e9 en P\u00e8re No\u00ebl: &quot;L&#039;objectif \u00e9tait de passer du bon temps en famille&quot;\" target=\"_blank\" rel=\"noopener\"><img width=\"16\" height=\"9\" class=\"lozad\"  alt=\"Saint-Malo\/Paris \u00e0 v\u00e9lo, d\u00e9guis\u00e9 en P\u00e8re No\u00ebl: &quot;L'objectif \u00e9tait de passer du bon temps en famille&quot;\"\/>en lectureSaint-Malo\/Paris \u00e0 v\u00e9lo, d\u00e9guis\u00e9 en P\u00e8re No\u00ebl: \u00ab\u00a0L&rsquo;objectif \u00e9tait de passer du bon temps en famille\u00a0\u00bb<\/a><a href=\"https:\/\/rmc.bfmtv.com\/actualites\/societe\/video-qu-avez-vous-commande-au-pere-noel-cette-annee_VN-202512240077.html\" title=\"Qu&#039;avez-vous command\u00e9 au P\u00e8re No\u00ebl cette ann\u00e9e ? \" target=\"_blank\" rel=\"noopener\"><img width=\"16\" height=\"9\" class=\"lozad\"  alt=\"Qu'avez-vous command\u00e9 au P\u00e8re No\u00ebl cette ann\u00e9e ? \"\/>1:00Qu&rsquo;avez-vous command\u00e9 au P\u00e8re No\u00ebl cette ann\u00e9e ?<\/a><a href=\"https:\/\/rmc.bfmtv.com\/actualites\/societe\/video-fermeture-des-petites-boulangeries-j-en-ai-marre-que-l-on-culpabilise-les-francais-souffle-yael-mellul_VN-202512230450.html\" title=\"Fermeture des petites boulangeries : &quot;J&#039;en ai marre que l&#039;on culpabilise les Fran\u00e7ais&quot;, souffle Ya\u00ebl Mellul\" target=\"_blank\" rel=\"noopener\"><img width=\"16\" height=\"9\" class=\"lozad\"  alt=\"Fermeture des petites boulangeries : &quot;J'en ai marre que l'on culpabilise les Fran\u00e7ais&quot;, souffle Ya\u00ebl Mellul\"\/>1:20Fermeture des petites boulangeries : \u00ab\u00a0J&rsquo;en ai marre que l&rsquo;on culpabilise les Fran\u00e7ais\u00a0\u00bb, souffle Ya\u00ebl Mellul<\/a><a href=\"https:\/\/rmc.bfmtv.com\/actualites\/societe\/video-ces-adultes-qui-ne-se-font-plus-de-cadeaux-entre-eux-pour-noel_VN-202512230439.html\" title=\"Ces adultes qui ne se font plus de cadeaux entre eux pour No\u00ebl\" target=\"_blank\" rel=\"noopener\"><img width=\"16\" height=\"9\" class=\"lozad\"  alt=\"Ces adultes qui ne se font plus de cadeaux entre eux pour No\u00ebl\"\/>1:09Ces adultes qui ne se font plus de cadeaux entre eux pour No\u00ebl<\/a><a href=\"https:\/\/rmc.bfmtv.com\/actualites\/societe\/video-musees-entree-plus-chere-pour-les-etrangers-on-va-faire-payer-plus-cher-un-egyptien-qui-va-venir-voir-son-histoire-qu-on-a-pillee-denonce-jean-philippe-doux_VN-202512230409.html\" title=\"Mus\u00e9es\/Entr\u00e9e plus ch\u00e8re pour les \u00e9trangers : &quot;On va faire payer plus cher un \u00c9gyptien qui va venir voir son histoire qu&#039;on a pill\u00e9e&quot;, d\u00e9nonce Jean-Philippe Doux\" target=\"_blank\" rel=\"noopener\"><img width=\"16\" height=\"9\" class=\"lozad\"  alt=\"Mus\u00e9es\/Entr\u00e9e plus ch\u00e8re pour les \u00e9trangers : &quot;On va faire payer plus cher un \u00c9gyptien qui va venir voir son histoire qu'on a pill\u00e9e&quot;, d\u00e9nonce Jean-Philippe Doux\"\/>1:29Mus\u00e9es\/Entr\u00e9e plus ch\u00e8re pour les \u00e9trangers : \u00ab\u00a0On va faire payer plus cher un \u00c9gyptien qui va venir voir son histoire qu&rsquo;on a pill\u00e9e\u00a0\u00bb, d\u00e9nonce Jean-Philippe Doux<\/a><a href=\"https:\/\/rmc.bfmtv.com\/replay-emissions\/les-grandes-gueules\/video-benjamin-morel-face-aux-gg-23-12_VN-202512230333.html\" title=\"Benjamin Morel face aux GG - 23\/12\" target=\"_blank\" rel=\"noopener\"><img width=\"16\" height=\"9\" class=\"lozad\"  alt=\"Benjamin Morel face aux GG - 23\/12\"\/>18:05Benjamin Morel face aux GG &#8211; 23\/12<\/a><a href=\"https:\/\/rmc.bfmtv.com\/actualites\/societe\/video-les-deserts-boulangers-quand-le-pains-se-fait-rare_VN-202512230325.html\" title=\"Les &quot;d\u00e9serts boulangers&quot; :  quand le pains se fait rare \" target=\"_blank\" rel=\"noopener\"><img width=\"16\" height=\"9\" class=\"lozad\"  alt=\"Les &quot;d\u00e9serts boulangers&quot; :  quand le pains se fait rare \"\/>1:23Les \u00ab\u00a0d\u00e9serts boulangers\u00a0\u00bb : quand le pains se fait rare<\/a><a href=\"https:\/\/rmc.bfmtv.com\/actualites\/societe\/video-supprimer-le-dpe-l-agence-nous-avait-menti-temoigne-marie_VN-202512230307.html\" title=\"Supprimer le DPE : &quot;L&#039;agence nous avait menti&quot;, t\u00e9moigne Marie\" target=\"_blank\" rel=\"noopener\"><img width=\"16\" height=\"9\" class=\"lozad\"  alt=\"Supprimer le DPE : &quot;L'agence nous avait menti&quot;, t\u00e9moigne Marie\"\/>1:23Supprimer le DPE : \u00ab\u00a0L&rsquo;agence nous avait menti\u00a0\u00bb, t\u00e9moigne Marie<\/a><a href=\"https:\/\/rmc.bfmtv.com\/actualites\/societe\/video-grippe-hausse-des-cas-les-francais-se-protegent_VN-202512230264.html\" title=\"Grippe : hausse des cas, les Fran\u00e7ais se prot\u00e8gent\" target=\"_blank\" rel=\"noopener\"><img width=\"16\" height=\"9\" class=\"lozad\"  alt=\"Grippe : hausse des cas, les Fran\u00e7ais se prot\u00e8gent\"\/>1:03Grippe : hausse des cas, les Fran\u00e7ais se prot\u00e8gent<\/a><a href=\"https:\/\/rmc.bfmtv.com\/actualites\/societe\/video-blocages-agricoles-on-ne-veut-pas-respecter-la-treve-on-a-un-gouvernement-qui-ne-nous-respecte-pas-affirme-jerome-bayle_VN-202512230240.html\" title=\"Blocages agricoles : &quot;On ne veut pas respecter la tr\u00eave, on a un gouvernement qui ne nous respecte pas&quot;, affirme J\u00e9r\u00f4me Bayle\" target=\"_blank\" rel=\"noopener\"><img width=\"16\" height=\"9\" class=\"lozad\"  alt=\"Blocages agricoles : &quot;On ne veut pas respecter la tr\u00eave, on a un gouvernement qui ne nous respecte pas&quot;, affirme J\u00e9r\u00f4me Bayle\"\/>1:57Blocages agricoles : \u00ab\u00a0On ne veut pas respecter la tr\u00eave, on a un gouvernement qui ne nous respecte pas\u00a0\u00bb, affirme J\u00e9r\u00f4me Bayle<\/a><a href=\"https:\/\/rmc.bfmtv.com\/actualites\/societe\/video-nouveaux-cas-de-dermatose-si-toi-t-es-plus-forte-que-les-scientifiques-didier-giraud-interpelle-barbara-lefebvre_VN-202512230219.html\" title=\"Nouveaux cas de dermatose : &quot;Si toi t&#039;es plus forte que les scientifiques&quot;, Didier Giraud interpelle Barbara Lefebvre\" target=\"_blank\" rel=\"noopener\"><img width=\"16\" height=\"9\" class=\"lozad\"  alt=\"Nouveaux cas de dermatose : &quot;Si toi t'es plus forte que les scientifiques&quot;, Didier Giraud interpelle Barbara Lefebvre\"\/>2:18Nouveaux cas de dermatose : \u00ab\u00a0Si toi t&rsquo;es plus forte que les scientifiques\u00a0\u00bb, Didier Giraud interpelle Barbara Lefebvre<\/a><a href=\"https:\/\/rmc.bfmtv.com\/actualites\/societe\/video-un-repas-de-fete-c-est-avant-tout-des-souvenirs-des-odeurs-pour-alexis-voisenet_VN-202512230155.html\" title=\"&quot;Un repas de f\u00eate, c\u2019est avant tout des souvenirs, des odeurs&quot; pour Alexis Voisenet\" target=\"_blank\" rel=\"noopener\"><img width=\"16\" height=\"9\" class=\"lozad\"  alt=\"&quot;Un repas de f\u00eate, c\u2019est avant tout des souvenirs, des odeurs&quot; pour Alexis Voisenet\"\/>1:08&Prime;Un repas de f\u00eate, c\u2019est avant tout des souvenirs, des odeurs\u00a0\u00bb pour Alexis Voisenet<\/a><a class=\"jumpToVideo\" target=\"_blank\"><img class=\"thumbnailPreview\"\/><\/a><\/p>\n","protected":false},"excerpt":{"rendered":"Saint-Malo\/Paris \u00e0 v\u00e9lo, d\u00e9guis\u00e9 en P\u00e8re No\u00ebl: \u00ab\u00a0L&rsquo;objectif \u00e9tait de passer du bon temps en famille\u00a0\u00bbSur le m\u00eame&hellip;\n","protected":false},"author":2,"featured_media":619363,"comment_status":"","ping_status":"","sticky":false,"template":"","format":"standard","meta":{"footnotes":""},"categories":[1888],"tags":[11,1777,674,1011,27,12,626,25],"class_list":{"0":"post-619362","1":"post","2":"type-post","3":"status-publish","4":"format-standard","5":"has-post-thumbnail","7":"category-paris","8":"tag-actualites","9":"tag-eu","10":"tag-europe","11":"tag-fr","12":"tag-france","13":"tag-news","14":"tag-paris","15":"tag-republique-francaise"},"share_on_mastodon":{"url":"https:\/\/pubeurope.com\/@fr\/115773002430878070","error":""},"_links":{"self":[{"href":"https:\/\/www.europesays.com\/fr\/wp-json\/wp\/v2\/posts\/619362","targetHints":{"allow":["GET"]}}],"collection":[{"href":"https:\/\/www.europesays.com\/fr\/wp-json\/wp\/v2\/posts"}],"about":[{"href":"https:\/\/www.europesays.com\/fr\/wp-json\/wp\/v2\/types\/post"}],"author":[{"embeddable":true,"href":"https:\/\/www.europesays.com\/fr\/wp-json\/wp\/v2\/users\/2"}],"replies":[{"embeddable":true,"href":"https:\/\/www.europesays.com\/fr\/wp-json\/wp\/v2\/comments?post=619362"}],"version-history":[{"count":0,"href":"https:\/\/www.europesays.com\/fr\/wp-json\/wp\/v2\/posts\/619362\/revisions"}],"wp:featuredmedia":[{"embeddable":true,"href":"https:\/\/www.europesays.com\/fr\/wp-json\/wp\/v2\/media\/619363"}],"wp:attachment":[{"href":"https:\/\/www.europesays.com\/fr\/wp-json\/wp\/v2\/media?parent=619362"}],"wp:term":[{"taxonomy":"category","embeddable":true,"href":"https:\/\/www.europesays.com\/fr\/wp-json\/wp\/v2\/categories?post=619362"},{"taxonomy":"post_tag","embeddable":true,"href":"https:\/\/www.europesays.com\/fr\/wp-json\/wp\/v2\/tags?post=619362"}],"curies":[{"name":"wp","href":"https:\/\/api.w.org\/{rel}","templated":true}]}}