{"id":619364,"date":"2025-12-24T05:56:10","date_gmt":"2025-12-24T05:56:10","guid":{"rendered":"https:\/\/www.europesays.com\/fr\/619364\/"},"modified":"2025-12-24T05:56:10","modified_gmt":"2025-12-24T05:56:10","slug":"deux-policiers-blesses-dans-un-incident-a-moscou-pres-du-lieu-ou-a-ete-tue-un-general-russe","status":"publish","type":"post","link":"https:\/\/www.europesays.com\/fr\/619364\/","title":{"rendered":"Deux policiers bless\u00e9s dans un \u00ab\u00a0incident\u00a0\u00bb \u00e0 Moscou pr\u00e8s du lieu o\u00f9 a \u00e9t\u00e9 tu\u00e9 un g\u00e9n\u00e9ral russe"},"content":{"rendered":"<p>Les deux policiers bless\u00e9s ce mercredi examinaient le lieu o\u00f9 un g\u00e9n\u00e9ral de l&rsquo;\u00e9tat-major russe a \u00e9t\u00e9 retrouv\u00e9 mort apr\u00e8s l&rsquo;explosion d&rsquo;une voiture il y a deux jours.<\/p>\n<p>Deux policiers ont \u00e9t\u00e9 bless\u00e9s \u00e0 <a href=\"https:\/\/www.bfmtv.com\/international\/asie\/russie\/passe-par-la-tchetchenie-et-la-syrie-plusieurs-fois-decore-qui-etait-fanil-sarvarov-le-general-de-l-etat-major-russe-tue-dans-une-explosion-a-mosou_AD-202512220468.html\" title=\"Pass\u00e9 par la Tch\u00e9tch\u00e9nie et la Syrie, plusieurs fois d\u00e9cor\u00e9... Qui \u00e9tait Fanil Sarvarov, le g\u00e9n\u00e9ral de l&#039;\u00e9tat major russe tu\u00e9 dans une explosion \u00e0 Mosou?\" class=\"internal_link\" target=\"_blank\" rel=\"noopener\">Moscou<\/a> dans la nuit du mardi 23 au mercredi 24 d\u00e9cembre dans un \u00ab\u00a0incident\u00a0\u00bb, \u00e0 proximit\u00e9 de l&rsquo;endroit o\u00f9 a \u00e9t\u00e9 tu\u00e9 un g\u00e9n\u00e9ral russe cette semaine, ont indiqu\u00e9 les autorit\u00e9s, des m\u00e9dias \u00e9voquant une explosion.<\/p>\n<p>Les services d&rsquo;investigation du Comit\u00e9 d&rsquo;enqu\u00eate ont fait \u00e9tat sur Telegram d&rsquo;un \u00ab\u00a0incident survenu dans le sud de Moscou dans lequel ont \u00e9t\u00e9 bless\u00e9s deux agents de la police de la route\u00a0\u00bb. La m\u00eame source a pr\u00e9cis\u00e9 que ses agents examinaient les lieux et les vid\u00e9os de surveillance, tandis que des expertises ont \u00e9t\u00e9 ordonn\u00e9es, \u00ab\u00a0y compris m\u00e9dicales et pyrotechniques\u00a0\u00bb.<\/p>\n<p>Important dispositif policier<\/p>\n<p>La zone a \u00e9t\u00e9 boucl\u00e9e par un important dispositif policier, selon les images diffus\u00e9es par les t\u00e9l\u00e9visions russes, qui ont cit\u00e9 des t\u00e9moins \u00e9voquant une explosion survenue vers 1h30 locales (23h30 \u00e0 Paris mardi).<\/p>\n<p>Les faits se sont d\u00e9roul\u00e9s dans une rue voisine de celle o\u00f9 le g\u00e9n\u00e9ral Fanil Sarvarov, qui dirigeait le d\u00e9partement de la formation op\u00e9rationnelle au sein de l&rsquo;\u00e9tat-major des forces russes, a \u00e9t\u00e9 tu\u00e9 lundi dans l&rsquo;explosion d&rsquo;un engin d\u00e9pos\u00e9 sous une voiture.<\/p>\n<p><img width=\"1\" height=\"1\" class=\"lozad\"  alt=\"Tous les soirs dans Le Titre \u00e0 la Une, d\u00e9couvrez ce qui se cache derri\u00e8re les gros titres. Zacharie Legros vous raconte une histoire, un r\u00e9cit de vie, avec aussi le t\u00e9moignage intime de celles et ceux qui font l'actualit\u00e9.\"\/>\u00ab\u00a0Respectez nos int\u00e9r\u00eats\u00a0\u00bb: la grande conf\u00e9rence de Vladimir Poutine, entre menaces \u00e0 l\u2019occident et confessions intimes<\/p>\n<p>Depuis le d\u00e9but de l&rsquo;assaut russe contre l&rsquo;Ukraine en f\u00e9vrier 2022, plusieurs g\u00e9n\u00e9raux russes, des responsables locaux et des personnalit\u00e9s publiques soutenant cette offensive ont p\u00e9ri dans des explosions en Russie m\u00eame ou dans la partie occup\u00e9e de l&rsquo;Ukraine. Kiev les a parfois revendiqu\u00e9es.<\/p>\n","protected":false},"excerpt":{"rendered":"Les deux policiers bless\u00e9s ce mercredi examinaient le lieu o\u00f9 un g\u00e9n\u00e9ral de l&rsquo;\u00e9tat-major russe a \u00e9t\u00e9 retrouv\u00e9&hellip;\n","protected":false},"author":2,"featured_media":619365,"comment_status":"","ping_status":"","sticky":false,"template":"","format":"standard","meta":{"footnotes":""},"categories":[1591],"tags":[11,1887,12,1885,1886,132],"class_list":{"0":"post-619364","1":"post","2":"type-post","3":"status-publish","4":"format-standard","5":"has-post-thumbnail","7":"category-russie","8":"tag-actualites","9":"tag-federation-de-russie","10":"tag-news","11":"tag-russia","12":"tag-russian-federation","13":"tag-russie"},"share_on_mastodon":{"url":"","error":""},"_links":{"self":[{"href":"https:\/\/www.europesays.com\/fr\/wp-json\/wp\/v2\/posts\/619364","targetHints":{"allow":["GET"]}}],"collection":[{"href":"https:\/\/www.europesays.com\/fr\/wp-json\/wp\/v2\/posts"}],"about":[{"href":"https:\/\/www.europesays.com\/fr\/wp-json\/wp\/v2\/types\/post"}],"author":[{"embeddable":true,"href":"https:\/\/www.europesays.com\/fr\/wp-json\/wp\/v2\/users\/2"}],"replies":[{"embeddable":true,"href":"https:\/\/www.europesays.com\/fr\/wp-json\/wp\/v2\/comments?post=619364"}],"version-history":[{"count":0,"href":"https:\/\/www.europesays.com\/fr\/wp-json\/wp\/v2\/posts\/619364\/revisions"}],"wp:featuredmedia":[{"embeddable":true,"href":"https:\/\/www.europesays.com\/fr\/wp-json\/wp\/v2\/media\/619365"}],"wp:attachment":[{"href":"https:\/\/www.europesays.com\/fr\/wp-json\/wp\/v2\/media?parent=619364"}],"wp:term":[{"taxonomy":"category","embeddable":true,"href":"https:\/\/www.europesays.com\/fr\/wp-json\/wp\/v2\/categories?post=619364"},{"taxonomy":"post_tag","embeddable":true,"href":"https:\/\/www.europesays.com\/fr\/wp-json\/wp\/v2\/tags?post=619364"}],"curies":[{"name":"wp","href":"https:\/\/api.w.org\/{rel}","templated":true}]}}