{"id":619370,"date":"2025-12-24T05:59:32","date_gmt":"2025-12-24T05:59:32","guid":{"rendered":"https:\/\/www.europesays.com\/fr\/619370\/"},"modified":"2025-12-24T05:59:32","modified_gmt":"2025-12-24T05:59:32","slug":"huit-detenus-pro-palestiniens-en-greve-de-la-faim","status":"publish","type":"post","link":"https:\/\/www.europesays.com\/fr\/619370\/","title":{"rendered":"huit d\u00e9tenus pro-palestiniens en gr\u00e8ve de la faim"},"content":{"rendered":"<p>Depuis d\u00e9but novembre, huit militants britanniques pro-palestiniens emprisonn\u00e9s m\u00e8nent une gr\u00e8ve de la faim au Royaume-Uni ; certains en sont \u00e0 pr\u00e8s de 50 jours de protestation. Leurs avocats alertent sur un risque de d\u00e9c\u00e8s imminent sans intervention du ministre de la Justice, David Lammy.<\/p>\n<p>Au Royaume-Uni, 24 militants pro-palestiniens sont <a href=\"https:\/\/www.humanite.fr\/monde\/elbit-systems\/au-royaume-uni-24-membres-de-palestine-action-en-greve-de-la-faim-depuis-48-jours-face-a-lintransigeance-du-gouvernement\" target=\"_blank\" rel=\"noopener\">incarc\u00e9r\u00e9s<\/a> depuis pr\u00e8s d\u2019un an \u00e0 la suite d\u2019une action men\u00e9e contre un site de l\u2019entreprise d\u2019armement isra\u00e9lienne Elbit Systems \u00e0 Filton, pr\u00e8s de Bristol. Certains observent une gr\u00e8ve de la faim depuis 52 jours. Deux d\u2019entre eux ont \u00e9t\u00e9 hospitalis\u00e9s, les vendredi 19 et samedi 20 d\u00e9cembre, en raison de la d\u00e9gradation de leurs conditions de d\u00e9tention.<\/p>\n<p><strong>Une d\u00e9tention provisoire sans proc\u00e8s<\/strong><\/p>\n<p>Les huit prisonniers concern\u00e9s sont tous plac\u00e9s en d\u00e9tention provisoire, sans avoir \u00e9t\u00e9 jug\u00e9s. La majorit\u00e9 est impliqu\u00e9e dans l\u2019affaire dite des \u00ab Filton 24 \u00bb, accus\u00e9s d\u2019avoir particip\u00e9 \u00e0 une action men\u00e9e en ao\u00fbt 2024 contre une usine d\u2019Elbit Systems \u00e0 Filton, o\u00f9 des d\u00e9g\u00e2ts estim\u00e9s \u00e0 plus d\u2019un million de livres sterling auraient \u00e9t\u00e9 caus\u00e9s. <\/p>\n<p>Trois autres d\u00e9tenus sont poursuivis pour leur participation pr\u00e9sum\u00e9e \u00e0 une manifestation organis\u00e9e en juin 2025 sur la base a\u00e9rienne de Brize Norton, au cours de laquelle des avions de ravitaillement militaire auraient \u00e9t\u00e9 asperg\u00e9s de peinture rouge. Durant leur d\u00e9tention, plusieurs militants sont rest\u00e9s sans inculpation pendant pr\u00e8s d\u2019une semaine et ont \u00e9t\u00e9 interrog\u00e9s \u00e0 r\u00e9p\u00e9tition en vertu de la l\u00e9gislation antiterroriste. <\/p>\n<p><img fetchpriority=\"high\" decoding=\"async\" width=\"720\" height=\"900\" src=\"https:\/\/www.europesays.com\/fr\/wp-content\/uploads\/2025\/12\/G8xpAPSXcAAc6iR.jpg\" alt=\"\" class=\"wp-image-42074\" style=\"width:353px;height:auto\"  \/><\/p>\n<p><strong>Deux militants hospitalis\u00e9s<\/strong> <strong>d\u2019urgence<\/strong><\/p>\n<p>Kamran Ahmed, 28 ans, incarc\u00e9r\u00e9 \u00e0 la prison de Pentonville, \u00e0 Londres, a \u00e9t\u00e9 hospitalis\u00e9 le samedi 20 d\u00e9cembre. Il en \u00e9tait alors \u00e0 son 42\u1d49 jour de gr\u00e8ve de la faim. Amu Gib, 30 ans, d\u00e9tenue \u00e0 la prison de Bronzefield, dans le Surrey, a \u00e9galement \u00e9t\u00e9 hospitalis\u00e9e vendredi dernier, a annonc\u00e9 le collectif Prisoners for Palestine. Elle n\u2019avait pas mang\u00e9 depuis cinquante jours.<\/p>\n<p>La gr\u00e8ve de la faim a suscit\u00e9 l\u2019attention de plusieurs responsables politiques. La d\u00e9put\u00e9e Zarah Sultana est devenue la deuxi\u00e8me personnalit\u00e9 politique \u00e0 rendre visite aux gr\u00e9vistes, apr\u00e8s le vice-pr\u00e9sident du Parti vert, Mothin Ali, qui s\u2019\u00e9tait d\u00e9plac\u00e9 le 3 d\u00e9cembre. Jeremy Corbyn devait \u00e9galement se rendre en prison le 10 d\u00e9cembre.<\/p>\n<p>Mothin Ali a d\u00e9nonc\u00e9 des conditions de d\u00e9tention \u00ab inhumaines \u00bb et \u00ab un affront \u00e0 la dignit\u00e9 humaine \u00bb. Le parti Democratic Socialists of Your Party (DSYP) a publi\u00e9, le 9 d\u00e9cembre, un communiqu\u00e9 de soutien exprimant \u00ab son amour, son admiration et sa solidarit\u00e9 envers les gr\u00e9vistes de la faim \u00bb, qualifiant cette mobilisation de \u00ab plus grande gr\u00e8ve de la faim collective dans les prisons britanniques depuis la gr\u00e8ve des r\u00e9publicains irlandais en 1981 \u00bb.<\/p>\n<p><img loading=\"lazy\" decoding=\"async\" width=\"1024\" height=\"890\" alt=\"\" class=\"wp-image-42075 perfmatters-lazy\" style=\"width:506px;height:auto\" src=\"https:\/\/www.europesays.com\/fr\/wp-content\/uploads\/2025\/12\/G8WEudMa4AAVWeS-1024x890.jpg\"  data-\/><\/p>\n<p><strong>Le gouvernement britannique fait la sourde oreille<\/strong><\/p>\n<p>La gr\u00e8ve de la faim men\u00e9e par ces huit d\u00e9tenus pro-palestiniens constitue en effet la plus importante action collective de ce type dans les prisons britanniques depuis 1981, ann\u00e9e o\u00f9 dix prisonniers r\u00e9publicains irlandais \u00e9taient morts apr\u00e8s avoir cess\u00e9 de s\u2019alimenter dans les blocs H de la prison de Maze, en Irlande du Nord.<\/p>\n<p>Alors que la mobilisation entre dans sa phase la plus critique, les d\u00e9tenus atteignent un stade o\u00f9 des sp\u00e9cialistes de sant\u00e9 alertent sur un risque imminent de d\u00e9c\u00e8s. Le 9 d\u00e9cembre, le ministre de la Justice, David Lammy, a \u00e9t\u00e9 interpell\u00e9 par des proches des gr\u00e9vistes devant son bureau de circonscription. Le gouvernement britannique a indiqu\u00e9 qu\u2019aucune rencontre n\u2019\u00e9tait pr\u00e9vue entre les ministres et les repr\u00e9sentants des gr\u00e9vistes de la faim, tout en jugeant la situation \u00ab tr\u00e8s pr\u00e9occupante \u00bb.<\/p>\n<p>&#13;<br \/>\n\t\t\t\t Post Views: 1&#13;\n\t\t\t<\/p>\n","protected":false},"excerpt":{"rendered":"Depuis d\u00e9but novembre, huit militants britanniques pro-palestiniens emprisonn\u00e9s m\u00e8nent une gr\u00e8ve de la faim au Royaume-Uni ; certains&hellip;\n","protected":false},"author":2,"featured_media":619371,"comment_status":"","ping_status":"","sticky":false,"template":"","format":"standard","meta":{"footnotes":""},"categories":[1588],"tags":[11,1777,674,5937,12,3518,806,473,1853,1851,1850,1852],"class_list":{"0":"post-619370","1":"post","2":"type-post","3":"status-publish","4":"format-standard","5":"has-post-thumbnail","7":"category-royaume-uni","8":"tag-actualites","9":"tag-eu","10":"tag-europe","11":"tag-greve-de-la-faim","12":"tag-news","13":"tag-palestine","14":"tag-prison","15":"tag-royaume-uni","16":"tag-royaume-uni-de-grande-bretagne-et-dirlande-du-nord","17":"tag-uk","18":"tag-united-kingdom","19":"tag-united-kingdom-of-great-britain-and-northern-ireland"},"share_on_mastodon":{"url":"https:\/\/pubeurope.com\/@fr\/115773019490372902","error":""},"_links":{"self":[{"href":"https:\/\/www.europesays.com\/fr\/wp-json\/wp\/v2\/posts\/619370","targetHints":{"allow":["GET"]}}],"collection":[{"href":"https:\/\/www.europesays.com\/fr\/wp-json\/wp\/v2\/posts"}],"about":[{"href":"https:\/\/www.europesays.com\/fr\/wp-json\/wp\/v2\/types\/post"}],"author":[{"embeddable":true,"href":"https:\/\/www.europesays.com\/fr\/wp-json\/wp\/v2\/users\/2"}],"replies":[{"embeddable":true,"href":"https:\/\/www.europesays.com\/fr\/wp-json\/wp\/v2\/comments?post=619370"}],"version-history":[{"count":0,"href":"https:\/\/www.europesays.com\/fr\/wp-json\/wp\/v2\/posts\/619370\/revisions"}],"wp:featuredmedia":[{"embeddable":true,"href":"https:\/\/www.europesays.com\/fr\/wp-json\/wp\/v2\/media\/619371"}],"wp:attachment":[{"href":"https:\/\/www.europesays.com\/fr\/wp-json\/wp\/v2\/media?parent=619370"}],"wp:term":[{"taxonomy":"category","embeddable":true,"href":"https:\/\/www.europesays.com\/fr\/wp-json\/wp\/v2\/categories?post=619370"},{"taxonomy":"post_tag","embeddable":true,"href":"https:\/\/www.europesays.com\/fr\/wp-json\/wp\/v2\/tags?post=619370"}],"curies":[{"name":"wp","href":"https:\/\/api.w.org\/{rel}","templated":true}]}}