{"id":619372,"date":"2025-12-24T06:00:57","date_gmt":"2025-12-24T06:00:57","guid":{"rendered":"https:\/\/www.europesays.com\/fr\/619372\/"},"modified":"2025-12-24T06:00:57","modified_gmt":"2025-12-24T06:00:57","slug":"pour-la-premiere-fois-depuis-2011-lallemagne-expulse-un-syrien-vers-son-pays","status":"publish","type":"post","link":"https:\/\/www.europesays.com\/fr\/619372\/","title":{"rendered":"Pour la premi\u00e8re fois depuis 2011, l\u2019Allemagne expulse un Syrien vers son pays"},"content":{"rendered":"<p>\n    L\u2019individu, condamn\u00e9 pour vol aggrav\u00e9, coups et blessures et chantage, a \u00e9t\u00e9 remis \u00abaux autorit\u00e9s \u00e0 Damas dans la matin\u00e9e\u00bb, selon un communiqu\u00e9 du minist\u00e8re allemand de l\u2019Int\u00e9rieur.<\/p>\n<p class=\"fig-paragraph\">L&rsquo;<a href=\"http:\/\/www.lefigaro.fr\/international\/entre-la-france-et-l-allemagne-les-constats-de-desaccord-s-accumulent-20251223\" data-fig-type=\"Article\" data-gtm-custom-categorie=\"navigation\" data-gtm-custom-action=\"crossclick\" data-gtm-custom-label=\"Contextuel\" data-gtm-event=\"customEventSPE\" data-fig-domain=\"LEFIGARO\" rel=\"nofollow noopener\" target=\"_blank\">Allemagne<\/a>\u00a0a expuls\u00e9 mardi pour la premi\u00e8re fois depuis le d\u00e9but de la guerre civile en 2011 un ressortissant syrien vers son pays, a annonc\u00e9 le minist\u00e8re de l&rsquo;Int\u00e9rieur, en plein tour de vis migratoire sur fond d&rsquo;essor de l&rsquo;extr\u00eame droite.<\/p>\n<p class=\"fig-paragraph\">L&rsquo;individu, condamn\u00e9 pour vol aggrav\u00e9, coups et blessures et chantage, a \u00e9t\u00e9 remis \u00abaux autorit\u00e9s \u00e0 Damas dans la matin\u00e9e\u00bb, selon un communiqu\u00e9 du minist\u00e8re, ajoutant qu&rsquo;un ressortissant afghan, le deuxi\u00e8me cette semaine, avait \u00e9galement \u00e9t\u00e9 expuls\u00e9.<\/p>\n<p>                                            <a class=\"fig-a11y-skip\" href=\"#fig-a11y-skip-main-inarticle\" data-module=\"a11y-skip\" data-context=\"was @visible\"><br \/>\n    Passer la publicit\u00e9<br \/>\n<\/a>            <\/p>\n<p class=\"fig-paragraph\">\u00abLes expulsions vers la Syrie et l\u2019Afghanistan doivent \u00eatre possibles. Notre soci\u00e9t\u00e9 a un int\u00e9r\u00eat l\u00e9gitime \u00e0 ce que les d\u00e9linquants quittent notre pays\u00bb, a indiqu\u00e9 le ministre de l\u2019Int\u00e9rieur, Alexander Dobrindt, selon la m\u00eame source.<\/p>\n<p>                                            Des centaines de milliers de Syriens et d\u2019Afghans ont trouv\u00e9 refuge en Allemagne<\/p>\n<p class=\"fig-paragraph\">Cette annonce intervient apr\u00e8s des mois de discussions avec<a href=\"http:\/\/www.lefigaro.fr\/international\/syrie-pour-la-premiere-fois-le-ministere-des-affaires-etrangeres-publie-une-carte-du-pays-sans-le-golan-occupe-par-israel-20251221\" data-fig-type=\"NewsFlash\" data-gtm-custom-categorie=\"navigation\" data-gtm-custom-action=\"crossclick\" data-gtm-custom-label=\"Contextuel\" data-gtm-event=\"customEventSPE\" data-fig-domain=\"LEFIGARO\" rel=\"nofollow noopener\" target=\"_blank\">\u00a0le gouvernement syrien<\/a>. Des efforts similaires ont \u00e9galement \u00e9t\u00e9 men\u00e9s avec les talibans afghans. L\u2019Allemagne avait pour politique de ne pas renvoyer chez eux les ressortissants de pays en guerre ou en cas de risque r\u00e9el pour l\u2019individu expuls\u00e9.<\/p>\n<p class=\"fig-paragraph\">Le chancelier\u00a0<a href=\"http:\/\/www.lefigaro.fr\/international\/allemagne-les-ambitions-internationales-contrariees-du-chancelier-de-l-exterieur-friedrich-merz-20251222\" data-fig-type=\"Article\" data-gtm-custom-categorie=\"navigation\" data-gtm-custom-action=\"crossclick\" data-gtm-custom-label=\"Contextuel\" data-gtm-event=\"customEventSPE\" data-fig-domain=\"LEFIGARO\" rel=\"nofollow noopener\" target=\"_blank\">Friedrich Merz<\/a>, un conservateur alli\u00e9 aux sociaux-d\u00e9mocrates depuis sa victoire \u00e9triqu\u00e9e aux l\u00e9gislatives de f\u00e9vrier, a donn\u00e9 un tour de vis \u00e0 la politique migratoire du pays, sur fond d\u2019essor du parti antimigrants Alternative pour l\u2019Allemagne pour qui la d\u00e9linquance et de r\u00e9cents attentats islamistes sont dus \u00e0 l\u2019arriv\u00e9e massive d\u2019immigr\u00e9s. En novembre, Merz avait ainsi soulign\u00e9 que l\u2019Allemagne pouvait \u00abbien s\u00fbr\u00bb expulser des Syriens, m\u00eame si le pays \u00e9tait en ruine et que des combats s\u2019y poursuivent. L\u2019Allemagne a \u00e9galement repris les expulsions vers\u00a0<a href=\"http:\/\/www.lefigaro.fr\/flash-actu\/afghanistan-trois-migrants-morts-de-froid-en-tentant-de-rejoindre-l-iran-20251220\" data-fig-type=\"NewsFlash\" data-gtm-custom-categorie=\"navigation\" data-gtm-custom-action=\"crossclick\" data-gtm-custom-label=\"Contextuel\" data-gtm-event=\"customEventSPE\" data-fig-domain=\"LEFIGARO\" rel=\"nofollow noopener\" target=\"_blank\">l\u2019Afghanistan<\/a>, malgr\u00e9 le retour des talibans au pouvoir en 2021 et la r\u00e9pression dans ce pays.<\/p>\n<p class=\"fig-paragraph\">Des centaines de milliers de Syriens et d\u2019Afghans ont trouv\u00e9 refuge en Allemagne, la plupart durant la crise migratoire de 2015, lorsque la chanceli\u00e8re d\u2019alors, Angela Merkel, ouvrit les portes du pays. En juillet, l\u2019Autriche est devenue le premier pays de l\u2019Union europ\u00e9enne \u00e0 expulser un ressortissant syrien vers son pays.<\/p>\n","protected":false},"excerpt":{"rendered":"L\u2019individu, condamn\u00e9 pour vol aggrav\u00e9, coups et blessures et chantage, a \u00e9t\u00e9 remis \u00abaux autorit\u00e9s \u00e0 Damas dans&hellip;\n","protected":false},"author":2,"featured_media":619373,"comment_status":"","ping_status":"","sticky":false,"template":"","format":"standard","meta":{"footnotes":""},"categories":[1587],"tags":[11,672,1804,1805,1803,1777,674,5341,1801,12,1802,32],"class_list":{"0":"post-619372","1":"post","2":"type-post","3":"status-publish","4":"format-standard","5":"has-post-thumbnail","7":"category-allemagne","8":"tag-actualites","9":"tag-allemagne","10":"tag-bundesrepublik-deutschland","11":"tag-de","12":"tag-deutschland","13":"tag-eu","14":"tag-europe","15":"tag-expulsions","16":"tag-germany","17":"tag-news","18":"tag-republique-federale-dallemagne","19":"tag-syrie"},"share_on_mastodon":{"url":"https:\/\/pubeurope.com\/@fr\/115773025975597739","error":""},"_links":{"self":[{"href":"https:\/\/www.europesays.com\/fr\/wp-json\/wp\/v2\/posts\/619372","targetHints":{"allow":["GET"]}}],"collection":[{"href":"https:\/\/www.europesays.com\/fr\/wp-json\/wp\/v2\/posts"}],"about":[{"href":"https:\/\/www.europesays.com\/fr\/wp-json\/wp\/v2\/types\/post"}],"author":[{"embeddable":true,"href":"https:\/\/www.europesays.com\/fr\/wp-json\/wp\/v2\/users\/2"}],"replies":[{"embeddable":true,"href":"https:\/\/www.europesays.com\/fr\/wp-json\/wp\/v2\/comments?post=619372"}],"version-history":[{"count":0,"href":"https:\/\/www.europesays.com\/fr\/wp-json\/wp\/v2\/posts\/619372\/revisions"}],"wp:featuredmedia":[{"embeddable":true,"href":"https:\/\/www.europesays.com\/fr\/wp-json\/wp\/v2\/media\/619373"}],"wp:attachment":[{"href":"https:\/\/www.europesays.com\/fr\/wp-json\/wp\/v2\/media?parent=619372"}],"wp:term":[{"taxonomy":"category","embeddable":true,"href":"https:\/\/www.europesays.com\/fr\/wp-json\/wp\/v2\/categories?post=619372"},{"taxonomy":"post_tag","embeddable":true,"href":"https:\/\/www.europesays.com\/fr\/wp-json\/wp\/v2\/tags?post=619372"}],"curies":[{"name":"wp","href":"https:\/\/api.w.org\/{rel}","templated":true}]}}