{"id":619376,"date":"2025-12-24T06:03:11","date_gmt":"2025-12-24T06:03:11","guid":{"rendered":"https:\/\/www.europesays.com\/fr\/619376\/"},"modified":"2025-12-24T06:03:11","modified_gmt":"2025-12-24T06:03:11","slug":"nouvelle-commercante-maryline-a-eu-un-coup-de-foudre-pour-cette-ville-des-cotes-darmor","status":"publish","type":"post","link":"https:\/\/www.europesays.com\/fr\/619376\/","title":{"rendered":"Nouvelle commer\u00e7ante, Maryline a eu \u00ab un coup de foudre \u00bb pour cette ville des C\u00f4tes-d\u2019Armor"},"content":{"rendered":"<p>                    Par<br \/>\n        <strong><br \/>\n            <a href=\"https:\/\/actu.fr\/auteur\/journaliste-lpa\" title=\"Consulter tous les articles de R\u00e9daction Paimpol\" target=\"_blank\" rel=\"noopener\">R\u00e9daction Paimpol<\/a><br \/>\n                    <\/strong><\/p>\n<p>        Publi\u00e9 le<\/p>\n<p>            24 d\u00e9c. 2025 \u00e0 6h10        <\/p>\n<p>\u00ab\u2009Merveilles et tralala\u2009\u00bb , c\u2019est le nom de la<b> nouvelle boutique<\/b> qui a ouvert ses portes le 13\u00a0d\u00e9cembre, rue de la Chalotais \u00e0 Tr\u00e9guier (C\u00f4tes-d\u2019Armor). Sa cr\u00e9atrice, Maryline Gautret, originaire de l\u2019Ain, a eu un coup de coeur pour la ville.<\/p>\n<blockquote class=\"ac-article-quote wall-content\">\n<p>\u00c7a fait plusieurs ann\u00e9es que je viens dans les C\u00f4tes-d\u2019Armor, et, cet \u00e9t\u00e9, j\u2019ai d\u00e9couvert Tr\u00e9guier. \u00c7a a \u00e9t\u00e9 un coup de foudre imm\u00e9diat, je me suis sentie imm\u00e9diatement bien dans cette ville, avec de bonnes vibrations.<\/p>\n<p>Maryline Gautret<\/p><\/blockquote>\n<p class=\" wall-content\">Une succession d\u2019heureux hasards lui a fait trouver imm\u00e9diatement un appartement et une boutique pour installer <b>le magasin de ses r\u00eaves<\/b>.<\/p>\n<p>Des pierres<\/p>\n<p class=\" wall-content\">Apr\u00e8s une carri\u00e8re administrative dans les assurances, elle a d\u00e9cid\u00e9 de faire une <b>reconversion professionnelle<\/b>. \u00ab\u2009J\u2019ai toujours aim\u00e9 le commerce, le contact avec les gens\u2026 et j\u2019ai toujours aim\u00e9 les pierres aussi.\u2009\u00bb<\/p>\n<p class=\" wall-content\">Elle consacre dans <b>sa boutique aux pierres<\/b>, pour la d\u00e9coration, en bijoux, boucles et pendentifs.<\/p>\n<blockquote class=\"ac-article-quote wall-content\">\n<p>En compl\u00e9ment j\u2019aimerais proposer aussi de beaux objets, r\u00e9alis\u00e9s par des artisans locaux.<\/p>\n<\/blockquote>\n<p>Votre r\u00e9gion, votre actu !<\/p>\n<p>Recevez chaque jour les infos qui comptent pour vous.<\/p>\n<p>\t<a href=\"https:\/\/actu.fr\/newsletter\" class=\"ac-btn ac-btn--corner ac-btn--medium ac-btn--blue800\" target=\"_blank\" rel=\"noopener\">S&rsquo;incrire<\/a><\/p>\n<p class=\" wall-content\">Actuellement elle expose des sculptures sur bois, venant d\u2019un menuisier lyonnais. Elle a am\u00e9nag\u00e9 dans l\u2019arri\u00e8re-salle un espace cosy o\u00f9 on peut prendre le th\u00e9 ou se r\u00e9unir\u2026<\/p>\n<p class=\" wall-content\">D\u2019autres id\u00e9es sont en projet. \u00ab\u2009On pourrait aussi en faire<b> un lieu d\u2019\u00e9change <\/b>ou de <b>bien-\u00eatre<\/b>\u2026 J\u2019aimerais cr\u00e9er du lien ici\u2009\u00bb.<\/p>\n<p>Merveilles et tralala 18 rue de la Chalotais. Boutique ouverte de 9\u2009h\u200930 \u00e0 13\u2009h et de 15\u2009h \u00e0 19\u2009h.<\/p>\n<p class=\" wall-content\">Personnalisez votre actualit\u00e9 en ajoutant vos villes et m\u00e9dias en favori avec <a href=\"https:\/\/moncompte.actu.fr\" title=\"D\u00e9couvez Mon Actu\" rel=\"nofollow noopener\" data-trk=\"{&quot;cta&quot;:{&quot;action&quot;:&quot;https:\\\/\\\/moncompte.actu.fr&quot;,&quot;category&quot;:&quot;mon compte&quot;,&quot;from&quot;:&quot;article footer&quot;,&quot;name&quot;:&quot;Mon actu&quot;,&quot;type&quot;:&quot;cta&quot;}}\" target=\"_blank\">Mon Actu<\/a>.<\/p>\n","protected":false},"excerpt":{"rendered":"Par R\u00e9daction Paimpol Publi\u00e9 le 24 d\u00e9c. 2025 \u00e0 6h10 \u00ab\u2009Merveilles et tralala\u2009\u00bb , c\u2019est le nom de&hellip;\n","protected":false},"author":2,"featured_media":619377,"comment_status":"","ping_status":"","sticky":false,"template":"","format":"standard","meta":{"footnotes":""},"categories":[1586],"tags":[11,9439,215,33,1777,674,1779,1011,27,12,3147,25,1778,364],"class_list":{"0":"post-619376","1":"post","2":"type-post","3":"status-publish","4":"format-standard","5":"has-post-thumbnail","7":"category-europe","8":"tag-actualites","9":"tag-bretagne-nord","10":"tag-commerce","11":"tag-economie","12":"tag-eu","13":"tag-europe","14":"tag-european-union","15":"tag-fr","16":"tag-france","17":"tag-news","18":"tag-nouveaux-commerces","19":"tag-republique-francaise","20":"tag-ue","21":"tag-union-europeenne"},"share_on_mastodon":{"url":"https:\/\/pubeurope.com\/@fr\/115773033938924025","error":""},"_links":{"self":[{"href":"https:\/\/www.europesays.com\/fr\/wp-json\/wp\/v2\/posts\/619376","targetHints":{"allow":["GET"]}}],"collection":[{"href":"https:\/\/www.europesays.com\/fr\/wp-json\/wp\/v2\/posts"}],"about":[{"href":"https:\/\/www.europesays.com\/fr\/wp-json\/wp\/v2\/types\/post"}],"author":[{"embeddable":true,"href":"https:\/\/www.europesays.com\/fr\/wp-json\/wp\/v2\/users\/2"}],"replies":[{"embeddable":true,"href":"https:\/\/www.europesays.com\/fr\/wp-json\/wp\/v2\/comments?post=619376"}],"version-history":[{"count":0,"href":"https:\/\/www.europesays.com\/fr\/wp-json\/wp\/v2\/posts\/619376\/revisions"}],"wp:featuredmedia":[{"embeddable":true,"href":"https:\/\/www.europesays.com\/fr\/wp-json\/wp\/v2\/media\/619377"}],"wp:attachment":[{"href":"https:\/\/www.europesays.com\/fr\/wp-json\/wp\/v2\/media?parent=619376"}],"wp:term":[{"taxonomy":"category","embeddable":true,"href":"https:\/\/www.europesays.com\/fr\/wp-json\/wp\/v2\/categories?post=619376"},{"taxonomy":"post_tag","embeddable":true,"href":"https:\/\/www.europesays.com\/fr\/wp-json\/wp\/v2\/tags?post=619376"}],"curies":[{"name":"wp","href":"https:\/\/api.w.org\/{rel}","templated":true}]}}