{"id":619378,"date":"2025-12-24T06:04:17","date_gmt":"2025-12-24T06:04:17","guid":{"rendered":"https:\/\/www.europesays.com\/fr\/619378\/"},"modified":"2025-12-24T06:04:17","modified_gmt":"2025-12-24T06:04:17","slug":"le-biathlon-en-deuil-sivert-guttorm-bakken-star-norvegienne-de-27-ans-retrouve-mort-quelques-jours-apres-letape-du-grand-bornand","status":"publish","type":"post","link":"https:\/\/www.europesays.com\/fr\/619378\/","title":{"rendered":"Le biathlon en deuil\u00a0: Sivert Guttorm Bakken, star norv\u00e9gienne de 27 ans, retrouv\u00e9 mort quelques jours apr\u00e8s l\u2019\u00e9tape du Grand-Bornand"},"content":{"rendered":"<p>\n                                                                    l&rsquo;essentiel<br \/>\n                                                                Le choc est immense dans le monde du sport. La F\u00e9d\u00e9ration norv\u00e9gienne a annonc\u00e9 ce mardi 23\u00a0d\u00e9cembre le d\u00e9c\u00e8s soudain de Sivert Guttorm Bakken, 27 ans. Pr\u00e9sent ce week-end en France pour la Coupe du monde, le champion a \u00e9t\u00e9 retrouv\u00e9 sans vie dans sa chambre d\u2019h\u00f4tel en Italie. Une enqu\u00eate est en cours.\n                            <\/p>\n<p>Le public fran\u00e7ais a pu l\u2019applaudir, il y a \u00e0 peine quelques jours. Ce mardi 23\u00a0d\u00e9cembre, la F\u00e9d\u00e9ration norv\u00e9gienne de biathlon annonce une tr\u00e8s lourde nouvelle\u00a0: Sivert Guttorm Bakken, figure de la discipline au niveau international, est d\u00e9c\u00e9d\u00e9.<\/p>\n<p>Le champion, pr\u00e9sent lors de l\u2019\u00e9tape de Coupe du monde au Grand-Bornand les 20 et 21\u00a0d\u00e9cembre derniers, \u00e9tait \u00e2g\u00e9 de seulement 27 ans. Il a \u00e9t\u00e9 retrouv\u00e9 mort dans une chambre d\u2019h\u00f4tel qu\u2019il occupait en Italie, du c\u00f4t\u00e9 du col de Lavaz\u00e8.<\/p>\n<p>Les circonstances du d\u00e9c\u00e8s restent, pour l\u2019heure, myst\u00e9rieuses.\u00a0\u00ab\u00a0La cause du d\u00e9c\u00e8s n\u2019est pour l\u2019instant pas connue\u00a0\u00bb, a confirm\u00e9 la secr\u00e9taire g\u00e9n\u00e9rale de la F\u00e9d\u00e9ration norv\u00e9gienne, Emilie Nordskar. \u00ab\u00a0Nos pens\u00e9es vont avant tout \u00e0 la famille de Sivert et \u00e0 tous ses proches. Nous coop\u00e9rons avec les autorit\u00e9s italiennes sur place.\u00a0\u00bb<\/p>\n<p class=\"std-elt__inline\">\n        <strong>\u00c0 lire aussi :<\/strong><br \/>\n        <a href=\"https:\/\/www.ladepeche.fr\/2025\/07\/30\/mort-de-laura-dahlmeier-pourquoi-le-corps-de-la-double-championne-olympique-va-etre-laisse-en-montagne-la-ou-elle-a-perdu-la-vie-12852509.php\" target=\"_blank\" rel=\"noopener\">Mort de Laura Dahlmeier\u00a0: pourquoi le corps de la double championne olympique va \u00eatre laiss\u00e9 en montagne, l\u00e0 o\u00f9 elle a perdu la vie<\/a>\n    <\/p>\n<p>Sivert Guttorm Bakken \u00e9tait un athl\u00e8te qui avait port\u00e9 haut les couleurs de son pays sur les pistes. En 2022, il avait d\u00e9croch\u00e9 le petit globe de la mass-start. Mais depuis, sa carri\u00e8re s\u2019inscrivait en pointill\u00e9.<\/p>\n<p>Les m\u00e9decins avaient en effet diagnostiqu\u00e9 une myocardite, une inflammation du muscle cardiaque, qui l\u2019avait contraint \u00e0 se mettre en retrait. Mais ces derni\u00e8res semaines, et dans la perspective des Jeux Olympiques d\u2019hiver de Milan-Cortina 2026 (6-22 f\u00e9vrier), il tentait de revenir \u00e0 son meilleur niveau.<\/p>\n<p>\u00ab\u00a0Nous sommes sans voix face \u00e0 la nouvelle du d\u00e9c\u00e8s soudain de Sivert Bakken. Nos pens\u00e9es vont \u00e0 sa famille, ses amis, ses co\u00e9quipiers et tous ceux qui lui \u00e9taient proches en cette p\u00e9riode difficile\u00a0\u00bb, a r\u00e9agi la F\u00e9d\u00e9ration internationale dans un communiqu\u00e9.<\/p>\n<p class=\"std-elt__inline\">\n        <strong>\u00c0 lire aussi :<\/strong><br \/>\n        <a href=\"https:\/\/www.ladepeche.fr\/2025\/07\/30\/mort-de-laura-dahlmeier-championne-olympique-record-historique-qui-etait-lancienne-biathlete-decedee-dans-un-accident-dalpinisme-au-pakistan-12852335.php\" target=\"_blank\" rel=\"noopener\">Mort de Laura Dahlmeier\u00a0: championne olympique, record historique\u2026 Qui \u00e9tait l\u2019ancienne biathl\u00e8te d\u00e9c\u00e9d\u00e9e dans un accident d\u2019alpinisme au Pakistan<\/a>\n    <\/p>\n<p>L\u2019instance de pr\u00e9ciser par ailleurs que ses co\u00e9quipiers ainsi que sa famille b\u00e9n\u00e9ficieront\u00a0\u00ab\u00a0d\u2019un suivi assur\u00e9 par les cellules de crise et les services de soutien de la F\u00e9d\u00e9ration norv\u00e9gienne. Ses co\u00e9quipiers demandent le respect de leur vie priv\u00e9e et le calme durant cette p\u00e9riode difficile.\u00a0\u00bb<\/p>\n<p>Lors de l\u2019\u00e9tape du Grand-Bornand en France, Sivert Guttorm Bakken avait termin\u00e9 5\u1d49 du sprint, 18\u1d49 de la poursuite, et 20\u1d49 de la mass-start.<\/p>\n<p>L\u2019annonce de son d\u00e9c\u00e8s survient quelques mois apr\u00e8s celui, dramatique, de la biathl\u00e8te\u00a0Laura Dahlmeier double championne olympique, d\u00e9c\u00e9d\u00e9e au Pakistan le 28\u00a0juillet lors d\u2019une ascension dans la cha\u00eene du Karakoram.<\/p>\n","protected":false},"excerpt":{"rendered":"l&rsquo;essentiel Le choc est immense dans le monde du sport. La F\u00e9d\u00e9ration norv\u00e9gienne a annonc\u00e9 ce mardi 23\u00a0d\u00e9cembre&hellip;\n","protected":false},"author":2,"featured_media":619379,"comment_status":"","ping_status":"","sticky":false,"template":"","format":"standard","meta":{"footnotes":""},"categories":[2],"tags":[11,4130,1011,27,12,25,517,9589],"class_list":{"0":"post-619378","1":"post","2":"type-post","3":"status-publish","4":"format-standard","5":"has-post-thumbnail","7":"category-actualites","8":"tag-actualites","9":"tag-biathlon","10":"tag-fr","11":"tag-france","12":"tag-news","13":"tag-republique-francaise","14":"tag-sport","15":"tag-sports-dhiver"},"share_on_mastodon":{"url":"https:\/\/pubeurope.com\/@fr\/115773037923264132","error":""},"_links":{"self":[{"href":"https:\/\/www.europesays.com\/fr\/wp-json\/wp\/v2\/posts\/619378","targetHints":{"allow":["GET"]}}],"collection":[{"href":"https:\/\/www.europesays.com\/fr\/wp-json\/wp\/v2\/posts"}],"about":[{"href":"https:\/\/www.europesays.com\/fr\/wp-json\/wp\/v2\/types\/post"}],"author":[{"embeddable":true,"href":"https:\/\/www.europesays.com\/fr\/wp-json\/wp\/v2\/users\/2"}],"replies":[{"embeddable":true,"href":"https:\/\/www.europesays.com\/fr\/wp-json\/wp\/v2\/comments?post=619378"}],"version-history":[{"count":0,"href":"https:\/\/www.europesays.com\/fr\/wp-json\/wp\/v2\/posts\/619378\/revisions"}],"wp:featuredmedia":[{"embeddable":true,"href":"https:\/\/www.europesays.com\/fr\/wp-json\/wp\/v2\/media\/619379"}],"wp:attachment":[{"href":"https:\/\/www.europesays.com\/fr\/wp-json\/wp\/v2\/media?parent=619378"}],"wp:term":[{"taxonomy":"category","embeddable":true,"href":"https:\/\/www.europesays.com\/fr\/wp-json\/wp\/v2\/categories?post=619378"},{"taxonomy":"post_tag","embeddable":true,"href":"https:\/\/www.europesays.com\/fr\/wp-json\/wp\/v2\/tags?post=619378"}],"curies":[{"name":"wp","href":"https:\/\/api.w.org\/{rel}","templated":true}]}}