{"id":61938,"date":"2025-04-29T13:59:08","date_gmt":"2025-04-29T13:59:08","guid":{"rendered":"https:\/\/www.europesays.com\/fr\/61938\/"},"modified":"2025-04-29T13:59:08","modified_gmt":"2025-04-29T13:59:08","slug":"motogp-heureuse-pioche-pour-zarco-qui-retrouve-sa-confiance-a-lissue-du-test-de-jerez","status":"publish","type":"post","link":"https:\/\/www.europesays.com\/fr\/61938\/","title":{"rendered":"MotoGP Heureuse pioche pour Zarco, qui retrouve sa confiance \u00e0 l&rsquo;issue du test de Jerez !"},"content":{"rendered":"<p>Du c\u00f4t\u00e9 du clan LCR-Honda, c\u2019est un peu le genre de d\u00e9claration, post-test de Jerez en MotoGP, qui \u00e9tait attendue. Johann Zarco, apr\u00e8s une journ\u00e9e de labeur cons\u00e9cutive \u00e0 un Grand-Prix d\u2019Espagne douloureux, a retrouv\u00e9 ses bonnes sensations. Tout d\u2019abord en raison de nouveaut\u00e9s et \u00e9volutions qui, visiblement, portent leur fruits, de mani\u00e8re subtile.<\/p>\n<p>Le Grand-Prix de France de MotoGP sous les meilleurs auspices !<\/p>\n<p>Mais aussi, \u00e0 la faveur de r\u00e9ponses \u00e0 certaines interrogations, qui ont \u00e9t\u00e9 d\u00e9busqu\u00e9es, au cours de ces essais. Une fois encore, les capacit\u00e9s d\u2019analyse et de travail de Johann Zarco ont fait mouche. Le tout sublimer par le Team LCR et son professionnalisme, structure d\u00e9cid\u00e9ment taill\u00e9e pour convenir au pilote tricolore. Plut\u00f4t encourageant, alors que la prochaine \u00e9preuve inscrite au calendrier de la MotoGP conduira le paddock sur le trac\u00e9 du Mans, pour le Grand-Prix \u00e0 domicile de \u201cJojo\u201d.<\/p>\n<blockquote class=\"twitter-tweet\">\n<p dir=\"ltr\" lang=\"en\">11th <a href=\"https:\/\/twitter.com\/JohannZarco1?ref_src=twsrc%5Etfw\" target=\"_blank\" rel=\"noopener\">@JohannZarco1<\/a> \u2013 Race <a href=\"https:\/\/twitter.com\/hashtag\/SpanishGP?src=hash&amp;ref_src=twsrc%5Etfw\" target=\"_blank\" rel=\"noopener\">#SpanishGP<\/a><\/p>\n<p>\ud83c\udfa4\u201dI had a good start and felt I could maintain a strong pace. However, I struggled with rear grip on corner entry. I tried to do my best to at least secure some points, and that\u2019s exactly what we did. It was important to stay focused\u201d. <a href=\"https:\/\/t.co\/WEQ7fNZZeE\" target=\"_blank\">pic.twitter.com\/WEQ7fNZZeE<\/a><\/p>\n<p>\u2014 LCR Team (@lcr_team) <a href=\"https:\/\/twitter.com\/lcr_team\/status\/1916543793219690497?ref_src=twsrc%5Etfw\" target=\"_blank\" rel=\"noopener\">April 27, 2025<\/a><\/p>\n<\/blockquote>\n<p>\u201cApr\u00e8s un week-end plut\u00f4t laborieux dans sa globalit\u00e9, nous nous sommes surtout attach\u00e9s ce lundi \u00e0 reb\u00e2tir de la confiance\u201c, confirmait Johann Zarco, dans sa synth\u00e8se de fin de test, \u00e0 Jerez. \u201cNous nous sommes ainsi focalis\u00e9s sur de petits d\u00e9tails mais qui g\u00e9n\u00e8rent une grosse diff\u00e9rence. L\u2019am\u00e9lioration la plus notable du jour provient ind\u00e9niablement du compartiment \u00e9lectronique. Je sens bien \u00e9videmment qu\u2019il y a encore une grande place pour r\u00e9aliser des progr\u00e8s, et plus particuli\u00e8rement sur les freinages pour pouvoir bien inscrire la moto sur les trajectoires id\u00e9ales\u201d.<\/p>\n<p>\u201cBien que nous ayons tous \u00e9t\u00e9 perturb\u00e9s par un fort vent, mon ressenti sur la machine \u00e9tait plut\u00f4t satisfaisant et nous furent en mesure d\u2019avoir une meilleure compr\u00e9hension de certaines choses capitales. Ce fut donc une journ\u00e9e positive au cours de laquelle nous avons \u00e9galement eu l\u2019opportunit\u00e9 d\u2019essayer de nouvelles pi\u00e8ces mises \u00e0 notre disposition par le HRC. Cet apport nous a permis d\u2019analyser et de comparer un bon nombre d\u2019informations.\u201d, concluait le Fran\u00e7ais, qui paraissait tr\u00e8s satisfait de sa journ\u00e9e, conclue, d\u2019ailleurs, \u00e0 la sixi\u00e8me place de la hi\u00e9rarchie. Avec un chrono plus lent de 4 dixi\u00e8mes, en comparaison avec sa performance sign\u00e9e samedi dernier, en Q2.<\/p>\n<p>Des nouvelles, aussi, de Somkiat Chantra, qui a tout de m\u00eame boucl\u00e9 42 tours, en d\u00e9pit de douleurs, assez importantes, faisant suite \u00e0 son crash survenu lors du Grand-Prix d\u2019Espagne, le week-end dernier. Des examens compl\u00e9mentaires vont avoir lieu, afin d\u2019\u00e9valuer plus pr\u00e9cis\u00e9ment l\u2019\u00e9tat de sant\u00e9 du rookie.<\/p>\n<blockquote>\n<p>\u00ab J\u2019ai eu des douleurs aux bras tout le week-end. Je pensais que \u00e7a allait dispara\u00eetre, mais \u00e7a a empir\u00e9. Je consulterai mon m\u00e9decin mardi apr\u00e8s l\u2019examen pour savoir exactement ce qui se passe. \u00bb Somkiat Chantra.<\/p>\n<\/blockquote>\n<p>Article publi\u00e9 le 29\/04\/2025 \u00e0 11h55<\/p>\n<p>                                                            <script async src=\"https:\/\/platform.twitter.com\/widgets.js\" charset=\"utf-8\"><\/script><\/p>\n","protected":false},"excerpt":{"rendered":"Du c\u00f4t\u00e9 du clan LCR-Honda, c\u2019est un peu le genre de d\u00e9claration, post-test de Jerez en MotoGP, qui&hellip;\n","protected":false},"author":2,"featured_media":61939,"comment_status":"","ping_status":"","sticky":false,"template":"","format":"standard","meta":{"footnotes":""},"categories":[1413],"tags":[1011,27,1741,1457,1456,1458,60],"class_list":{"0":"post-61938","1":"post","2":"type-post","3":"status-publish","4":"format-standard","5":"has-post-thumbnail","7":"category-moto","8":"tag-fr","9":"tag-france","10":"tag-johann-zarco","11":"tag-moto","12":"tag-motocycle","13":"tag-motogp","14":"tag-sports"},"share_on_mastodon":{"url":"https:\/\/pubeurope.com\/@fr\/114421613551763743","error":""},"_links":{"self":[{"href":"https:\/\/www.europesays.com\/fr\/wp-json\/wp\/v2\/posts\/61938","targetHints":{"allow":["GET"]}}],"collection":[{"href":"https:\/\/www.europesays.com\/fr\/wp-json\/wp\/v2\/posts"}],"about":[{"href":"https:\/\/www.europesays.com\/fr\/wp-json\/wp\/v2\/types\/post"}],"author":[{"embeddable":true,"href":"https:\/\/www.europesays.com\/fr\/wp-json\/wp\/v2\/users\/2"}],"replies":[{"embeddable":true,"href":"https:\/\/www.europesays.com\/fr\/wp-json\/wp\/v2\/comments?post=61938"}],"version-history":[{"count":0,"href":"https:\/\/www.europesays.com\/fr\/wp-json\/wp\/v2\/posts\/61938\/revisions"}],"wp:featuredmedia":[{"embeddable":true,"href":"https:\/\/www.europesays.com\/fr\/wp-json\/wp\/v2\/media\/61939"}],"wp:attachment":[{"href":"https:\/\/www.europesays.com\/fr\/wp-json\/wp\/v2\/media?parent=61938"}],"wp:term":[{"taxonomy":"category","embeddable":true,"href":"https:\/\/www.europesays.com\/fr\/wp-json\/wp\/v2\/categories?post=61938"},{"taxonomy":"post_tag","embeddable":true,"href":"https:\/\/www.europesays.com\/fr\/wp-json\/wp\/v2\/tags?post=61938"}],"curies":[{"name":"wp","href":"https:\/\/api.w.org\/{rel}","templated":true}]}}