{"id":619380,"date":"2025-12-24T06:05:26","date_gmt":"2025-12-24T06:05:26","guid":{"rendered":"https:\/\/www.europesays.com\/fr\/619380\/"},"modified":"2025-12-24T06:05:26","modified_gmt":"2025-12-24T06:05:26","slug":"lyon-des-chutes-de-neige-dans-le-rhone-a-noel-vigilance-activee-les-secteurs-touches","status":"publish","type":"post","link":"https:\/\/www.europesays.com\/fr\/619380\/","title":{"rendered":"Lyon. Des chutes de neige dans le Rh\u00f4ne \u00e0 No\u00ebl, vigilance activ\u00e9e : les secteurs touch\u00e9s"},"content":{"rendered":"<p>                    Par<br \/>\n        <strong><br \/>\n            <a href=\"https:\/\/actu.fr\/auteur\/nicolas-zaugra\" title=\"Consulter tous les articles de Nicolas Zaugra\" target=\"_blank\" rel=\"noopener\">Nicolas Zaugra<\/a><br \/>\n                    <\/strong><\/p>\n<p>        Publi\u00e9 le<\/p>\n<p>            23 d\u00e9c. 2025 \u00e0 17h23        <\/p>\n<p>La <a href=\"https:\/\/actu.fr\/meteo\/de-la-neige-le-matin-de-noel-dans-le-rhone-voici-ou-les-flocons-devraient-tomber_63613475.html\" target=\"_blank\" rel=\"noopener\">neige pour ce 24 d\u00e9cembre 2025 dans le Rh\u00f4ne<\/a>, c\u2019est confirm\u00e9. Le d\u00e9partement a \u00e9t\u00e9 plac\u00e9 en <strong>vigilance jaune neige-verglas<\/strong> mercredi apr\u00e8s-midi et pour la soir\u00e9e en raison de chutes de neige qui devraient concerner une bonne partie du territoire, selon M\u00e9t\u00e9o-France. Le froid va aussi s\u2019installer pour cette semaine de f\u00eates.<\/p>\n<p class=\" wall-content\">Une grande partie de la r\u00e9gion Auvergne-Rh\u00f4ne-Alpes est concern\u00e9e par cette vigilance qui d\u00e9bute \u00e0 15h dans le Rh\u00f4ne ce mercredi. Elle doit durer jusqu\u2019en d\u00e9but de nuit. Des flocons sont aussi attendus dans la nuit de No\u00ebl, du mercredi au jeudi.<\/p>\n<p>Jusqu\u2019\u00e0 3 cm de neige grand maximum<\/p>\n<p class=\" wall-content\">L\u2019\u00e9pisode de neige sera toutefois faible pour ce r\u00e9veillon. En plaine, 3 centim\u00e8tres grand maximum sont annonc\u00e9s.<\/p>\n<p class=\" wall-content\">La neige doit arriver sur le d\u00e9partement d\u00e8s mercredi apr\u00e8s-midi sur les secteurs de Trades, Beaujeu, Thizy dans le nord du Rh\u00f4ne ainsi que Tarare et Saint-Symphorien-sur-Coize dans le sud et l\u2019ouest.<\/p>\n<p class=\" wall-content\"><strong>CARTE. Les chutes de neige annonc\u00e9es dans l\u2019apr\u00e8s-midi<\/strong><\/p>\n<p>    <img   decoding=\"async\" loading=\"lazy\" src=\"https:\/\/www.europesays.com\/fr\/wp-content\/uploads\/2025\/12\/capture-decran-2025-12-23-a-171001-960x640.png\" alt=\"Les premi\u00e8res chutes de neige annonc\u00e9es pour le 24 d\u00e9cembre dans l'apr\u00e8s-midi, dans le Rh\u00f4ne.\" width=\"960\" height=\"640\"\/><br \/>\n    Les premi\u00e8res chutes de neige annonc\u00e9es pour le 24 d\u00e9cembre dans l\u2019apr\u00e8s-midi, dans le Rh\u00f4ne. (\u00a9M\u00e9t\u00e9o-France)<\/p>\n<p class=\" wall-content\">Le soir, la neige doit se g\u00e9n\u00e9raliser avec -1\u00b0C \u00e0 0\u00b0C sur le Rh\u00f4ne. Des flocons sont annonc\u00e9s \u00e0 Lyon et sa m\u00e9tropole, Pusignan, Neuville-sur-Sa\u00f4ne, Villefranche-sur-Sa\u00f4ne, L\u2019Arbresle, Belleville, Tarare, Thizy, Soucieu-en-Jarrest et Vienne dans le nord-Is\u00e8re.<\/p>\n<p class=\" wall-content\"><strong>CARTE. Les chutes de neige annonc\u00e9es le 24 d\u00e9cembre au soir<\/strong><\/p>\n<p>    <img   decoding=\"async\" loading=\"lazy\" src=\"https:\/\/www.europesays.com\/fr\/wp-content\/uploads\/2025\/12\/capture-decran-2025-12-23-a-170542-960x640.png\" alt=\"De la neige est annonc\u00e9e mercredi 24 d\u00e9cembre sur la quasi totalit\u00e9 du Rh\u00f4ne.\" width=\"960\" height=\"640\"\/><br \/>\n    De la neige est annonc\u00e9e mercredi 24 d\u00e9cembre sur la quasi totalit\u00e9 du Rh\u00f4ne. (\u00a9M\u00e9t\u00e9o-France)<\/p>\n<p>Votre r\u00e9gion, votre actu !<\/p>\n<p>Recevez chaque jour les infos qui comptent pour vous.<\/p>\n<p>\t<a href=\"https:\/\/actu.fr\/newsletter\" class=\"ac-btn ac-btn--corner ac-btn--medium ac-btn--blue800\" target=\"_blank\" rel=\"noopener\">S&rsquo;incrire<\/a><\/p>\n<p class=\" wall-content\">Dans la nuit enfin, la neige va persister sur les secteurs de Neuville-sur-Sa\u00f4ne, Villefranche-sur-Sa\u00f4ne, L\u2019Arbresle, Tarare, Thizy, Soucieu-en-Jarrest et Vienne dans le nord-Is\u00e8re. La neige ne devrait pas continuer sur Lyon et sa m\u00e9tropole.<\/p>\n<p class=\" wall-content\"><strong>CARTE. Les chutes de neige dans le Rh\u00f4ne la nuit du 24 au 25 d\u00e9cembre<\/strong><\/p>\n<p>    <img   decoding=\"async\" loading=\"lazy\" src=\"https:\/\/static.actu.fr\/uploads\/2025\/12\/capture-decran-2025-12-23-a-171158-960x640.png\" alt=\"Les chutes de neige sur le Rh\u00f4ne dans la nuit du 24 au 25 d\u00e9cembre 2025.\" width=\"960\" height=\"640\"\/><br \/>\n    Les chutes de neige sur le Rh\u00f4ne dans la nuit du 24 au 25 d\u00e9cembre 2025. (\u00a9M\u00e9t\u00e9o-France)<\/p>\n<p class=\" wall-content\">Pour la journ\u00e9e de No\u00ebl jeudi 25 d\u00e9cembre, M\u00e9t\u00e9o-France n\u2019annonce plus de neige mais une journ\u00e9e froide (1 \u00e0 3\u00b0C l\u2019apr\u00e8s-midi et des temp\u00e9ratures dans la nuit suivante) avec du soleil.<\/p>\n<p class=\" wall-content\">Personnalisez votre actualit\u00e9 en ajoutant vos villes et m\u00e9dias en favori avec <a href=\"https:\/\/moncompte.actu.fr\" title=\"D\u00e9couvez Mon Actu\" rel=\"nofollow noopener\" data-trk=\"{&quot;cta&quot;:{&quot;action&quot;:&quot;https:\\\/\\\/moncompte.actu.fr&quot;,&quot;category&quot;:&quot;mon compte&quot;,&quot;from&quot;:&quot;article footer&quot;,&quot;name&quot;:&quot;Mon actu&quot;,&quot;type&quot;:&quot;cta&quot;}}\" target=\"_blank\">Mon Actu<\/a>.<\/p>\n","protected":false},"excerpt":{"rendered":"Par Nicolas Zaugra Publi\u00e9 le 23 d\u00e9c. 2025 \u00e0 17h23 La neige pour ce 24 d\u00e9cembre 2025 dans&hellip;\n","protected":false},"author":2,"featured_media":619381,"comment_status":"","ping_status":"","sticky":false,"template":"","format":"standard","meta":{"footnotes":""},"categories":[2],"tags":[11,1011,27,2487,2357,10584,12,25],"class_list":{"0":"post-619380","1":"post","2":"type-post","3":"status-publish","4":"format-standard","5":"has-post-thumbnail","7":"category-actualites","8":"tag-actualites","9":"tag-fr","10":"tag-france","11":"tag-meteo","12":"tag-meteo-france","13":"tag-neige","14":"tag-news","15":"tag-republique-francaise"},"share_on_mastodon":{"url":"https:\/\/pubeurope.com\/@fr\/115773042692934782","error":""},"_links":{"self":[{"href":"https:\/\/www.europesays.com\/fr\/wp-json\/wp\/v2\/posts\/619380","targetHints":{"allow":["GET"]}}],"collection":[{"href":"https:\/\/www.europesays.com\/fr\/wp-json\/wp\/v2\/posts"}],"about":[{"href":"https:\/\/www.europesays.com\/fr\/wp-json\/wp\/v2\/types\/post"}],"author":[{"embeddable":true,"href":"https:\/\/www.europesays.com\/fr\/wp-json\/wp\/v2\/users\/2"}],"replies":[{"embeddable":true,"href":"https:\/\/www.europesays.com\/fr\/wp-json\/wp\/v2\/comments?post=619380"}],"version-history":[{"count":0,"href":"https:\/\/www.europesays.com\/fr\/wp-json\/wp\/v2\/posts\/619380\/revisions"}],"wp:featuredmedia":[{"embeddable":true,"href":"https:\/\/www.europesays.com\/fr\/wp-json\/wp\/v2\/media\/619381"}],"wp:attachment":[{"href":"https:\/\/www.europesays.com\/fr\/wp-json\/wp\/v2\/media?parent=619380"}],"wp:term":[{"taxonomy":"category","embeddable":true,"href":"https:\/\/www.europesays.com\/fr\/wp-json\/wp\/v2\/categories?post=619380"},{"taxonomy":"post_tag","embeddable":true,"href":"https:\/\/www.europesays.com\/fr\/wp-json\/wp\/v2\/tags?post=619380"}],"curies":[{"name":"wp","href":"https:\/\/api.w.org\/{rel}","templated":true}]}}