{"id":619388,"date":"2025-12-24T06:15:18","date_gmt":"2025-12-24T06:15:18","guid":{"rendered":"https:\/\/www.europesays.com\/fr\/619388\/"},"modified":"2025-12-24T06:15:18","modified_gmt":"2025-12-24T06:15:18","slug":"la-barca-tue-le-suspense-le-psg-va-faire-le-double","status":"publish","type":"post","link":"https:\/\/www.europesays.com\/fr\/619388\/","title":{"rendered":"La Bar\u00e7a tue le suspense, le PSG va faire le doubl\u00e9"},"content":{"rendered":"<p><b>Vainqueur de la Ligue des champions la saison derni\u00e8re, le Paris Saint-Germain fait office de grand favori \u00e0 sa propre succession selon Pedri, milieu de terrain phare du FC Barcelone.<\/b><\/p>\n<p>Que dire de plus sur l&rsquo;ann\u00e9e 2025 du <a href=\"https:\/\/www.foot01.com\/paris\" target=\"_self\" rel=\"noopener\">Paris Saint-Germain<\/a> ? Que Luis Enrique et ses joueurs auraient pu faire l&rsquo;effort de remporter la Coupe du monde des clubs ? Car manquer la finale face \u00e0 Chelsea a finalement priv\u00e9 le club francilien d&rsquo;un septupl\u00e9 in\u00e9dit. En r\u00e9alit\u00e9, ce qui importe surtout les supporters parisiens, au final, c&rsquo;est d&rsquo;avoir enfin glan\u00e9 le pr\u00e9cieux s\u00e9same : la Ligue des champions.En amont de cette \u00e9dition 2025-2026 de la plus prestigieuse des comp\u00e9titions europ\u00e9ennes, les statistiques d&rsquo;Opta pla\u00e7aient le <a href=\"https:\/\/www.foot01.com\/paris\" title=\"PSG\" target=\"_blank\" rel=\"noopener\">PSG<\/a> en tant que troisi\u00e8me favori au sacre final en mai 2026. Toutefois, pour Pedri, pas de place aux math\u00e9matiques. Le tenant du titre est clairement le grand favori \u00e0 sa propre succession.Le PSG, grand favori selon Pedri<\/p>\n<p>Dans un entretien accord\u00e9 \u00e0 Esquire, Pedri, le milieu de terrain vedette du FC Barcelone, a \u00e9voqu\u00e9 ses objectifs \u00e0 court terme. L&rsquo;occasion pour lui de parler de la Ligue des champions et des favoris \u00e0 ses yeux. \u00ab Ce ne sera pas facile, mais j\u2019esp\u00e8re r\u00e9it\u00e9rer le tripl\u00e9 \u00e0 domicile de l\u2019an dernier et remporter la Ligue des champions. Qui sont les favoris ? Le PSG avant tout, puis Arsenal, Manchester City et le Real Madrid \u00bb, a d\u00e9clar\u00e9 le natif des Canaries.<\/p>\n<p>Apr\u00e8s la sixi\u00e8me journ\u00e9e de la phase de championnat de la Ligue des champions cette saison, le Paris Saint-Germain est toujours troisi\u00e8me au classement des favoris selon le superordinateur Opta (14%). Devant le tenant du titre se trouvent Arsenal (22%), toujours consid\u00e9r\u00e9 comme le grand favori incontestable, et le Bayern Munich (14%), tandis que le FC Barcelone, le club de Pedri, est le cinqui\u00e8me favori (7%).<\/p>\n","protected":false},"excerpt":{"rendered":"Vainqueur de la Ligue des champions la saison derni\u00e8re, le Paris Saint-Germain fait office de grand favori \u00e0&hellip;\n","protected":false},"author":2,"featured_media":619389,"comment_status":"","ping_status":"","sticky":false,"template":"","format":"standard","meta":{"footnotes":""},"categories":[1410],"tags":[63,1011,27,447,93,60],"class_list":{"0":"post-619388","1":"post","2":"type-post","3":"status-publish","4":"format-standard","5":"has-post-thumbnail","7":"category-football","8":"tag-football","9":"tag-fr","10":"tag-france","11":"tag-ligue-des-champions","12":"tag-psg","13":"tag-sports"},"share_on_mastodon":{"url":"https:\/\/pubeurope.com\/@fr\/115773081090158086","error":""},"_links":{"self":[{"href":"https:\/\/www.europesays.com\/fr\/wp-json\/wp\/v2\/posts\/619388","targetHints":{"allow":["GET"]}}],"collection":[{"href":"https:\/\/www.europesays.com\/fr\/wp-json\/wp\/v2\/posts"}],"about":[{"href":"https:\/\/www.europesays.com\/fr\/wp-json\/wp\/v2\/types\/post"}],"author":[{"embeddable":true,"href":"https:\/\/www.europesays.com\/fr\/wp-json\/wp\/v2\/users\/2"}],"replies":[{"embeddable":true,"href":"https:\/\/www.europesays.com\/fr\/wp-json\/wp\/v2\/comments?post=619388"}],"version-history":[{"count":0,"href":"https:\/\/www.europesays.com\/fr\/wp-json\/wp\/v2\/posts\/619388\/revisions"}],"wp:featuredmedia":[{"embeddable":true,"href":"https:\/\/www.europesays.com\/fr\/wp-json\/wp\/v2\/media\/619389"}],"wp:attachment":[{"href":"https:\/\/www.europesays.com\/fr\/wp-json\/wp\/v2\/media?parent=619388"}],"wp:term":[{"taxonomy":"category","embeddable":true,"href":"https:\/\/www.europesays.com\/fr\/wp-json\/wp\/v2\/categories?post=619388"},{"taxonomy":"post_tag","embeddable":true,"href":"https:\/\/www.europesays.com\/fr\/wp-json\/wp\/v2\/tags?post=619388"}],"curies":[{"name":"wp","href":"https:\/\/api.w.org\/{rel}","templated":true}]}}