{"id":619390,"date":"2025-12-24T06:16:17","date_gmt":"2025-12-24T06:16:17","guid":{"rendered":"https:\/\/www.europesays.com\/fr\/619390\/"},"modified":"2025-12-24T06:16:17","modified_gmt":"2025-12-24T06:16:17","slug":"jai-des-phases-ou-jai-besoin-detre-seule-veronika-loubry-donne-de-ses-nouvelles-apres-le-deces-de-son-compagnon-gerard-kadoche","status":"publish","type":"post","link":"https:\/\/www.europesays.com\/fr\/619390\/","title":{"rendered":"\u00ab\u00a0J&rsquo;ai des phases o\u00f9 j&rsquo;ai besoin d&rsquo;\u00eatre seule\u00a0\u00bb : V\u00e9ronika Loubry donne de ses nouvelles apr\u00e8s le d\u00e9c\u00e8s de son compagnon G\u00e9rard Kadoche"},"content":{"rendered":"<p>Veronika Loubry traverse une douloureuse \u00e9preuve. Le 11 d\u00e9cembre dernier, en l\u00e9gende d&rsquo;une vid\u00e9o compilant tous les beaux moments qu&rsquo;elle a v\u00e9cus avec <a href=\"https:\/\/www.programme-tv.net\/news\/people\/394436-le-beau-message-de-karine-le-marchand-a-veronika-loubry-apres-la-mort-de-son-compagnon-gerard-kadoche-je-t-aime-ma-guerriere\/\" data-api-deeplink=\"teleloisirs:\/\/news\/394436\" target=\"_blank\" rel=\"noopener\">son compagnon, G\u00e9rard Kadoche<\/a>, elle a annonc\u00e9 son d\u00e9c\u00e8s des suites d&rsquo;un <a href=\"https:\/\/www.programme-tv.net\/news\/people\/394104-karine-le-marchand-prend-la-parole-apres-avoir-soutenu-veronika-loubry-endeuillee-par-la-mort-de-son-compagnon-gerard-kadoche\/\" data-api-deeplink=\"teleloisirs:\/\/news\/394104\" target=\"_blank\" rel=\"noopener\">cancer du pancr\u00e9as<\/a>. \u00ab\u00a0L&rsquo;amour de ma vie s&rsquo;en est all\u00e9, apr\u00e8s deux ans et 9 mois d&rsquo;un combat que personne ne devrait affronter. Il est parti cette nuit, laissant derri\u00e8re lui un silence immense, mais aussi la trace ind\u00e9l\u00e9bile de son courage. Pendant son combat, mon guerrier a tout donn\u00e9, sa force, sa dignit\u00e9, son humour, m\u00eame quand la douleur gagnait du terrain\u00a0\u00bb, postait-elle. Et d&rsquo;ajouter : \u00ab\u00a0Chaque jour, malgr\u00e9 la fatigue, malgr\u00e9 la douleur, malgr\u00e9 les 56 chimios, il trouvait encore le moyen de sourire, de me rassurer, de me conseiller et de m&rsquo;aimer comme au premier jour\u00a0\u00bb.<\/p>\n<p>Dans cette \u00e9preuve, Veronika Loubry a pu compter sur le soutien de <a href=\"https:\/\/www.programme-tv.net\/biographie\/491-le-marchand-karine\/\" data-link-people=\"92fe2f1d-4ec9-49e7-b10c-4b824cd1c7ea\" target=\"_blank\" rel=\"noopener\">Karine Le Marchand<\/a>, l&rsquo;une de ses plus proches amies. \u00ab\u00a0Ma V\u00e9ronika Loubry, je t&rsquo;aime ma guerri\u00e8re. Il y a une semaine, ma s\u0153ur du Sud, un gouffre s&rsquo;est ouvert sous tes pieds, et nous avec toi, nous avons tous chancel\u00e9\u00a0\u00bb, lui disait-elle sur Instagram. Ce mardi 23 d\u00e9cembre 2025, <a href=\"https:\/\/www.programme-tv.net\/news\/people\/393947-on-va-faire-quoi-sans-ta-sagesse-le-tendre-hommage-de-karine-le-marchand-a-gerard-kadoche-le-compagnon-de-sa-grande-amie-veronika-loubry\/\" data-api-deeplink=\"teleloisirs:\/\/news\/393947\" target=\"_blank\" rel=\"noopener\">la com\u00e9dienne<\/a> a pris la parole pour donner de ses nouvelles, quelques jours apr\u00e8s la disparition de son bien-aim\u00e9. \u00ab\u00a0<b>Je suis tr\u00e8s, tr\u00e8s bien entour\u00e9e, vraiment tr\u00e8s bien entour\u00e9e.<\/b> Les 463 messages WhatsApp que j&rsquo;avais re\u00e7us, il m&rsquo;en reste 130. Tous les jours, je r\u00e9ponds. Je prends du temps. <b>J&rsquo;ai des phases o\u00f9 j&rsquo;ai besoin d&rsquo;\u00eatre seule, c&rsquo;est normal et puis il y a des phases&#8230; <\/b>Par exemple cette nuit, j&rsquo;ai travaill\u00e9 jusqu&rsquo;\u00e0 trois heures sur les collections (&#8230;) <b>J&rsquo;ai besoin d&rsquo;avoir mon esprit occup\u00e9<\/b>\u00ab\u00a0, a-t-elle commenc\u00e9.<\/p>\n<p>            \u00ab\u00a0J&rsquo;ai des coups de gueule \u00e0 passer\u00a0\u00bb : Veronika Loubry en deuil, elle promet de faire une mise au point apr\u00e8s le d\u00e9c\u00e8s de son compagnon<\/p>\n<p>Dans la suite de sa prise de parole, elle a tenu \u00e0 faire passer un message important. \u00ab\u00a0Ce que les gens pensent, je m&rsquo;en fous (&#8230;) Il n&rsquo;y a rien qui va me contrarier (&#8230;) J&rsquo;ai pris des bonnes r\u00e9solutions\u00a0\u00bb, a-t-elle indiqu\u00e9, comme celle de marcher pour \u00ab\u00a0ext\u00e9rioriser\u00a0\u00bb sa peine. Elle a conclu par ces mots : \u00ab\u00a0<b>J&rsquo;ai beaucoup de choses \u00e0 vous dire, j&rsquo;ai des coups de gueule \u00e0 passer<\/b>\u00ab\u00a0.<\/p>\n","protected":false},"excerpt":{"rendered":"Veronika Loubry traverse une douloureuse \u00e9preuve. Le 11 d\u00e9cembre dernier, en l\u00e9gende d&rsquo;une vid\u00e9o compilant tous les beaux&hellip;\n","protected":false},"author":2,"featured_media":619391,"comment_status":"","ping_status":"","sticky":false,"template":"","format":"standard","meta":{"footnotes":""},"categories":[1359],"tags":[244,1193,58,59,1011,27,18,973,71048,1630],"class_list":{"0":"post-619390","1":"post","2":"type-post","3":"status-publish","4":"format-standard","5":"has-post-thumbnail","7":"category-people","8":"tag-commentaire","9":"tag-couple","10":"tag-divertissement","11":"tag-entertainment","12":"tag-fr","13":"tag-france","14":"tag-mort","15":"tag-people","16":"tag-vu00e9ronika-loubry","17":"tag-zapping"},"share_on_mastodon":{"url":"https:\/\/pubeurope.com\/@fr\/115773085466130179","error":""},"_links":{"self":[{"href":"https:\/\/www.europesays.com\/fr\/wp-json\/wp\/v2\/posts\/619390","targetHints":{"allow":["GET"]}}],"collection":[{"href":"https:\/\/www.europesays.com\/fr\/wp-json\/wp\/v2\/posts"}],"about":[{"href":"https:\/\/www.europesays.com\/fr\/wp-json\/wp\/v2\/types\/post"}],"author":[{"embeddable":true,"href":"https:\/\/www.europesays.com\/fr\/wp-json\/wp\/v2\/users\/2"}],"replies":[{"embeddable":true,"href":"https:\/\/www.europesays.com\/fr\/wp-json\/wp\/v2\/comments?post=619390"}],"version-history":[{"count":0,"href":"https:\/\/www.europesays.com\/fr\/wp-json\/wp\/v2\/posts\/619390\/revisions"}],"wp:featuredmedia":[{"embeddable":true,"href":"https:\/\/www.europesays.com\/fr\/wp-json\/wp\/v2\/media\/619391"}],"wp:attachment":[{"href":"https:\/\/www.europesays.com\/fr\/wp-json\/wp\/v2\/media?parent=619390"}],"wp:term":[{"taxonomy":"category","embeddable":true,"href":"https:\/\/www.europesays.com\/fr\/wp-json\/wp\/v2\/categories?post=619390"},{"taxonomy":"post_tag","embeddable":true,"href":"https:\/\/www.europesays.com\/fr\/wp-json\/wp\/v2\/tags?post=619390"}],"curies":[{"name":"wp","href":"https:\/\/api.w.org\/{rel}","templated":true}]}}