{"id":619392,"date":"2025-12-24T06:17:55","date_gmt":"2025-12-24T06:17:55","guid":{"rendered":"https:\/\/www.europesays.com\/fr\/619392\/"},"modified":"2025-12-24T06:17:55","modified_gmt":"2025-12-24T06:17:55","slug":"expo-georges-de-la-tour-au-musee-jacquemart-andre-reservation-de-billet","status":"publish","type":"post","link":"https:\/\/www.europesays.com\/fr\/619392\/","title":{"rendered":"Expo Georges de la Tour au Mus\u00e9e Jacquemart-Andr\u00e9 | R\u00e9servation de Billet"},"content":{"rendered":"<p class=\"section-heading\">L&rsquo;EXPOSITION<\/p>\n<p class=\"highlight\">\n                \u00ab Georges de La Tour. Entre ombre et lumi\u00e8re \u00bb s&rsquo;installe au Mus\u00e9e Jacquemart-Andr\u00e9 du 11 septembre 2025 au 25 janvier 2026.<br \/>\n                Cette r\u00e9trospective in\u00e9dite met en lumi\u00e8re l&rsquo;\u0153uvre rare d&rsquo;un ma\u00eetre du XVIIe si\u00e8cle, Georges de La Tour, avec plus de 30<br \/>\n                chefs-d&rsquo;\u0153uvre r\u00e9unis sur la quarantaine connus de l&rsquo;artiste. Influenc\u00e9 par le caravagisme, il excelle dans les sc\u00e8nes nocturnes<br \/>\n                o\u00f9 la lumi\u00e8re artificielle r\u00e9v\u00e8le une intensit\u00e9 spirituelle unique. Une opportunit\u00e9 exceptionnelle pour explorer son univers<br \/>\n                myst\u00e9rieux et po\u00e9tique, entre r\u00e9alisme et transcendance.<\/p>\n<\/p>\n<p class=\"caption\">Exposition Georges de La Tour | Teaser \u00a9 Mus\u00e9e Jacquemart-Andr\u00e9<\/p>\n<p class=\"section-heading\">LA VIE \u00c9NIGMATIQUE D&rsquo;UN PEINTRE LORRAIN<\/p>\n<p class=\"main-text\">\n                Georges de La Tour na\u00eet en mars 1593 \u00e0 Vic-sur-Seille, en Lorraine, au sein d&rsquo;une famille modeste de boulangers.<br \/>\n                Deuxi\u00e8me enfant d&rsquo;une fratrie de sept, il grandit dans un environnement rural qui influencera sans doute son regard<br \/>\n                sur les figures populaires et marginales. Bien que peu de documents attestent ses d\u00e9buts artistiques, on imagine un<br \/>\n                apprentissage local, peut-\u00eatre enrichi par des contacts avec les courants europ\u00e9ens de l&rsquo;\u00e9poque.<\/p>\n<p>                    <img decoding=\"async\" class=\"img-fluid\" src=\"https:\/\/www.europesays.com\/fr\/wp-content\/uploads\/2025\/12\/exposition-georges-de-la-tour-musee-jacquemart-andre-2025-1.jpg\" alt=\"Georges de La Tour - Le Vielleur au chien\" loading=\"lazy\" fetchpriority=\"low\"\/><\/p>\n<p class=\"caption\">\n                            Georges de La Tour, <strong>Le Vielleur au chien<\/strong>, vers 1622, huile sur toile, 186 x 120 cm<br \/>\n\u00a9 Philip Bernard &#8211; mus\u00e9e du mont-de-pi\u00e9t\u00e9, Bergues<\/p>\n<p class=\"main-text\">\n                Sa carri\u00e8re prend un tournant dramatique en 1638, lors de la Guerre de Trente Ans : un incendie ravage sa maison et<br \/>\n                son atelier \u00e0 Lun\u00e9ville, d\u00e9truisant une partie de ses cr\u00e9ations. Contraint \u00e0 l&rsquo;exil, il s&rsquo;installe \u00e0 Nancy avec sa<br \/>\n                famille, marquant un renouveau dans sa production.<\/p>\n<p>Restez inform\u00e9 !<\/p>\n<p>Recevez en avant-premi\u00e8re l&rsquo;actualit\u00e9 sur les nouvelles expositions<\/p>\n<p class=\"section-heading\">LE CLAIR-OBSCUR : UNE SIGNATURE LUMINEUSE ET AUDACIEUSE<\/p>\n<p class=\"main-text\">\n                Bien qu&rsquo;aucun voyage en Italie ne soit document\u00e9, Georges de La Tour s&rsquo;inspire profond\u00e9ment du Caravage, dont l&rsquo;influence<br \/>\n                irradie l&rsquo;Europe au XVIIe si\u00e8cle. Il adopte le clair-obscur, cette technique dramatique opposant ombres profondes et<br \/>\n                lumi\u00e8res vives, mais la r\u00e9invente avec une touche personnelle. Contrairement au dramatisme th\u00e9\u00e2tral des caravagesques<br \/>\n                italiens, ses compositions privil\u00e9gient la sobri\u00e9t\u00e9 et un r\u00e9alisme poignant, influenc\u00e9 par les \u00e9coles hollandaise et lorraine.<\/p>\n<p class=\"main-text\">\n                Fascin\u00e9 par les sources lumineuses comme la chandelle ou la lanterne, Georges de La Tour excelle dans les sc\u00e8nes nocturnes.<br \/>\n                Des \u0153uvres embl\u00e9matiques, telles que La Femme \u00e0 la puce, Job raill\u00e9 par sa femme ou Les Joueurs de d\u00e9s,<br \/>\n                illustrent cette obsession pour la flamme vacillante, qui accentue les textures et conf\u00e8re une po\u00e9sie fragile aux sujets.<\/p>\n<p>                    <img decoding=\"async\" class=\"img-fluid\" src=\"https:\/\/www.europesays.com\/fr\/wp-content\/uploads\/2025\/12\/exposition-georges-de-la-tour-musee-jacquemart-andre-2025-2.jpg\" alt=\"Georges de La Tour - Les Joueurs de d\u00e9s\" loading=\"lazy\" fetchpriority=\"low\"\/><\/p>\n<p class=\"caption\">\n                            Georges de La Tour, <strong>Les Joueurs de d\u00e9s<\/strong>, vers 1650-1651, huile sur toile, 92,5 x 130,5 cm<br \/>\n\u00a9 Preston Park Museum and Grounds &#8211; Photograph by Simon Hill \/ Scirebr\u00f6c<\/p>\n<p>Focus sur l&rsquo;\u0153uvre<\/p>\n<p class=\"main-text\">\n                        La lumi\u00e8re n&rsquo;est pas seulement un outil technique ; elle symbolise la vuln\u00e9rabilit\u00e9 humaine, illuminant des<br \/>\n                        moments d&rsquo;intimit\u00e9 avec une intensit\u00e9 presque mystique.<\/p>\n<p class=\"section-heading\">SUBLIMER L&rsquo;ORDINAIRE : DES SC\u00c8NES DE GENRE AUX VISIONS SPIRITUELLES<\/p>\n<p class=\"main-text\">\n                Georges de La Tour excelle \u00e0 transformer le banal en sacr\u00e9, un th\u00e8me central de son \u0153uvre. S&rsquo;il aborde les sc\u00e8nes de<br \/>\n                jeux \u2013 comme Le Tricheur \u00e0 l&rsquo;as de carreau ou Les Joueurs de d\u00e9s \u2013 avec un regard incisif sur les<br \/>\n                vices humains, c&rsquo;est dans la peinture de genre et religieuse qu&rsquo;il brille le plus. Ses toiles religieuses, empreintes<br \/>\n                d&rsquo;une simplicit\u00e9 apparente, d\u00e9gagent une intensit\u00e9 spirituelle remarquable.<\/p>\n<p class=\"main-text\">\n                En donnant dignit\u00e9 aux figures marginales \u2013 musiciens aveugles, vieillards, paysans \u2013, il \u00e9l\u00e8ve l&rsquo;ordinaire au rang du<br \/>\n                divin, comme dans Femme \u00e0 la puce ou Nouveau-N\u00e9. Peintre du peuple plut\u00f4t que de la cour, Georges de<br \/>\n                La Tour sublime la solitude de ses sujets.<\/p>\n<p>                    <img decoding=\"async\" class=\"img-fluid\" src=\"https:\/\/www.europesays.com\/fr\/wp-content\/uploads\/2025\/12\/exposition-georges-de-la-tour-musee-jacquemart-andre-2025-3.jpg\" alt=\"Georges de La Tour - Saint Philippe\" loading=\"lazy\" fetchpriority=\"low\"\/><\/p>\n<p class=\"caption\">\n                            Georges de La Tour, <strong>Saint Philippe<\/strong>, vers 1625, huile sur toile, 63,5 x 53,3 cm<br \/>\n\u00a9 Gift of Walter P. Chrysler, Jr. \/ Photo: Ed Pollard. Courtesy of the Chrysler Museum of Art<\/p>\n<p class=\"section-heading\">POURQUOI ALLER VOIR L&rsquo;EXPO \u00ab\u00a0GEORGES DE LA TOUR. ENTRE OMBRE ET LUMI\u00c8RE\u00a0\u00bb ?<\/p>\n<p class=\"main-text\">\n                Cette r\u00e9trospective repr\u00e9sente un \u00e9v\u00e9nement rare : la premi\u00e8re en France depuis 1997 d\u00e9di\u00e9e \u00e0 Georges de La Tour, r\u00e9unissant<br \/>\n                plus de 30 chefs-d&rsquo;\u0153uvre exceptionnels. Elle offre une immersion dans l&rsquo;univers d&rsquo;un artiste \u00e9nigmatique, ma\u00eetre du clair-obscur,<br \/>\n                dont les toiles captivent par leur r\u00e9alisme subtil et leur profondeur spirituelle. D\u00e9couvrez une approche th\u00e9matique innovante,<br \/>\n                explorant ses influences caravagesques et sa vision unique de la lumi\u00e8re, qui transforme l&rsquo;ordinaire en \u00e9merveillement.<\/p>\n<p>                    <img decoding=\"async\" class=\"img-fluid\" src=\"https:\/\/www.europesays.com\/fr\/wp-content\/uploads\/2025\/12\/exposition-georges-de-la-tour-musee-jacquemart-andre-2025-4.jpg\" alt=\"Georges de La Tour - Le Nouveau-N\u00e9\" loading=\"lazy\" fetchpriority=\"low\"\/><\/p>\n<p class=\"caption\">\n                            Georges de La Tour, <strong>Le Nouveau-N\u00e9<\/strong>, vers 1645, huile sur toile, 76,7 x 95,5 cm<br \/>\n\u00a9 MBA, Rennes, Dist. RMN-Grand Palais \/ Louis Deschamps<\/p>\n<p>Point de vue critique<\/p>\n<p class=\"main-text\">\n                        Dans Nouveau-N\u00e9 ou Madeleine p\u00e9nitente, la lumi\u00e8re transcende le quotidien, cr\u00e9ant une atmosph\u00e8re<br \/>\n                        intemporelle o\u00f9 les mati\u00e8res \u2013 tissus, chairs, objets \u2013 gagnent en densit\u00e9 \u00e9motive. Cette ma\u00eetrise du clair-obscur<br \/>\n                        distingue Georges de La Tour de ses contemporains. En \u00e9vitant les exc\u00e8s baroques, il opte pour une \u00e9pure qui renforce<br \/>\n                        l&rsquo;impact spirituel de ses toiles.<\/p>\n<p class=\"main-text\">\n                Pour les passionn\u00e9s d&rsquo;art du Grand Si\u00e8cle, c&rsquo;est une chance inestimable de contempler des pi\u00e8ces peu expos\u00e9es, venues de<br \/>\n                collections internationales. R\u00e9servez votre billet au Mus\u00e9e Jacquemart-Andr\u00e9 pour une exp\u00e9rience visuelle inoubliable, o\u00f9<br \/>\n                l&rsquo;ombre et la lumi\u00e8re r\u00e9v\u00e8lent les secrets d&rsquo;un g\u00e9nie red\u00e9couvert. Ne manquez pas cette occasion de vibrer au rythme d&rsquo;une<br \/>\n                peinture intemporelle, alliant histoire, technique et \u00e9motion.<\/p>\n<p>                        <a class=\"partner-link\" href=\"https:\/\/www.tiqets.com\/fr\/activites-attractions-paris-c66746\/billets-pour-musee-jacquemart-andre-billet-coupe-file-p975412\/?partner=lezardgroup&amp;tq_campaign=link_jacquemart-andre\" target=\"_blank\" rel=\"nofollow noopener\"><br \/>\n                            <img decoding=\"async\" class=\"ticket-partner-logo\" src=\"https:\/\/www.europesays.com\/fr\/wp-content\/uploads\/2025\/04\/logo_tiqets.jpg\" alt=\"Tiqets\" loading=\"lazy\" fetchpriority=\"low\"\/><br \/>\n                        <\/a><\/p>\n<p>                        <a class=\"partner-link\" href=\"https:\/\/www.fnacspectacles.com\/artist\/musee-jacquemart-andre\/?affiliate=XPA&amp;wct_clickid={clickid}\" target=\"_blank\" rel=\"nofollow noopener\"><br \/>\n                            <img decoding=\"async\" class=\"ticket-partner-logo\" src=\"https:\/\/www.europesays.com\/fr\/wp-content\/uploads\/2025\/10\/logo-fnac.png\" alt=\"FNAC\" loading=\"lazy\" fetchpriority=\"low\"\/><br \/>\n                        <\/a><\/p>\n<p>                    <img decoding=\"async\" class=\"instagram-icon\" src=\"https:\/\/www.europesays.com\/fr\/wp-content\/uploads\/2025\/08\/Instagram_logo.webp.webp\" alt=\"Instagram\" loading=\"lazy\" fetchpriority=\"low\"\/><br \/>\nPartagez votre visite sur Instagram<\/p>\n<p class=\"instagram-description\">\n                    Immortalisez votre exp\u00e9rience et inspirez votre communaut\u00e9 en partageant vos plus belles photos de l&rsquo;exposition.<\/p>\n<p>                    #ExpoMoment<br \/>\n                    #GeorgesdeLaTour<br \/>\n                    #Mus\u00e9eJacquemartAndr\u00e9<br \/>\n                    #ClairObscur<\/p>\n","protected":false},"excerpt":{"rendered":"L&rsquo;EXPOSITION \u00ab Georges de La Tour. Entre ombre et lumi\u00e8re \u00bb s&rsquo;installe au Mus\u00e9e Jacquemart-Andr\u00e9 du 11 septembre&hellip;\n","protected":false},"author":2,"featured_media":619393,"comment_status":"","ping_status":"","sticky":false,"template":"","format":"standard","meta":{"footnotes":""},"categories":[1358],"tags":[1348,1384,1385,1386,58,59,1011,27],"class_list":{"0":"post-619392","1":"post","2":"type-post","3":"status-publish","4":"format-standard","5":"has-post-thumbnail","7":"category-arts-et-design","8":"tag-arts","9":"tag-arts-and-design","10":"tag-arts-et-design","11":"tag-design","12":"tag-divertissement","13":"tag-entertainment","14":"tag-fr","15":"tag-france"},"share_on_mastodon":{"url":"https:\/\/pubeurope.com\/@fr\/115773094789121105","error":""},"_links":{"self":[{"href":"https:\/\/www.europesays.com\/fr\/wp-json\/wp\/v2\/posts\/619392","targetHints":{"allow":["GET"]}}],"collection":[{"href":"https:\/\/www.europesays.com\/fr\/wp-json\/wp\/v2\/posts"}],"about":[{"href":"https:\/\/www.europesays.com\/fr\/wp-json\/wp\/v2\/types\/post"}],"author":[{"embeddable":true,"href":"https:\/\/www.europesays.com\/fr\/wp-json\/wp\/v2\/users\/2"}],"replies":[{"embeddable":true,"href":"https:\/\/www.europesays.com\/fr\/wp-json\/wp\/v2\/comments?post=619392"}],"version-history":[{"count":0,"href":"https:\/\/www.europesays.com\/fr\/wp-json\/wp\/v2\/posts\/619392\/revisions"}],"wp:featuredmedia":[{"embeddable":true,"href":"https:\/\/www.europesays.com\/fr\/wp-json\/wp\/v2\/media\/619393"}],"wp:attachment":[{"href":"https:\/\/www.europesays.com\/fr\/wp-json\/wp\/v2\/media?parent=619392"}],"wp:term":[{"taxonomy":"category","embeddable":true,"href":"https:\/\/www.europesays.com\/fr\/wp-json\/wp\/v2\/categories?post=619392"},{"taxonomy":"post_tag","embeddable":true,"href":"https:\/\/www.europesays.com\/fr\/wp-json\/wp\/v2\/tags?post=619392"}],"curies":[{"name":"wp","href":"https:\/\/api.w.org\/{rel}","templated":true}]}}