{"id":619394,"date":"2025-12-24T06:20:42","date_gmt":"2025-12-24T06:20:42","guid":{"rendered":"https:\/\/www.europesays.com\/fr\/619394\/"},"modified":"2025-12-24T06:20:42","modified_gmt":"2025-12-24T06:20:42","slug":"danse-avec-les-stars-stephane-bern-y-participe-france-televisions-voit-rouge-et-laurent-delahousse-se-retrouve-mele-aux-tensions","status":"publish","type":"post","link":"https:\/\/www.europesays.com\/fr\/619394\/","title":{"rendered":"Danse avec les stars : St\u00e9phane Bern y participe, France T\u00e9l\u00e9visions voit rouge et Laurent Delahousse se retrouve m\u00eal\u00e9 aux tensions"},"content":{"rendered":"<p><a href=\"https:\/\/www.public.fr\/tag\/stephane-bern\" target=\"_blank\" rel=\"noopener\">St\u00e9phane Bern<\/a>, figure embl\u00e9matique du paysage audiovisuel fran\u00e7ais, et notamment de France 2 avec <strong>Secrets d\u2019histoire<\/strong>, <a href=\"https:\/\/www.public.fr\/stephane-bern-rejoint-laure-manaudou-et-julien-lieb-au-casting-de-danse-avec-les-stars\" target=\"_blank\" rel=\"noopener\">s\u2019appr\u00eate \u00e0 participer \u00e0 la <strong>quinzi\u00e8me saison<\/strong><\/a><strong> de <a href=\"https:\/\/www.public.fr\/tag\/danse-avec-les-stars\" target=\"_blank\" rel=\"noopener\">Danse avec les stars<\/a><\/strong>, \u00e9mission diffus\u00e9e sur <strong>TF1<\/strong>. Une pr\u00e9sence officialis\u00e9e par la Une le <strong>2 d\u00e9cembre dernier<\/strong> qui a suscit\u00e9 de nombreuses r\u00e9actions du c\u00f4t\u00e9 de France T\u00e9l\u00e9visions \u00e0 en croire l\u2019animateur.\u00a0<\/p>\n<p>St\u00e9phane Bern, rattach\u00e9 \u00e0 <strong>France T\u00e9l\u00e9visions depuis 2006<\/strong>, vient en effet de r\u00e9v\u00e9ler dans une interview accord\u00e9e \u00e0 <a href=\"https:\/\/www.programme-tv.net\/news\/tv\/394718-ca-a-rue-dans-les-brancards-stephane-bern-raconte-la-reaction-de-france-televisions-a-sa-participation-a-danse-avec-les-stars\/#photo-2\" target=\"_blank\" rel=\"noopener\">T\u00e9l\u00e9-Loisirs<\/a> la mani\u00e8re dont la direction du groupe public a r\u00e9agi \u00e0 son choix de rejoindre le casting de ce concours de danse de TF1. La situation a mis en lumi\u00e8re des \u00ab\u00a0tensions internes\u00a0\u00bb avec son employeur habituel et a eu pour effet d\u2019impliquer d\u2019autres personnalit\u00e9s m\u00e9diatiques dans le d\u00e9bat qui n\u2019avaient rien demand\u00e9, <a href=\"https:\/\/vsd.fr\/tag\/laurent-delahousse\/\" target=\"_blank\" rel=\"noopener\">notamment Laurent Delahousse<\/a>.<\/p>\n<p><strong>La r\u00e9action de France T\u00e9l\u00e9visions \u00e0 la participation de St\u00e9phane Bern<\/strong><\/p>\n<p>La direction de <strong>France T\u00e9l\u00e9visions<\/strong> aurait \u00e9t\u00e9 <strong>surprise et peu enthousiaste<\/strong> \u00e0 l\u2019annonce de la participation de St\u00e9phane Bern \u00e0 Danse avec les stars. Selon les propos du principal int\u00e9ress\u00e9, ses responsables auraient eu une r\u00e9action vive et auraient m\u00eame fait part de leur \u00e9tonnement. <strong>\u00ab\u00a0Mais vraiment ? Tu crois ? Mais ce n\u2019est pas bien\u00a0\u00bb<\/strong>, auraient l\u00e2ch\u00e9 certains responsables du groupe selon le pr\u00e9sentateur de <strong>Secrets d\u2019histoire<\/strong>, lorsque celui-ci leur a fait part de son intention de rejoindre l\u2019\u00e9mission de TF1.\u00a0<\/p>\n<p>St\u00e9phane Bern reconna\u00eet \u00e9galement avoir <strong>inform\u00e9 la direction<\/strong> de son choix, sans pour autant solliciter une validation ou un accord formel. Il a ainsi expliqu\u00e9 que son <strong>contrat n\u2019\u00e9tait pas exclusif. C<\/strong>ela lui permettant, l\u00e9galement, de participer \u00e0 une production d\u2019une autre cha\u00eene.\u00a0<\/p>\n<p>La r\u00e9ponse de France T\u00e9l\u00e9visions a \u00e9t\u00e9 qualifi\u00e9e par St\u00e9phane Bern, lui-m\u00eame, comme une <strong>r\u00e9action franche et presque exag\u00e9r\u00e9e<\/strong>, avec des responsables qui auraient \u00ab\u00a0ru\u00e9 dans les brancards\u00a0\u00bb.<\/p>\n<p>L&rsquo;animateur a cit\u00e9 Laurent Delahousse pour se \u00ab\u00a0d\u00e9fendre\u00a0\u00bb<\/p>\n<p>Pour r\u00e9pondre \u00e0 ces r\u00e9actions internes et tenter d\u2019apaiser les tensions, St\u00e9phane Bern a <strong>mis en avant des \u00e9l\u00e9ments factuels<\/strong> au moment d\u2019expliquer son choix. Il a notamment mentionn\u00e9 un <strong>sondage<\/strong> r\u00e9alis\u00e9 par La Tribune du Dimanche, selon lequel il serait \u00ab\u00a0le deuxi\u00e8me visage le plus incarnant du service public, <strong>juste derri\u00e8re Laurent Delahousse<\/strong>\u00ab\u00a0. Cette donn\u00e9e statistique lui a servi d\u2019argument pour d\u00e9montrer \u00e0 France T\u00e9l\u00e9visions qu\u2019il pourrait valoriser le groupe public en apparaissant sur TF1 plut\u00f4t que l\u2019inverse.\u00a0<\/p>\n<p>\u00c0 travers cette r\u00e9f\u00e9rence, Laurent Delahousse se retrouve impliqu\u00e9 dans la discussion sans r\u00e9ellement rien avoir demand\u00e9. Non pas parce qu\u2019il se trouve directement concern\u00e9 par la situation, mais comme <strong>point de comparaison des personnalit\u00e9s les plus repr\u00e9sentatives du service public<\/strong> dans l\u2019esprit du public, selon le sondage \u00e9voqu\u00e9 par St\u00e9phane Bern.\u00a0<\/p>\n<p>St\u00e9phane Bern, toujours dans les colonnes de T\u00e9l\u00e9-Loisirs, a \u00e9galement cherch\u00e9 \u00e0 rassurer son employeur en soulignant que sa participation \u00e0 <strong>Danse avec les stars<\/strong> ne remettrait pas en cause ses engagements professionnels habituels aupr\u00e8s de France T\u00e9l\u00e9visions. Il a affirm\u00e9 qu\u2019\u00eatre visible sur TF1 pouvait \u00eatre b\u00e9n\u00e9fique pour la notori\u00e9t\u00e9 du service public.<\/p>\n<p>\n          Hits &amp; People en continu\n        <\/p>\n<p>\n          Public Radio\n        <\/p>\n<p>      Mentionn\u00e9s dans cet article<\/p>\n<p>      Sur le m\u00eame sujet<\/p>\n","protected":false},"excerpt":{"rendered":"St\u00e9phane Bern, figure embl\u00e9matique du paysage audiovisuel fran\u00e7ais, et notamment de France 2 avec Secrets d\u2019histoire, s\u2019appr\u00eate \u00e0&hellip;\n","protected":false},"author":2,"featured_media":619395,"comment_status":"","ping_status":"","sticky":false,"template":"","format":"standard","meta":{"footnotes":""},"categories":[1356],"tags":[194,58,59,1011,27,2400,594,5097,18875,252,199,1364],"class_list":{"0":"post-619394","1":"post","2":"type-post","3":"status-publish","4":"format-standard","5":"has-post-thumbnail","7":"category-television","8":"tag-danse-avec-les-stars","9":"tag-divertissement","10":"tag-entertainment","11":"tag-fr","12":"tag-france","13":"tag-france-televisions","14":"tag-france-2","15":"tag-laurent-delahousse","16":"tag-stephane-bern","17":"tag-television","18":"tag-tf1","19":"tag-tv"},"share_on_mastodon":{"url":"https:\/\/pubeurope.com\/@fr\/115773100763194869","error":""},"_links":{"self":[{"href":"https:\/\/www.europesays.com\/fr\/wp-json\/wp\/v2\/posts\/619394","targetHints":{"allow":["GET"]}}],"collection":[{"href":"https:\/\/www.europesays.com\/fr\/wp-json\/wp\/v2\/posts"}],"about":[{"href":"https:\/\/www.europesays.com\/fr\/wp-json\/wp\/v2\/types\/post"}],"author":[{"embeddable":true,"href":"https:\/\/www.europesays.com\/fr\/wp-json\/wp\/v2\/users\/2"}],"replies":[{"embeddable":true,"href":"https:\/\/www.europesays.com\/fr\/wp-json\/wp\/v2\/comments?post=619394"}],"version-history":[{"count":0,"href":"https:\/\/www.europesays.com\/fr\/wp-json\/wp\/v2\/posts\/619394\/revisions"}],"wp:featuredmedia":[{"embeddable":true,"href":"https:\/\/www.europesays.com\/fr\/wp-json\/wp\/v2\/media\/619395"}],"wp:attachment":[{"href":"https:\/\/www.europesays.com\/fr\/wp-json\/wp\/v2\/media?parent=619394"}],"wp:term":[{"taxonomy":"category","embeddable":true,"href":"https:\/\/www.europesays.com\/fr\/wp-json\/wp\/v2\/categories?post=619394"},{"taxonomy":"post_tag","embeddable":true,"href":"https:\/\/www.europesays.com\/fr\/wp-json\/wp\/v2\/tags?post=619394"}],"curies":[{"name":"wp","href":"https:\/\/api.w.org\/{rel}","templated":true}]}}