{"id":619396,"date":"2025-12-24T06:22:13","date_gmt":"2025-12-24T06:22:13","guid":{"rendered":"https:\/\/www.europesays.com\/fr\/619396\/"},"modified":"2025-12-24T06:22:13","modified_gmt":"2025-12-24T06:22:13","slug":"on-voulait-passer-une-etape-le-groupe-alenconnais-de-metal-ravn-sort-son-premier-album","status":"publish","type":"post","link":"https:\/\/www.europesays.com\/fr\/619396\/","title":{"rendered":"\u00ab On voulait passer une \u00e9tape \u00bb, le groupe alen\u00e7onnais de m\u00e9tal Ravn sort son premier album"},"content":{"rendered":"<p>                    Par<br \/>\n        <strong><br \/>\n            <a href=\"https:\/\/actu.fr\/auteur\/pa-marquet\" title=\"Consulter tous les articles de Pierre-Alexandre Marquet\" target=\"_blank\" rel=\"noopener\">Pierre-Alexandre Marquet<\/a><br \/>\n                    <\/strong><\/p>\n<p>        Publi\u00e9 le<\/p>\n<p>            23 d\u00e9c. 2025 \u00e0 13h34        <\/p>\n<p>L\u2019ann\u00e9e 2025 a marqu\u00e9 un tournant pour Ravn, groupe de m\u00e9tal d\u2019Alen\u00e7on (<a href=\"https:\/\/actu.fr\/orne-hebdo\/\" target=\"_blank\" rel=\"noopener\">Orne<\/a>). Premier album, premier clip, signature dans un label, plus grande sc\u00e8ne, <a href=\"https:\/\/actu.fr\/normandie\/alencon_61001\/le-groupe-de-metal-ravn-debute-sa-nouvelle-tournee-a-alencon_59623214.html?fbclid=IwAR1TnuStdBmcHycsRZa49jzUdlictFJwYJxqRW295FVXy9_dDyMCzi3p7c4\" target=\"_blank\" rel=\"noopener\">davantage de concerts<\/a>\u2026 \u00ab\u2009Je ne m\u2019attendais pas \u00e0 ce que le groupe prenne une telle ampleur\u2009\u00bb, conc\u00e8de Natas, guitariste du trio.<\/p>\n<p class=\" wall-content\">Depuis l\u2019arriv\u00e9e de Ben en tant que batteur permanent, le groupe a pris son envol. Zing, le bassiste et chanteur poursuit\u2009: \u00ab\u2009On voulait passer une \u00e9tape. <a href=\"https:\/\/actu.fr\/normandie\/alencon_61001\/alencon-le-groupe-de-metal-ravn-en-concert-pour-la-sortie-de-son-album_55267343.html\" target=\"_blank\" rel=\"noopener\">Apr\u00e8s trois EP<\/a>, sortir un premier album, c\u2019est une forme de cons\u00e9cration.\u2009\u00bb<\/p>\n<p>\u00ab\u2009Notre patte est plus affirm\u00e9e\u2009\u00bb<\/p>\n<p class=\" wall-content\">Une grande partie de l\u2019album a \u00e9t\u00e9 enregistr\u00e9e durant l\u2019\u00e9t\u00e9 2024 au studio d\u2019enregistrement L\u2019Imparfait, \u00e0 Alen\u00e7on, mais aussi \u00e0 Chartres. Le mix a \u00e9t\u00e9 fait \u00e0 Angers. \u00ab\u2009Avant on faisait tout \u00e0 Alen\u00e7on. Faire \u00e9couter nos enregistrements \u00e0 d\u2019autres personnes\u00a0\u00e7a permet d\u2019avoir un regard ext\u00e9rieur sur nos projets\u2009\u00bb, explique Natas.<\/p>\n<p class=\" wall-content\">\u00ab\u2009On nous a pas mal demand\u00e9 de faire un album, c\u2019est vrai qu\u2019avec un EP de seulement quatre titres on n\u2019a pas forc\u00e9ment le temps de s\u2019immerger dans notre musique, notre style. L\u00e0, il y en a 11, notre patte est plus affirm\u00e9e\u2009\u00bb, compl\u00e8te Zing. Le groupe propose une musique qui va du trash au heavy en passant par du stoner.<\/p>\n<p class=\" wall-content\">L\u2019album est disponible sur Spotify et sur Youtube mais aussi en physique. Il sera en vente lors des concerts et \u00ab\u2009\u00e9ventuellement dans certains magasins comme Music and co \u00e0 Cond\u00e9-sur-Sarthe.\u2009\u00bb<\/p>\n<p>Un premier clip<\/p>\n<p class=\" wall-content\">\u00ab\u2009On voit qu\u2019on est sur la bonne voie. On peut voir que les r\u00e9actions sont les m\u00eames en dehors d\u2019Alen\u00e7on\u2009\u00bb, confient les musiciens qui ont fait leur plus grande sc\u00e8ne, plus de 500\u00a0personnes, au Heavy Metal Breizh \u00e0 Plum\u00e9liau-Bieuzy en Bretagne, en f\u00e9vrier\u00a02025.<\/p>\n<p>Vid\u00e9os : en ce moment sur Actu<\/p>\n<p class=\" wall-content\">\u00ab\u2009On a d\u00e9velopp\u00e9 un style plus agressif, m\u00ealant m\u00e9tal et sonorit\u00e9 vikings, et notre image \u00e0 changer au fur et \u00e0 mesure des concerts\u2009\u00bb, d\u00e9crypte le guitariste du groupe. \u00ab\u2009On a aussi travaill\u00e9 un c\u00f4t\u00e9 plus sc\u00e9nique avec une identit\u00e9 visuelle\u2009\u00bb.<\/p>\n<p class=\" wall-content\">C\u2019est aussi dans l\u2019optique d\u2019affirmer leur style que les Alen\u00e7onnais ont r\u00e9alis\u00e9 leur premier clip sur le morceau Prayer. \u00ab\u2009C\u2019est le titre dans lequel on se retrouve le plus, c\u2019est aussi le plus chantant, celui qui fonctionne le plus aussi en live\u2009\u00bb, souligne Zing. \u00ab\u2009\u00c7a nous a demand\u00e9 deux nuits blanches, mais c\u2019est un vrai pas pour le groupe. C\u2019est aussi une fa\u00e7on de montrer qu\u2019on progresse\u2009\u00bb, poursuit son comp\u00e8re.<\/p>\n<p>Votre r\u00e9gion, votre actu !<\/p>\n<p>Recevez chaque jour les infos qui comptent pour vous.<\/p>\n<p>\t<a href=\"https:\/\/actu.fr\/newsletter\" class=\"ac-btn ac-btn--corner ac-btn--medium ac-btn--blue800\" target=\"_blank\" rel=\"noopener\">S&rsquo;incrire<\/a><br \/>\nDe prochains concerts en f\u00e9vrier<\/p>\n<p class=\" wall-content\">Le clip est aussi un argument de vente mis en avant par leur label, JsR Artistic Agency, avec qui ils ont sign\u00e9 cette ann\u00e9e. \u00ab\u2009\u00c7a nous soulage pas mal car ils s\u2019occupent de trouver des dates, des relations presses. Avant on faisait tout nous-m\u00eame\u2009\u00bb, souligne le groupe.<\/p>\n<p class=\" wall-content\">Si le groupe commence \u00e0 prendre de l\u2019importance, les musiciens l\u2019assurent, la passion les guide toujours. \u00ab\u2009J\u2019\u00e9cris des titres qui racontent une histoire. Je ne veux pas parler de politique. J\u2019ai besoin que la musique soit quelque chose de fun sinon on ne ferait pas autant de kilom\u00e8tres pour faire des concerts\u2009\u00bb, explique Natas.<\/p>\n<p class=\" wall-content\">Si le groupe est n\u00e9 pendant le Covid ne compte pas faire une trentaine de concerts comme en 2025, il pr\u00e9pare tout de m\u00eame une nouvelle set liste et un nouvel habillage sc\u00e9nique. \u00ab\u2009Il y aura une pause des concerts en d\u00e9cembre et en janvier pour repartir de plus belle avec trois dates. La premi\u00e8re, le 14\u00a0f\u00e9vrier au Winter fest de Saint-Hilaire-le-Ch\u00e2tel, puis le 14\u00a0mars lors de l\u2019Imparfest \u00e0 Alen\u00e7on, et enfin le 21\u00a0mars \u00e0 Caen\u2009\u00bb, liste les membres de Ravn.<\/p>\n<p class=\" wall-content\">Un second album \u00ab\u2009encore plus dark\u2009\u00bb est aussi pr\u00e9vu pour l\u2019\u00e9t\u00e9 ou la rentr\u00e9e 2026.<\/p>\n<p class=\" wall-content\">Personnalisez votre actualit\u00e9 en ajoutant vos villes et m\u00e9dias en favori avec <a href=\"https:\/\/moncompte.actu.fr\" title=\"D\u00e9couvez Mon Actu\" rel=\"nofollow noopener\" data-trk=\"{&quot;cta&quot;:{&quot;action&quot;:&quot;https:\\\/\\\/moncompte.actu.fr&quot;,&quot;category&quot;:&quot;mon compte&quot;,&quot;from&quot;:&quot;article footer&quot;,&quot;name&quot;:&quot;Mon actu&quot;,&quot;type&quot;:&quot;cta&quot;}}\" target=\"_blank\">Mon Actu<\/a>.<\/p>\n","protected":false},"excerpt":{"rendered":"Par Pierre-Alexandre Marquet Publi\u00e9 le 23 d\u00e9c. 2025 \u00e0 13h34 L\u2019ann\u00e9e 2025 a marqu\u00e9 un tournant pour Ravn,&hellip;\n","protected":false},"author":2,"featured_media":619397,"comment_status":"","ping_status":"","sticky":false,"template":"","format":"standard","meta":{"footnotes":""},"categories":[1355],"tags":[1697,58,59,1011,27,1652,1361,873],"class_list":{"0":"post-619396","1":"post","2":"type-post","3":"status-publish","4":"format-standard","5":"has-post-thumbnail","7":"category-musique","8":"tag-concert","9":"tag-divertissement","10":"tag-entertainment","11":"tag-fr","12":"tag-france","13":"tag-loisirs-culture","14":"tag-music","15":"tag-musique"},"share_on_mastodon":{"url":"https:\/\/pubeurope.com\/@fr\/115773108645485909","error":""},"_links":{"self":[{"href":"https:\/\/www.europesays.com\/fr\/wp-json\/wp\/v2\/posts\/619396","targetHints":{"allow":["GET"]}}],"collection":[{"href":"https:\/\/www.europesays.com\/fr\/wp-json\/wp\/v2\/posts"}],"about":[{"href":"https:\/\/www.europesays.com\/fr\/wp-json\/wp\/v2\/types\/post"}],"author":[{"embeddable":true,"href":"https:\/\/www.europesays.com\/fr\/wp-json\/wp\/v2\/users\/2"}],"replies":[{"embeddable":true,"href":"https:\/\/www.europesays.com\/fr\/wp-json\/wp\/v2\/comments?post=619396"}],"version-history":[{"count":0,"href":"https:\/\/www.europesays.com\/fr\/wp-json\/wp\/v2\/posts\/619396\/revisions"}],"wp:featuredmedia":[{"embeddable":true,"href":"https:\/\/www.europesays.com\/fr\/wp-json\/wp\/v2\/media\/619397"}],"wp:attachment":[{"href":"https:\/\/www.europesays.com\/fr\/wp-json\/wp\/v2\/media?parent=619396"}],"wp:term":[{"taxonomy":"category","embeddable":true,"href":"https:\/\/www.europesays.com\/fr\/wp-json\/wp\/v2\/categories?post=619396"},{"taxonomy":"post_tag","embeddable":true,"href":"https:\/\/www.europesays.com\/fr\/wp-json\/wp\/v2\/tags?post=619396"}],"curies":[{"name":"wp","href":"https:\/\/api.w.org\/{rel}","templated":true}]}}