{"id":61940,"date":"2025-04-29T14:00:15","date_gmt":"2025-04-29T14:00:15","guid":{"rendered":"https:\/\/www.europesays.com\/fr\/61940\/"},"modified":"2025-04-29T14:00:15","modified_gmt":"2025-04-29T14:00:15","slug":"les-directeurs-dequipes-nont-aucune-idee-de-la-hierarchie-de-2026","status":"publish","type":"post","link":"https:\/\/www.europesays.com\/fr\/61940\/","title":{"rendered":"Les directeurs d&rsquo;\u00e9quipes n&rsquo;ont aucune id\u00e9e de la hi\u00e9rarchie de 2026"},"content":{"rendered":"<p>Dans exactement neuf mois, les essais de pr\u00e9-saison de la nouvelle r\u00e9glementation 2026 se d\u00e9rouleront sur le circuit de Barcelone. Bien que la saison 2025 nous offre un certain spectacle, il est difficile de canaliser l&rsquo;attente quant \u00e0 cette prochaine saison, qui accueillera l&rsquo;un des plus grands changements de r\u00e8glement de ces derni\u00e8res ann\u00e9es en F1.<\/p>\n<p>En raison de ce grand changement, les variables sont \u00e9normes et la hi\u00e9rarchie actuelle de la discipline devrait normalement \u00eatre chamboul\u00e9e. Toutefois, l&rsquo;\u00e9ch\u00e9ance se rapproche et les \u00e9curies ont d\u00e9j\u00e0 largement entam\u00e9 le travail de d\u00e9veloppement de leur monoplace respective. De nombreuses discussions, avec la FIA notamment, ont eu lieu afin d&rsquo;\u00e9tayer au maximum les nouvelles r\u00e8gles afin de contenter au mieux tous ses acteurs, permettant donc au paddock de r\u00e9colter le plus d&rsquo;informations possibles.<\/p>\n<p>Mais alors, sur la base de ces informations, que pr\u00e9voir l&rsquo;ann\u00e9e prochaine\u00a0? Les courses seront-elles serr\u00e9es ? Est-ce qu&rsquo;il y aura du spectacle ? Ces questions a \u00e9t\u00e9 pos\u00e9es \u00e0 trois patrons d&rsquo;\u00e9quipes lors de la conf\u00e9rence de presse du vendredi du Grand Prix d&rsquo;Arabie saoudite.<\/p>\n<p> \u00ab\u00a0\u00c9coutez, je ne suis pas Madame Irma\u00a0!\u00a0\u00bb, a d\u00e9clar\u00e9 Fr\u00e9d\u00e9ric Vasseur, directeur de <a href=\"https:\/\/fr.motorsport.com\/team\/ferrari\/615\/\" target=\"_blank\" rel=\"noopener nofollow\">Ferrari<\/a>, fid\u00e8le \u00e0 lui-m\u00eame. \u00ab\u00a0Je ne peux pas dire que les courses seront serr\u00e9es dans neuf mois ou je ne sais quoi, on ne sait m\u00eame pas ce qui va se passer ce soir ou demain\u00a0! Ce qui est vrai, c&rsquo;est qu&rsquo;\u00e0 ce stade avec un nouveau r\u00e8glement\u00a0\u2013 et il faut garder \u00e0 l&rsquo;esprit que c&rsquo;est probablement le plus grand changement en F1 depuis 25 ans \u2013 on a d&rsquo;\u00e9normes \u00e9volutions sur le moteur, sur le ch\u00e2ssis, mais aussi dans le r\u00e8glement sportif.\u00a0\u00bb<\/p>\n<p>\u00ab\u00a0\u00c7a veut dire qu&rsquo;en tant qu&rsquo;\u00e9quipe, aujourd&rsquo;hui, nous devons prendre tout \u00e7a en compte, et on fait des choix. Je suis s\u00fbr qu&rsquo;on ne prend pas tous les m\u00eames directions, et on ne sait pas quel sera le r\u00e9sultat en 2026. Je ne peux pas dire que les courses seront plus serr\u00e9es que cette ann\u00e9e. Mais je pense qu&rsquo;avec la convergence des performances, au fil des ann\u00e9es, on est pass\u00e9s de gros \u00e9carts \u00e0 des \u00e9carts de six ou sept dixi\u00e8mes entre tous. De la premi\u00e8re \u00e0 la 16e place, \u00e7a se joue en quelques dixi\u00e8mes. On peut s&rsquo;attendre \u00e0 des \u00e9carts plus importants l&rsquo;ann\u00e9e prochaine, c&rsquo;est certain, mais \u00e7a fait aussi partie de l&rsquo;ADN du sport\u00a0: d\u00e9velopper, rattraper. Donc on ne va pas s&rsquo;en plaindre. On verra l&rsquo;ann\u00e9e prochaine. Restons concentr\u00e9s sur cette saison.\u00a0\u00bb<\/p>\n<p>   <img decoding=\"async\" draggable=\"false\" src=\"https:\/\/www.europesays.com\/fr\/wp-content\/uploads\/2025\/04\/f1-concept.jpg\" alt=\"Le concept F1 2026 de la FIA\" width=\"1200\" height=\"800\" loading=\"lazy\"\/> <\/p>\n<p class=\"title\">Le concept F1 2026 de la FIA<\/p>\n<p class=\"photographer\">Photo de: FIA<\/p>\n<p>C&rsquo;est ensuite Andy Cowell, team principal d&rsquo;<a href=\"https:\/\/fr.motorsport.com\/team\/aston-martin\/806\/\" target=\"_blank\" rel=\"noopener nofollow\">Aston Martin<\/a> qui s&rsquo;est exprim\u00e9\u00a0: \u00ab\u00a0Je pense que 2026 sera passionnant pour tout le monde\u00a0: carburants durables, propulsion \u00e9lectrique de 350 kW et, en plus du moteur, nouveaux pneus, nouvelle a\u00e9ro, r\u00e9duction de la tra\u00een\u00e9e sur la ligne droite&#8230; Il y a plein d&rsquo;\u00e9l\u00e9ments enthousiasmants l\u00e0-dedans. Fred a raison, le peloton va s&rsquo;\u00e9tirer et il y aura des surprises, positives comme n\u00e9gatives. Mais c&rsquo;est \u00e7a qui rend le sport excitant. Si on garde toujours les m\u00eames r\u00e8gles et qu&rsquo;on se rapproche de plus en plus, OK, toutes les voitures roulent coll\u00e9es, mais c&rsquo;est aussi super d&rsquo;avoir de nouvelles technologies, de nouveaux acteurs, comme l&rsquo;arriv\u00e9e d&rsquo;Audi.\u00a0\u00bb<\/p>\n<p>\u00ab\u00a0J&rsquo;ai rendu visite \u00e0 Honda l&rsquo;autre jour. Ils investissent \u00e9norm\u00e9ment dans la technologie des batteries, qu&rsquo;ils jugent pertinente pour les voitures de route, et je pense que d&rsquo;autres constructeurs partagent cette vision. Donc c&rsquo;est bien que ces nouvelles r\u00e8gles attirent des fabricants dans le sport, et qu&rsquo;on d\u00e9veloppe de nouvelles technologies, de nouvelles fa\u00e7ons de faire fonctionner les voitures de course. Ce sera un parcours passionnant. Il y aura beaucoup \u00e0 voir, beaucoup \u00e0 commenter, et \u00e0 beaucoup \u00e9crire.\u00a0\u00bb<\/p>\n<p>\u00ab\u00a0Difficile d&rsquo;ajouter quelque chose\u00a0\u00bb, a finalement d\u00e9clar\u00e9 Peter Bayer, PDG de <a href=\"https:\/\/fr.motorsport.com\/team\/racing-bulls-610\/610\/\" target=\"_blank\" rel=\"noopener nofollow\">Racing Bulls<\/a>. \u00ab\u00a0Peut-\u00eatre un \u00e9l\u00e9ment\u00a0: si on regarde le dernier grand changement de r\u00e8glement, il y avait beaucoup de peur et de sp\u00e9culations, mais au final les \u00e9quipes, la F1 et la FIA se sont rassembl\u00e9es et ont fait en sorte que \u00e7a fonctionne de fa\u00e7on incroyable. Je pense que c&rsquo;est notre responsabilit\u00e9 vis-\u00e0-vis des fans. Donc j&rsquo;attends \u00e7a avec beaucoup d&rsquo;impatience.\u00a0\u00bb<\/p>\n<p>Qu&rsquo;en est-il d&rsquo;une hi\u00e9rarchie des moteurs ?<br \/>\n   <img decoding=\"async\" draggable=\"false\" src=\"https:\/\/www.europesays.com\/fr\/wp-content\/uploads\/2025\/04\/cars-lined-up-on-the-pit-lane.jpg\" alt=\"Les monoplaces \u00e0 la sortie des stands\" width=\"1200\" height=\"800\" loading=\"lazy\"\/> <\/p>\n<p class=\"photographer\">Photo de: Mark Sutton \/ Motorsport Images<\/p>\n<p>Apr\u00e8s la derni\u00e8re <a href=\"https:\/\/fr.motorsport.com\/f1\/news\/2026-motoristes-traine-aides-fia\/10716623\/\" rel=\"nofollow noopener\" target=\"_blank\">r\u00e9union de la Commission F1 de la FIA,<\/a> le 24 avril dernier, les questions encore tr\u00e8s en vogue sur les r\u00e8glements moteurs de 2026 ont \u00e9t\u00e9 mises sur la table. Certains ajustements r\u00e9glementaires, notamment au sujet de la r\u00e9partition entre la puissance \u00e9lectrique et thermique, ont \u00e9t\u00e9 discut\u00e9s bien qu&rsquo;aucune d\u00e9cision concr\u00e8te n&rsquo;ait \u00e9t\u00e9 prise.\u00a0<\/p>\n<p>Il semblerait que les diff\u00e9rents motoristes ne soient pas au m\u00eame stade de d\u00e9veloppement de leur unit\u00e9 de puissance, avec le risque que certaines \u00e9quipes arrivent la saison prochaine moins pr\u00eates que d&rsquo;autres. Cela fait \u00e9cho \u00e0 un autre point abord\u00e9 lors de la Commission F1, envisageant des pistes qui permettraient \u00e0 des motoristes en difficult\u00e9s de pouvoir rattraper leur retard, et ainsi d&rsquo;\u00e9viter une domination totale d&rsquo;un groupe motopropulseur.<\/p>\n<p>Toujours pendant la conf\u00e9rence de presse \u00e0 Djeddah, Vasseur et Cowell ont \u00e9t\u00e9 interrog\u00e9s sur cette possibilit\u00e9 de voir des retards dans le d\u00e9veloppement des moteurs de certaines \u00e9quipes. Les directeurs ont r\u00e9pondu que, comme c&rsquo;est le cas pour la hi\u00e9rarchie des \u00e9curies, il est impossible d&rsquo;avoir une v\u00e9ritable id\u00e9e de l&rsquo;avanc\u00e9e et des performances des diff\u00e9rentes unit\u00e9s de puissance en construction.<\/p>\n<p>\u00ab\u00a0J&rsquo;ai essay\u00e9 de demander \u00e0 Andy quel est le niveau de performance du moteur Honda \u2013 mais il n&rsquo;a pas voulu r\u00e9pondre\u00a0!\u00a0\u00bb, a d\u00e9clar\u00e9 Vasseur en rigolant. \u00ab\u00a0Et toi, tu ne m&rsquo;as pas dit o\u00f9 tu en es non plus\u00a0!\u00a0\u00bb, a r\u00e9pondu Cowell avec malice.\u00a0<\/p>\n<p>\u00ab\u00a0Honn\u00eatement, je pense qu&rsquo;il est impossible d&rsquo;avoir une id\u00e9e pr\u00e9cise du niveau de performance des voitures ou des moteurs de l&rsquo;ann\u00e9e prochaine\u00a0\u00bb, a continu\u00e9 le patron de Ferrari. \u00ab\u00a0On ne parle pas uniquement du moteur thermique. La maniabilit\u00e9 sera cruciale. La temp\u00e9rature sera cruciale. Le moteur thermique comptera. La batterie comptera aussi. Et je ne suis pas s\u00fbr que quiconque sache ce que les autres font. Tu peux \u00eatre au top en 2025 \u2013 mais ce qui compte vraiment, c&rsquo;est 2026.\u00a0\u00bb<\/p>\n<p>Lire aussi :<\/p>\n<p>\u00ab\u00a0Exactement, Fred\u00a0\u00bb, a rench\u00e9ri Cowell. \u00ab\u00a0Nous sommes d\u00e9j\u00e0 bien engag\u00e9s dans le d\u00e9veloppement des groupes motopropulseurs. Comme Fred l&rsquo;a dit, c&rsquo;est tr\u00e8s difficile de dire que tout repose sur la puissance du vilebrequin, ou sur la batterie, ou sur la gestion thermique. Tous ces param\u00e8tres s&rsquo;\u00e9quilibrent. Il faut faire des compromis pour avoir la voiture la plus rapide possible. Et on est encore loin d&rsquo;une introduction.\u00a0\u00bb<\/p>\n<p>\u00ab\u00a0J&rsquo;imagine que chaque \u00e9quipe d&rsquo;ing\u00e9nierie regarde ce qu&rsquo;elle a et se dit\u00a0: &lsquo;Il y a toutes ces fa\u00e7ons d&rsquo;ajouter de la performance. Comment les int\u00e9grer\u00a0?&rsquo; Ensuite viendront des tas de probl\u00e8mes de fiabilit\u00e9, comment les r\u00e9soudre\u00a0? La cha\u00eene d&rsquo;approvisionnement va hurler, parce qu&rsquo;on demande \u00e0 la fois performance et fiabilit\u00e9. Il faut pousser tr\u00e8s, tr\u00e8s fort et chaque minute compte. Il reste beaucoup de minutes avant la premi\u00e8re course.\u00a0\u00bb<\/p>\n<p>\u00ab\u00a0Celui qui est devant maintenant peut reculer. Celui qui est derri\u00e8re peut avancer. Mais comment mesurer \u00e7a\u00a0? Au final, ce sera \u00e0 Melbourne 2026, en qualifications \u2013 ce sera la premi\u00e8re fois qu&rsquo;on verra tous les types de voitures, avec les nouveaux moteurs, l&rsquo;a\u00e9ro, les pneus\u2026 et ce sera le chronom\u00e8tre qui dira o\u00f9 chacun en est.\u00a0\u00bb<\/p>\n<p>Lire aussi :<\/p>\n<p>Dans cet article<\/p>\n<p>    T\u00e9ha Courbon\n<\/p>\n<p>    Formule 1\n<\/p>\n<p>    Racing Bulls\n<\/p>\n<p>    Ferrari\n<\/p>\n<p>    Aston Martin\n<\/p>\n<p>Soyez le premier inform\u00e9 et souscrivez aux alertes mails pour recevoir les infos en temps r\u00e9el<\/p>\n<p>    S&rsquo;abonner aux alertes de news<\/p>\n","protected":false},"excerpt":{"rendered":"Dans exactement neuf mois, les essais de pr\u00e9-saison de la nouvelle r\u00e9glementation 2026 se d\u00e9rouleront sur le circuit&hellip;\n","protected":false},"author":2,"featured_media":61941,"comment_status":"","ping_status":"","sticky":false,"template":"","format":"standard","meta":{"footnotes":""},"categories":[1412],"tags":[1709,1451,2251,1452,1453,1454,1455,1011,27,2253,60],"class_list":{"0":"post-61940","1":"post","2":"type-post","3":"status-publish","4":"format-standard","5":"has-post-thumbnail","7":"category-f1","8":"tag-aston-martin","9":"tag-f1","10":"tag-ferrari","11":"tag-formula-1","12":"tag-formula1","13":"tag-formule-1","14":"tag-formule1","15":"tag-fr","16":"tag-france","17":"tag-racing-bulls","18":"tag-sports"},"share_on_mastodon":{"url":"https:\/\/pubeurope.com\/@fr\/114421617374627807","error":""},"_links":{"self":[{"href":"https:\/\/www.europesays.com\/fr\/wp-json\/wp\/v2\/posts\/61940","targetHints":{"allow":["GET"]}}],"collection":[{"href":"https:\/\/www.europesays.com\/fr\/wp-json\/wp\/v2\/posts"}],"about":[{"href":"https:\/\/www.europesays.com\/fr\/wp-json\/wp\/v2\/types\/post"}],"author":[{"embeddable":true,"href":"https:\/\/www.europesays.com\/fr\/wp-json\/wp\/v2\/users\/2"}],"replies":[{"embeddable":true,"href":"https:\/\/www.europesays.com\/fr\/wp-json\/wp\/v2\/comments?post=61940"}],"version-history":[{"count":0,"href":"https:\/\/www.europesays.com\/fr\/wp-json\/wp\/v2\/posts\/61940\/revisions"}],"wp:featuredmedia":[{"embeddable":true,"href":"https:\/\/www.europesays.com\/fr\/wp-json\/wp\/v2\/media\/61941"}],"wp:attachment":[{"href":"https:\/\/www.europesays.com\/fr\/wp-json\/wp\/v2\/media?parent=61940"}],"wp:term":[{"taxonomy":"category","embeddable":true,"href":"https:\/\/www.europesays.com\/fr\/wp-json\/wp\/v2\/categories?post=61940"},{"taxonomy":"post_tag","embeddable":true,"href":"https:\/\/www.europesays.com\/fr\/wp-json\/wp\/v2\/tags?post=61940"}],"curies":[{"name":"wp","href":"https:\/\/api.w.org\/{rel}","templated":true}]}}