{"id":619400,"date":"2025-12-24T06:24:13","date_gmt":"2025-12-24T06:24:13","guid":{"rendered":"https:\/\/www.europesays.com\/fr\/619400\/"},"modified":"2025-12-24T06:24:13","modified_gmt":"2025-12-24T06:24:13","slug":"dans-quel-departement-le-virus-circule-le-plus","status":"publish","type":"post","link":"https:\/\/www.europesays.com\/fr\/619400\/","title":{"rendered":"dans quel d\u00e9partement le virus circule le plus\u00a0?"},"content":{"rendered":"<p>                    Par<br \/>\n        <strong><br \/>\n            <a href=\"https:\/\/actu.fr\/auteur\/redaction-morbihan\" title=\"Consulter tous les articles de R\u00e9daction Morbihan\" target=\"_blank\" rel=\"noopener\">R\u00e9daction Morbihan<\/a><br \/>\n                    <\/strong><\/p>\n<p>        Publi\u00e9 le<\/p>\n<p>            23 d\u00e9c. 2025 \u00e0 18h58        <\/p>\n<p>La <a href=\"https:\/\/actu.fr\/tag\/grippe\" target=\"_blank\" rel=\"noopener\">grippe <\/a>est en <a href=\"https:\/\/actu.fr\/societe\/la-grippe-explose-en-france-symptomes-variant-pic-de-l-epidemie-nos-reponses-a-10-questions-cles_63598985.html\" target=\"_blank\" rel=\"noopener\">progression <\/a>en Bretagne ces derniers jours. Cela devrait se poursuivre avec les f\u00eates de fin d\u2019ann\u00e9e. Quel est le d\u00e9partement breton le plus touch\u00e9\u2009?<\/p>\n<p>Le Morbihan le plus touch\u00e9<\/p>\n<p class=\" wall-content\">Selon Sant\u00e9 publique France, toute la <b>France est en\u00a0situation d\u2019\u00e9pid\u00e9mie\u00a0<\/b>depuis plus d\u2019une semaine.<\/p>\n<p class=\" wall-content\">Selon l\u2019Assurance maladie, la maladie se d\u00e9clare sous <b>48 heures en moyenne avec plusieurs sympt\u00f4mes<\/b> : fi\u00e8vre, frissons, fatigue intense, sensation d\u2019abattement avec perte d\u2019app\u00e9tit, douleurs musculaires, des maux de t\u00eate et une toux s\u00e8che.<\/p>\n<p class=\" wall-content\">Pour \u00e9valuer l\u2019ampleur de l\u2019\u00e9pid\u00e9mie, on va regarder le<b> taux de passages aux urgences.<\/b> Avec 1\u2009990,37 passages pour 100\u2009000 passages aux urgences, le <b>Morbihan <\/b>est le d\u00e9partement breton<b> le plus touch\u00e9.<\/b><\/p>\n<p>    <img   decoding=\"async\" loading=\"lazy\" class=\"size-large\" src=\"https:\/\/www.europesays.com\/fr\/wp-content\/uploads\/2025\/12\/39f1c795da496a902c795da49fd02cv-960x640.jpg\" alt=\"Les d\u00e9partements o\u00f9 la grippe s\u00e9vit le plus. Taux de passages aux urgences pour 100 000 passages\" width=\"960\" height=\"640\"\/><br \/>\n    Les d\u00e9partements o\u00f9 la grippe s\u00e9vit le plus. Taux de passages aux urgences pour 100 000 passages \u00a9Sant\u00e9 Publique France<\/p>\n<p class=\" wall-content\">D\u2019ailleurs, des \u00e9tablissements de sant\u00e9 morbihannais imposent le port du masque\u2009: c\u2019est le cas du centre de r\u00e9\u00e9ducation <a href=\"https:\/\/actu.fr\/bretagne\/ploemeur_56162\/face-aux-virus-respiratoires-un-centre-de-reeducation-repute-de-bretagne-instaure-le-port-du-masque_63611341.html\" target=\"_blank\" rel=\"noopener\">Kerpape <\/a>ou encore du Groupe Hospitalier Bretagne Sud.<\/p>\n<p class=\" wall-content\">Ensuite, en Bretagne administrative, on trouve l<b>\u2019Ille-et-Vilaine<\/b> avec 1\u2009615,19 passages, les <b>C\u00f4tes-d\u2019Armor<\/b> avec 1\u2009496,17 passages et le <b>Finist\u00e8re <\/b>avec 1\u2009223,69 passages.<\/p>\n<p class=\" wall-content\">Si on raisonne avec la Bretagne historique, la <b>Loire-Atlantique<\/b> est en t\u00eate avec 2\u2009280,45 passages.<\/p>\n<p>Votre r\u00e9gion, votre actu !<\/p>\n<p>Recevez chaque jour les infos qui comptent pour vous.<\/p>\n<p>\t<a href=\"https:\/\/actu.fr\/newsletter\" class=\"ac-btn ac-btn--corner ac-btn--medium ac-btn--blue800\" target=\"_blank\" rel=\"noopener\">S&rsquo;incrire<\/a><br \/>\nDes passages aux urgences en hausse<\/p>\n<p class=\" wall-content\">En Bretagne, le passage aux urgences pour grippe est en hausse de <b>63\u2009% dans les h\u00f4pitaux entre la premi\u00e8re et la deuxi\u00e8me semaine de d\u00e9cembre<\/b>. Chez SOS M\u00e9decins, la hausse est de<b> 51\u2009% <\/b>sur cette m\u00eame p\u00e9riode.<\/p>\n<p class=\" wall-content\">Les analyses prospectives de l\u2019Institut Pasteur et Sant\u00e9 publique France montrent une poursuite de la dynamique \u00e9pid\u00e9mique avec un maximum de l\u2019activit\u00e9 grippale attendu durant les f\u00eates de fin d\u2019ann\u00e9e.<\/p>\n<p>Appliquer des gestes barri\u00e8res<\/p>\n<p class=\" wall-content\">Pour contrer la propagation du virus, il faut appliquer des gestes barri\u00e8res et\/ou la vaccination.<\/p>\n<p class=\" wall-content\">Les personnes touch\u00e9es sont <b>contagieuses lorsqu\u2019elles pr\u00e9sentent des sympt\u00f4mes respiratoires<\/b>. On peut contracter la grippe plusieurs fois au cours de la m\u00eame saison. En 2024, la grippe avait caus\u00e9 la mort de <b>17\u2009000 personnes<\/b> en France.<\/p>\n<p class=\" wall-content\">Personnalisez votre actualit\u00e9 en ajoutant vos villes et m\u00e9dias en favori avec <a href=\"https:\/\/moncompte.actu.fr\" title=\"D\u00e9couvez Mon Actu\" rel=\"nofollow noopener\" data-trk=\"{&quot;cta&quot;:{&quot;action&quot;:&quot;https:\\\/\\\/moncompte.actu.fr&quot;,&quot;category&quot;:&quot;mon compte&quot;,&quot;from&quot;:&quot;article footer&quot;,&quot;name&quot;:&quot;Mon actu&quot;,&quot;type&quot;:&quot;cta&quot;}}\" target=\"_blank\">Mon Actu<\/a>.<\/p>\n","protected":false},"excerpt":{"rendered":"Par R\u00e9daction Morbihan Publi\u00e9 le 23 d\u00e9c. 2025 \u00e0 18h58 La grippe est en progression en Bretagne ces&hellip;\n","protected":false},"author":2,"featured_media":619401,"comment_status":"","ping_status":"","sticky":false,"template":"","format":"standard","meta":{"footnotes":""},"categories":[10],"tags":[118,1011,27,29786,72,100,71],"class_list":{"0":"post-619400","1":"post","2":"type-post","3":"status-publish","4":"format-standard","5":"has-post-thumbnail","7":"category-sante","8":"tag-faits-divers","9":"tag-fr","10":"tag-france","11":"tag-grippe","12":"tag-health","13":"tag-hopital","14":"tag-sante"},"share_on_mastodon":{"url":"https:\/\/pubeurope.com\/@fr\/115773117295795402","error":""},"_links":{"self":[{"href":"https:\/\/www.europesays.com\/fr\/wp-json\/wp\/v2\/posts\/619400","targetHints":{"allow":["GET"]}}],"collection":[{"href":"https:\/\/www.europesays.com\/fr\/wp-json\/wp\/v2\/posts"}],"about":[{"href":"https:\/\/www.europesays.com\/fr\/wp-json\/wp\/v2\/types\/post"}],"author":[{"embeddable":true,"href":"https:\/\/www.europesays.com\/fr\/wp-json\/wp\/v2\/users\/2"}],"replies":[{"embeddable":true,"href":"https:\/\/www.europesays.com\/fr\/wp-json\/wp\/v2\/comments?post=619400"}],"version-history":[{"count":0,"href":"https:\/\/www.europesays.com\/fr\/wp-json\/wp\/v2\/posts\/619400\/revisions"}],"wp:featuredmedia":[{"embeddable":true,"href":"https:\/\/www.europesays.com\/fr\/wp-json\/wp\/v2\/media\/619401"}],"wp:attachment":[{"href":"https:\/\/www.europesays.com\/fr\/wp-json\/wp\/v2\/media?parent=619400"}],"wp:term":[{"taxonomy":"category","embeddable":true,"href":"https:\/\/www.europesays.com\/fr\/wp-json\/wp\/v2\/categories?post=619400"},{"taxonomy":"post_tag","embeddable":true,"href":"https:\/\/www.europesays.com\/fr\/wp-json\/wp\/v2\/tags?post=619400"}],"curies":[{"name":"wp","href":"https:\/\/api.w.org\/{rel}","templated":true}]}}