{"id":619409,"date":"2025-12-24T06:29:16","date_gmt":"2025-12-24T06:29:16","guid":{"rendered":"https:\/\/www.europesays.com\/fr\/619409\/"},"modified":"2025-12-24T06:29:16","modified_gmt":"2025-12-24T06:29:16","slug":"loin-de-la-transparence-promise-la-publication-encore-partielle-des-archives-attise-la-confusion","status":"publish","type":"post","link":"https:\/\/www.europesays.com\/fr\/619409\/","title":{"rendered":"loin de la transparence promise, la publication encore partielle des archives attise la confusion"},"content":{"rendered":"<p>                     <img loading=\"lazy\" decoding=\"async\" src=\"https:\/\/www.europesays.com\/fr\/wp-content\/uploads\/2025\/12\/f153b2d_ftp-1-kpdr06kg2vsh-2025-12-20t031408z-1861542189-rc2yjiaazyim-rtrmadp-3-usa-trump-epstein-fi.jpeg\" alt=\"Jeffrey Epstein et Ghislaine Maxwell, dans leur jet priv\u00e9, sur une photo rendue publique par le d\u00e9partement de la justice am\u00e9ricain le 19\u00a0d\u00e9cembre\u00a02025.\"   width=\"664\" height=\"443\"\/>    Jeffrey Epstein et Ghislaine Maxwell, dans leur jet priv\u00e9, sur une photo rendue publique par le d\u00e9partement de la justice am\u00e9ricain le 19\u00a0d\u00e9cembre\u00a02025.  US DEPARTMENT OF JUSTICE\/VIA REUTERS                 <\/p>\n<p class=\"article__paragraph  \">Un torrent sale et confus, aux remugles toxiques. <a href=\"https:\/\/www.lemonde.fr\/affaire-epstein\/\" target=\"_blank\" rel=\"noopener\">L\u2019affaire Jeffrey Epstein<\/a>, du nom de ce pr\u00e9dateur sexuel mort en prison \u00e0 New York en\u00a02019, a pris une nouvelle dimension depuis le 19\u00a0d\u00e9cembre. Apr\u00e8s le vote quasi unanime du Congr\u00e8s un mois plus t\u00f4t, imposant une publication compl\u00e8te de toutes les archives \u00e0 disposition du minist\u00e8re de la justice, celui-ci a commenc\u00e9 \u00e0 obtemp\u00e9rer. A contrec\u0153ur, en diff\u00e9r\u00e9, sans respecter la date butoir. Depuis vendredi, en deux s\u00e9quences, une quantit\u00e9 massive de documents a \u00e9t\u00e9 publi\u00e9e en ligne.<\/p>\n<p class=\"article__paragraph  \">Avant m\u00eame que leur expertise ne soit possible, une \u00e9vidence s\u2019est impos\u00e9e, mardi 23\u00a0d\u00e9cembre. Le nom du pr\u00e9sident, Donald Trump, y appara\u00eet \u00e0 de nombreuses reprises, ce qui en soi n\u2019est pas surprenant, en raison de l\u2019amiti\u00e9 pass\u00e9e entre les deux hommes. Le r\u00e9publicain n\u2019a jamais \u00e9t\u00e9 la cible d\u2019une enqu\u00eate f\u00e9d\u00e9rale ou locale li\u00e9e \u00e0 Jeffrey Epstein, d\u2019apr\u00e8s les \u00e9l\u00e9ments connus. Il a toujours ni\u00e9 \u00eatre au courant des activit\u00e9s criminelles du financier, avec lequel il aurait rompu vers le milieu des ann\u00e9es 2000.<\/p>\n<p class=\"article__paragraph  \">Dans une d\u00e9marche hors norme, mardi, le d\u00e9partement de la justice a publi\u00e9 un communiqu\u00e9 en d\u00e9fense du pr\u00e9sident, confirmant ainsi l\u2019inf\u00e9odalisation de cette branche du gouvernement \u00e0 Donald Trump, sous l\u2019autorit\u00e9 de Pam Bondi. \u00ab\u00a0Certains de ces documents contiennent des all\u00e9gations fausses et sensationnalistes contre le pr\u00e9sident Trump qui ont \u00e9t\u00e9 adress\u00e9es au FBI [la police f\u00e9d\u00e9rale] juste avant les \u00e9lections de 2020, explique le minist\u00e8re. Pour \u00eatre clair\u00a0: ces all\u00e9gations sont non fond\u00e9es et fausses, et si elles avaient eu la moindre cr\u00e9dibilit\u00e9, elles auraient \u00e9t\u00e9 certainement d\u00e9j\u00e0 instrumentalis\u00e9es contre le pr\u00e9sident Trump.\u00a0\u00bb<\/p>\n<p class=\"reading-mode-only \"><strong>Il vous reste 79.48% de cet article \u00e0 lire. La suite est r\u00e9serv\u00e9e aux abonn\u00e9s.<\/strong><\/p>\n","protected":false},"excerpt":{"rendered":"Jeffrey Epstein et Ghislaine Maxwell, dans leur jet priv\u00e9, sur une photo rendue publique par le d\u00e9partement de&hellip;\n","protected":false},"author":2,"featured_media":619410,"comment_status":"","ping_status":"","sticky":false,"template":"","format":"standard","meta":{"footnotes":""},"categories":[5],"tags":[11,1011,27,14,12,28],"class_list":{"0":"post-619409","1":"post","2":"type-post","3":"status-publish","4":"format-standard","5":"has-post-thumbnail","7":"category-international","8":"tag-actualites","9":"tag-fr","10":"tag-france","11":"tag-international","12":"tag-news","13":"tag-world"},"share_on_mastodon":{"url":"https:\/\/pubeurope.com\/@fr\/115773137165619801","error":""},"_links":{"self":[{"href":"https:\/\/www.europesays.com\/fr\/wp-json\/wp\/v2\/posts\/619409","targetHints":{"allow":["GET"]}}],"collection":[{"href":"https:\/\/www.europesays.com\/fr\/wp-json\/wp\/v2\/posts"}],"about":[{"href":"https:\/\/www.europesays.com\/fr\/wp-json\/wp\/v2\/types\/post"}],"author":[{"embeddable":true,"href":"https:\/\/www.europesays.com\/fr\/wp-json\/wp\/v2\/users\/2"}],"replies":[{"embeddable":true,"href":"https:\/\/www.europesays.com\/fr\/wp-json\/wp\/v2\/comments?post=619409"}],"version-history":[{"count":0,"href":"https:\/\/www.europesays.com\/fr\/wp-json\/wp\/v2\/posts\/619409\/revisions"}],"wp:featuredmedia":[{"embeddable":true,"href":"https:\/\/www.europesays.com\/fr\/wp-json\/wp\/v2\/media\/619410"}],"wp:attachment":[{"href":"https:\/\/www.europesays.com\/fr\/wp-json\/wp\/v2\/media?parent=619409"}],"wp:term":[{"taxonomy":"category","embeddable":true,"href":"https:\/\/www.europesays.com\/fr\/wp-json\/wp\/v2\/categories?post=619409"},{"taxonomy":"post_tag","embeddable":true,"href":"https:\/\/www.europesays.com\/fr\/wp-json\/wp\/v2\/tags?post=619409"}],"curies":[{"name":"wp","href":"https:\/\/api.w.org\/{rel}","templated":true}]}}