{"id":619411,"date":"2025-12-24T06:30:52","date_gmt":"2025-12-24T06:30:52","guid":{"rendered":"https:\/\/www.europesays.com\/fr\/619411\/"},"modified":"2025-12-24T06:30:52","modified_gmt":"2025-12-24T06:30:52","slug":"les-bans-nont-pas-ete-publies-a-chessy-le-maire-refuse-toujours-de-valider-le-mariage-dun-homme-sous-oqtf","status":"publish","type":"post","link":"https:\/\/www.europesays.com\/fr\/619411\/","title":{"rendered":"\u00ab\u00a0Les bans n\u2019ont pas \u00e9t\u00e9 publi\u00e9s\u00a0\u00bb\u00a0: \u00e0 Chessy, le maire refuse toujours de valider le mariage d\u2019un homme sous OQTF"},"content":{"rendered":"<p class=\"paragraph text_align_left lp-f-body-02\">Le maire (sans \u00e9tiquette) de Chessy reste <a href=\"https:\/\/www.leparisien.fr\/seine-et-marne-77\/ce-nest-pas-termine-le-maire-de-chessy-persiste-a-ne-pas-vouloir-marier-un-etranger-en-situation-irreguliere-17-12-2025-OT36G2242VH4FEI53VYQFUPIJE.php\" target=\"_blank\" rel=\"noreferrer noopener\">camp\u00e9 sur ses positions<\/a>. Olivier Bourjot, qui refuse de c\u00e9l\u00e9brer un mariage entre une Finlandaise et un Alg\u00e9rien en situation irr\u00e9guli\u00e8re, n\u2019a pas respect\u00e9 une d\u00e9cision du tribunal judiciaire de Meaux, prise en r\u00e9f\u00e9r\u00e9.<\/p>\n<p class=\"\">C\u2019est ce qu\u2019a constat\u00e9 un huissier de justice ce mardi 23 d\u00e9cembre, en se rendant \u00e0 la mairie de Chessy. \u00ab Les bans n\u2019ont pas \u00e9t\u00e9 publi\u00e9s. Dans les jours qui viennent, je vais demander \u00e0 cet huissier de signifier une sommation \u00e0 la mairie. Et si rien ne bouge, je saisirai un juge de l\u2019ex\u00e9cution du tribunal judiciaire, pour qu\u2019il prononce une astreinte financi\u00e8re \u00bb, indique Me Elsa Hug, l\u2019avocate des fianc\u00e9s.<\/p>\n<p class=\"\">Les bans annon\u00e7ant l\u2019union de cette femme de 49 ans et de cet homme de 39 ans, qui habitent la commune de Chessy, auraient d\u00fb \u00eatre publi\u00e9s vendredi dernier maximum. Et ce, conform\u00e9ment au d\u00e9lib\u00e9r\u00e9 du tribunal judiciaire de Meaux en date du 10 d\u00e9cembre, que les fianc\u00e9s avaient saisi en r\u00e9f\u00e9r\u00e9.<\/p>\n<p>Le maire ne fait pas de commentaire<\/p>\n<p class=\"\">Oppos\u00e9s depuis des mois \u00e0 ce mariage, qu\u2019ils estiment arrang\u00e9s, le maire de la commune et ses sept adjoints ont d\u00e9missionn\u00e9 de leurs fonctions le samedi 13 d\u00e9cembre. Sauf que, deux jours plus tard, la pr\u00e9fecture de Seine-et-Marne <a href=\"https:\/\/www.leparisien.fr\/seine-et-marne-77\/ce-nest-pas-termine-le-maire-de-chessy-persiste-a-ne-pas-vouloir-marier-un-etranger-en-situation-irreguliere-17-12-2025-OT36G2242VH4FEI53VYQFUPIJE.php\" target=\"_blank\" rel=\"noreferrer noopener\">a refus\u00e9 leurs d\u00e9missions.<\/a> Et ce, dans le but \u00ab de pr\u00e9venir toute perturbation \u00e9ventuelle du fonctionnement de la commune \u00bb et de \u00ab pr\u00e9server la continuit\u00e9 de la vie communale, particuli\u00e8rement \u00e0 l\u2019approche des prochaines \u00e9lections municipales. \u00bb<\/p>\n<p class=\"\">La pr\u00e9fecture avait \u00e9galement expliqu\u00e9 que \u00ab la c\u00e9l\u00e9bration \u00e9ventuelle de ce mariage est sans incidence sur la situation administrative de l\u2019int\u00e9ress\u00e9 : <a href=\"https:\/\/www.leparisien.fr\/politique\/ce-nest-pas-parce-quil-va-se-marier-quon-ne-peut-pas-le-reconduire-nunez-reagit-au-mariage-polemique-dun-homme-sous-oqtf-a-chessy-17-12-2025-7BNE5FWNXRB4TGAL34UWCKGDCM.php\" target=\"_blank\" rel=\"noreferrer noopener\">elle ne conf\u00e8re aucun droit<\/a> au s\u00e9jour et ne fait pas obstacle \u00e0 l\u2019ex\u00e9cution d\u2019une mesure d\u2019\u00e9loignement, y compris vers l\u2019Alg\u00e9rie, d\u00e8s lors que les autorit\u00e9s consulaires d\u00e9livreraient un laissez-passer \u00bb.<\/p>\n<p class=\"\">En f\u00e9vrier 2022, le fianc\u00e9 &#8211; sans-papiers &#8211; avait fait l\u2019objet d\u2019une OQTF (Obligation de quitter le territoire fran\u00e7ais). Une mesure qui n\u2019est aujourd\u2019hui plus valide. Joint ce mardi, Olivier Bourjot ne souhaite pas faire de commentaire.<\/p>\n","protected":false},"excerpt":{"rendered":"Le maire (sans \u00e9tiquette) de Chessy reste camp\u00e9 sur ses positions. Olivier Bourjot, qui refuse de c\u00e9l\u00e9brer un&hellip;\n","protected":false},"author":2,"featured_media":619412,"comment_status":"","ping_status":"","sticky":false,"template":"","format":"standard","meta":{"footnotes":""},"categories":[4],"tags":[11,1011,27,1944,12,25,1937,104],"class_list":{"0":"post-619411","1":"post","2":"type-post","3":"status-publish","4":"format-standard","5":"has-post-thumbnail","7":"category-france","8":"tag-actualites","9":"tag-fr","10":"tag-france","11":"tag-ma-ville","12":"tag-news","13":"tag-republique-francaise","14":"tag-seine-et-marne","15":"tag-societe"},"share_on_mastodon":{"url":"https:\/\/pubeurope.com\/@fr\/115773143982226395","error":""},"_links":{"self":[{"href":"https:\/\/www.europesays.com\/fr\/wp-json\/wp\/v2\/posts\/619411","targetHints":{"allow":["GET"]}}],"collection":[{"href":"https:\/\/www.europesays.com\/fr\/wp-json\/wp\/v2\/posts"}],"about":[{"href":"https:\/\/www.europesays.com\/fr\/wp-json\/wp\/v2\/types\/post"}],"author":[{"embeddable":true,"href":"https:\/\/www.europesays.com\/fr\/wp-json\/wp\/v2\/users\/2"}],"replies":[{"embeddable":true,"href":"https:\/\/www.europesays.com\/fr\/wp-json\/wp\/v2\/comments?post=619411"}],"version-history":[{"count":0,"href":"https:\/\/www.europesays.com\/fr\/wp-json\/wp\/v2\/posts\/619411\/revisions"}],"wp:featuredmedia":[{"embeddable":true,"href":"https:\/\/www.europesays.com\/fr\/wp-json\/wp\/v2\/media\/619412"}],"wp:attachment":[{"href":"https:\/\/www.europesays.com\/fr\/wp-json\/wp\/v2\/media?parent=619411"}],"wp:term":[{"taxonomy":"category","embeddable":true,"href":"https:\/\/www.europesays.com\/fr\/wp-json\/wp\/v2\/categories?post=619411"},{"taxonomy":"post_tag","embeddable":true,"href":"https:\/\/www.europesays.com\/fr\/wp-json\/wp\/v2\/tags?post=619411"}],"curies":[{"name":"wp","href":"https:\/\/api.w.org\/{rel}","templated":true}]}}