{"id":619417,"date":"2025-12-24T06:36:13","date_gmt":"2025-12-24T06:36:13","guid":{"rendered":"https:\/\/www.europesays.com\/fr\/619417\/"},"modified":"2025-12-24T06:36:13","modified_gmt":"2025-12-24T06:36:13","slug":"les-premieres-nouveautes-de-ledition-2026-devoilees","status":"publish","type":"post","link":"https:\/\/www.europesays.com\/fr\/619417\/","title":{"rendered":"les premi\u00e8res nouveaut\u00e9s de l&rsquo;\u00e9dition 2026 d\u00e9voil\u00e9es"},"content":{"rendered":"<p>                    Par<br \/>\n        <strong><br \/>\n            <a href=\"https:\/\/actu.fr\/auteur\/amandine-mehl\" title=\"Consulter tous les articles de Amandine Mehl\" target=\"_blank\" rel=\"noopener\">Amandine Mehl<\/a><br \/>\n                    <\/strong><\/p>\n<p>        Publi\u00e9 le<\/p>\n<p>            24 d\u00e9c. 2025 \u00e0 7h02        <\/p>\n<p>Si la cit\u00e9 ducale est encore en plein dans les F\u00eates de <a href=\"https:\/\/actu.fr\/tag\/saint-nicolas\" target=\"_blank\" rel=\"noopener\">Saint-Nicolas<\/a>, la M\u00e9tropole du <a href=\"https:\/\/actu.fr\/tag\/grand-nancy\" target=\"_blank\" rel=\"noopener\">Grand Nancy<\/a> pense d\u2019ores et d\u00e9j\u00e0 \u00e0 l\u2019<strong>\u00e9t\u00e9<\/strong> et ses <strong>animations<\/strong>.<\/p>\n<p class=\" wall-content\">Plus pr\u00e9cis\u00e9ment, elle a d\u00e9voil\u00e9 les aspects sur lesquels porteront les <strong>nouveaut\u00e9s<\/strong> de l\u2019<strong>\u00e9dition 2026<\/strong> de la <strong>Plage des Deux Rives<\/strong>.<\/p>\n<p>Un nouvel espace d\u00e9tente \u00e0 la Plage des Deux Rives<\/p>\n<p class=\" wall-content\">Pour renforcer l\u2019<strong>attractivit\u00e9<\/strong> du site, qui a accueilli <strong>158 435 visiteurs<\/strong> en 2025 selon le Grand Nancy, la M\u00e9tropole souhaite <strong>am\u00e9liorer les conditions d\u2019accueil et de confort<\/strong>.<\/p>\n<p class=\" wall-content\">Cela passera notamment par l\u2019<strong>am\u00e9nagement des acc\u00e8s<\/strong> mais aussi la <strong>cr\u00e9ation d\u2019un nouvel espace d\u00e9tente<\/strong>. S\u2019agissant du personnel, il b\u00e9n\u00e9ficiera d\u2019<strong>espaces fonctionnels<\/strong>.<\/p>\n<p class=\" wall-content\">Personnalisez votre actualit\u00e9 en ajoutant vos villes et m\u00e9dias en favori avec <a href=\"https:\/\/moncompte.actu.fr\" title=\"D\u00e9couvez Mon Actu\" rel=\"nofollow noopener\" data-trk=\"{&quot;cta&quot;:{&quot;action&quot;:&quot;https:\\\/\\\/moncompte.actu.fr&quot;,&quot;category&quot;:&quot;mon compte&quot;,&quot;from&quot;:&quot;article footer&quot;,&quot;name&quot;:&quot;Mon actu&quot;,&quot;type&quot;:&quot;cta&quot;}}\" target=\"_blank\">Mon Actu<\/a>.<\/p>\n","protected":false},"excerpt":{"rendered":"Par Amandine Mehl Publi\u00e9 le 24 d\u00e9c. 2025 \u00e0 7h02 Si la cit\u00e9 ducale est encore en plein&hellip;\n","protected":false},"author":2,"featured_media":619418,"comment_status":"","ping_status":"","sticky":false,"template":"","format":"standard","meta":{"footnotes":""},"categories":[9635],"tags":[1111,11,1777,674,1011,27,775,10375,1702,12,25,104],"class_list":{"0":"post-619417","1":"post","2":"type-post","3":"status-publish","4":"format-standard","5":"has-post-thumbnail","7":"category-nancy","8":"tag-actu","9":"tag-actualites","10":"tag-eu","11":"tag-europe","12":"tag-fr","13":"tag-france","14":"tag-grand-est","15":"tag-grand-nancy","16":"tag-nancy","17":"tag-news","18":"tag-republique-francaise","19":"tag-societe"},"share_on_mastodon":{"url":"https:\/\/pubeurope.com\/@fr\/115773163841076751","error":""},"_links":{"self":[{"href":"https:\/\/www.europesays.com\/fr\/wp-json\/wp\/v2\/posts\/619417","targetHints":{"allow":["GET"]}}],"collection":[{"href":"https:\/\/www.europesays.com\/fr\/wp-json\/wp\/v2\/posts"}],"about":[{"href":"https:\/\/www.europesays.com\/fr\/wp-json\/wp\/v2\/types\/post"}],"author":[{"embeddable":true,"href":"https:\/\/www.europesays.com\/fr\/wp-json\/wp\/v2\/users\/2"}],"replies":[{"embeddable":true,"href":"https:\/\/www.europesays.com\/fr\/wp-json\/wp\/v2\/comments?post=619417"}],"version-history":[{"count":0,"href":"https:\/\/www.europesays.com\/fr\/wp-json\/wp\/v2\/posts\/619417\/revisions"}],"wp:featuredmedia":[{"embeddable":true,"href":"https:\/\/www.europesays.com\/fr\/wp-json\/wp\/v2\/media\/619418"}],"wp:attachment":[{"href":"https:\/\/www.europesays.com\/fr\/wp-json\/wp\/v2\/media?parent=619417"}],"wp:term":[{"taxonomy":"category","embeddable":true,"href":"https:\/\/www.europesays.com\/fr\/wp-json\/wp\/v2\/categories?post=619417"},{"taxonomy":"post_tag","embeddable":true,"href":"https:\/\/www.europesays.com\/fr\/wp-json\/wp\/v2\/tags?post=619417"}],"curies":[{"name":"wp","href":"https:\/\/api.w.org\/{rel}","templated":true}]}}