{"id":619419,"date":"2025-12-24T06:37:27","date_gmt":"2025-12-24T06:37:27","guid":{"rendered":"https:\/\/www.europesays.com\/fr\/619419\/"},"modified":"2025-12-24T06:37:27","modified_gmt":"2025-12-24T06:37:27","slug":"les-tops-et-flops-des-villages-de-saint-nicolas","status":"publish","type":"post","link":"https:\/\/www.europesays.com\/fr\/619419\/","title":{"rendered":"les tops et flops des villages de Saint-Nicolas"},"content":{"rendered":"<p>\u00c0 la veille de No\u00ebl, <a href=\"https:\/\/www.estrepublicain.fr\/culture-loisirs\/2025\/11\/21\/villages-feeriques-video-mapping-et-sapin-lumineux-nancy-declare-ouverte-la-magie-de-noel\" target=\"_blank\" rel=\"noopener\"> les villages de Saint-Nicolas<\/a> attirent toujours autant de visiteurs \u00e0 Nancy. De la place Charles-III, au pied de l\u2019\u00e9glise Saint-S\u00e9bastien, jusqu\u2019\u00e0 la place de la Carri\u00e8re, aux abords du Palais du Gouverneur et de la <a href=\"https:\/\/www.estrepublicain.fr\/p\/place-stanislas\" target=\"_blank\" rel=\"noopener\">place Stanislas<\/a>, l\u2019affluence est bien au rendez-vous. Mais alors que l\u2019\u00e9v\u00e9nement touche <a href=\"https:\/\/www.estrepublicain.fr\/culture-loisirs\/2022\/11\/07\/fetes-de-la-saint-nicolas-dates-defile-marches-toutes-les-infos-a-savoir\" target=\"_blank\" rel=\"noopener\">bient\u00f4t \u00e0 sa fin<\/a> , l\u2019heure est venue de dresser un premier bilan.<\/p>\n<p>  Une belle diversit\u00e9 d\u2019artisans place Charles-III<\/p>\n<p>Tr\u00e8s fr\u00e9quent\u00e9e, la place Charles-III s\u00e9duit par la richesse de son offre artisanale. Parmi la soixantaine de chalets, les visiteurs peuvent fl\u00e2ner entre bougies, pierres de bien-\u00eatre, chemin\u00e9es de table ou encore objets d\u00e9coratifs.<\/p>\n<p>Une vitrine appr\u00e9ciable du savoir-faire artisanal, qui donne du sens \u00e0 la balade. La pr\u00e9sence de stands de restauration permet par ailleurs de prolonger l\u2019exp\u00e9rience sur place, dans une ambiance conviviale.<\/p>\n<p>  Le retour de la patinoire naturelle place de la Carri\u00e8re<\/p>\n<p><a href=\"https:\/\/www.estrepublicain.fr\/culture-loisirs\/2025\/11\/09\/ecolo-le-nico?at_content=link&amp;at_term=LEstRepublicainNancy&amp;at_campaign=Facebook&amp;at_medium=Social&amp;at_source=nonli\" target=\"_blank\" rel=\"noopener\">Annonc\u00e9 par la mairie en novembre<\/a> , le retour de la patinoire en glace naturelle est l\u2019une des bonnes surprises de cette \u00e9dition.<\/p>\n<p>L\u2019an pass\u00e9, la version synth\u00e9tique n\u2019avait pas convaincu tous les usagers. Cette ann\u00e9e, l\u2019installation coche plusieurs cases\u00a0: l\u2019eau utilis\u00e9e provient du recyclage de celle de la piscine des Deux-Rives, \u00e9vitant ainsi le recours \u00e0 l\u2019eau potable.<\/p>\n<p>Le syst\u00e8me repose \u00e9galement sur un dispositif de refroidissement \u00e9conome en \u00e9nergie, comme l\u2019indiquent les panneaux explicatifs sur site. Une initiative \u00e0 la fois ludique et responsable, qui m\u00e9rite d\u2019\u00eatre salu\u00e9e.<\/p>\n<p>  Des tarifs de restauration discutables<\/p>\n<p>Impossible de passer \u00e0 c\u00f4t\u00e9 des incontournables de l\u2019hiver\u00a0: vin chaud, churros ou cr\u00eapes.<\/p>\n<p>Nous avons donc test\u00e9 plusieurs stands sur les diff\u00e9rents sites. Verdict\u00a0: l\u2019estomac est combl\u00e9, mais l\u2019addition peut vite grimper.<\/p>\n<p>Comptez 5\u00a0\u20ac pour une cr\u00eape \u00e0 la p\u00e2te \u00e0 tartiner aval\u00e9e en quelques bouch\u00e9es, ou encore 7\u00a0\u20ac pour huit churros.<\/p>\n<p>En ajoutant une boisson chaude et un sandwich, la facture se rapproche de celle d\u2019un restaurant\u2026 sans table ni sanitaires \u00e0 disposition.<\/p>\n<p>La comparaison avec d\u2019autres villes interroge\u00a0: \u00e0 Metz, par exemple, le verre de vin chaud de 25\u00a0cl est propos\u00e9 \u00e0 3,50\u00a0\u20ac, contre 5\u00a0\u20ac \u00e0 Nancy. Sans nourrir de rivalit\u00e9 inutile, une r\u00e9flexion sur les prix pourrait permettre de pr\u00e9server le caract\u00e8re populaire de l\u2019\u00e9v\u00e9nement.<\/p>\n<p>  Des festivit\u00e9s trop concentr\u00e9es au centre<\/p>\n<p>Sur le papier, les villages de Saint-Nicolas semblent s\u2019\u00e9tendre largement dans la ville.<\/p>\n<p>Dans les faits, le parcours reste tr\u00e8s concentr\u00e9\u00a0: de la place Charles-III \u00e0 la porte de la Craffe, en passant par la place de la Carri\u00e8re, Vaud\u00e9mont et Saint-Epvre.<\/p>\n<p>Des lieux importants comme la gare, le parc de la P\u00e9pini\u00e8re, la porte Saint-Nicolas ou la cour L\u00e9opold auraient pu \u00eatre int\u00e9gr\u00e9s \u00e0 la f\u00eate.<\/p>\n<p>Nancy regorge d\u2019espaces charg\u00e9s d\u2019histoire et d\u2019ambiances vari\u00e9es qui pourraient renforcer encore la magie de Saint-Nicolas et mieux r\u00e9partir les animations.<\/p>\n","protected":false},"excerpt":{"rendered":"\u00c0 la veille de No\u00ebl, les villages de Saint-Nicolas attirent toujours autant de visiteurs \u00e0 Nancy. De la&hellip;\n","protected":false},"author":2,"featured_media":619420,"comment_status":"","ping_status":"","sticky":false,"template":"","format":"standard","meta":{"footnotes":""},"categories":[9635],"tags":[1111,11,1687,1704,1777,674,1011,27,775,1702,1703,12,2661,25],"class_list":{"0":"post-619419","1":"post","2":"type-post","3":"status-publish","4":"format-standard","5":"has-post-thumbnail","7":"category-nancy","8":"tag-actu","9":"tag-actualites","10":"tag-culture-loisirs","11":"tag-edition-nancy-et-agglomeration","12":"tag-eu","13":"tag-europe","14":"tag-fr","15":"tag-france","16":"tag-grand-est","17":"tag-nancy","18":"tag-nancy-ville-54b","19":"tag-news","20":"tag-patrimoine-culturel","21":"tag-republique-francaise"},"share_on_mastodon":{"url":"https:\/\/pubeurope.com\/@fr\/115773167633845706","error":""},"_links":{"self":[{"href":"https:\/\/www.europesays.com\/fr\/wp-json\/wp\/v2\/posts\/619419","targetHints":{"allow":["GET"]}}],"collection":[{"href":"https:\/\/www.europesays.com\/fr\/wp-json\/wp\/v2\/posts"}],"about":[{"href":"https:\/\/www.europesays.com\/fr\/wp-json\/wp\/v2\/types\/post"}],"author":[{"embeddable":true,"href":"https:\/\/www.europesays.com\/fr\/wp-json\/wp\/v2\/users\/2"}],"replies":[{"embeddable":true,"href":"https:\/\/www.europesays.com\/fr\/wp-json\/wp\/v2\/comments?post=619419"}],"version-history":[{"count":0,"href":"https:\/\/www.europesays.com\/fr\/wp-json\/wp\/v2\/posts\/619419\/revisions"}],"wp:featuredmedia":[{"embeddable":true,"href":"https:\/\/www.europesays.com\/fr\/wp-json\/wp\/v2\/media\/619420"}],"wp:attachment":[{"href":"https:\/\/www.europesays.com\/fr\/wp-json\/wp\/v2\/media?parent=619419"}],"wp:term":[{"taxonomy":"category","embeddable":true,"href":"https:\/\/www.europesays.com\/fr\/wp-json\/wp\/v2\/categories?post=619419"},{"taxonomy":"post_tag","embeddable":true,"href":"https:\/\/www.europesays.com\/fr\/wp-json\/wp\/v2\/tags?post=619419"}],"curies":[{"name":"wp","href":"https:\/\/api.w.org\/{rel}","templated":true}]}}