{"id":61942,"date":"2025-04-29T14:01:10","date_gmt":"2025-04-29T14:01:10","guid":{"rendered":"https:\/\/www.europesays.com\/fr\/61942\/"},"modified":"2025-04-29T14:01:10","modified_gmt":"2025-04-29T14:01:10","slug":"julien-jurdie-cest-tout-de-meme-une-deception-actualite","status":"publish","type":"post","link":"https:\/\/www.europesays.com\/fr\/61942\/","title":{"rendered":"Julien Jurdie : \u00ab C\u2019est tout de m\u00eame une d\u00e9ception \u00bb &#8211; Actualit\u00e9"},"content":{"rendered":"<p style=\"text-align: justify;\"><strong>Aur\u00e9lien Paret-Peintre et Decathlon AG2R La Mondiale n\u2019ont pas r\u00e9ussi \u00e0 r\u00e9it\u00e9rer la grande performance de l\u2019an pass\u00e9. Sur les routes de Li\u00e8ge-Bastogne-Li\u00e8ge, le Haut-Savoyard se contente cette fois-ci d\u2019un fond de Top 20 (<a href=\"https:\/\/www.directvelo.com\/actualite\/120252\/aurelien-paret-peintre-c-etait-bizarre\" target=\"_blank\" rel=\"noopener\">lire sa r\u00e9action<\/a>), alors que les trois autres leaders de la WorldTeam tricolore \u00e9taient pour rappel absents de la campagne des\u00a0Classiques ardennaises ces dix derniers jours. DirectVelo \u00e9tait pr\u00e9sent dans la zone d\u2019arriv\u00e9e pour recueillir la r\u00e9action de Julien Jurdie. Le directeur sportif en profite pour tirer le bilan de l\u2019ensemble des Classiques de sa formation. Entretien. <br \/>DirectVelo : Comment analyses-tu cette Doyenne pour Decathlon AG2R La Mondiale ?<br \/>Julien Jurdie : Sportivement, en terme de r\u00e9sultat, on esp\u00e9rait forc\u00e9ment un petit peu mieux. Aur\u00e9lien (Paret-Peintre) termine 18e en ne faisant pas le sprint de l\u2019ann\u00e9e. Il a \u00e9t\u00e9 bloqu\u00e9 dans le final. C\u2019est dommage car c\u2019\u00e9tait une belle opportunit\u00e9, apr\u00e8s avoir subi dans la Redoute puis dans les derniers kilom\u00e8tres. Comme on l\u2019a vu, c\u2019\u00e9tait une course d\u2019attente comme on l\u2019avait imagin\u00e9, avec ce vent de face. Heureusement pour nous qu\u2019il y a eu ce marquage entre les outsiders. \u00c9tant donn\u00e9 le sc\u00e9nario de la fin de course avec ces regroupements, on esp\u00e9rait un Top 10 gr\u00e2ce \u00e0 la pointe de vitesse d\u2019Aur\u00e9lien mais malheureusement, il faudra se contenter d\u2019une 18e place.<br \/>Sans n\u2019avoir jamais pu v\u00e9ritablement exister\u2026<br \/>Les gar\u00e7ons se sont bien battus une fois de plus, il n\u2019y a pas de soucis l\u00e0-dessus. Aur\u00e9lien et Cl\u00e9ment (Berthet) ont donn\u00e9 le maximum, mais c\u2019est tout de m\u00eame une d\u00e9ception et il est clair qu\u2019il y a un peu de frustration.<br \/>\u00ab SUR LES FLANDRIENNES, ON A VU UNE BELLE HOMOG\u00c9N\u00c9IT\u00c9 \u00bb <br \/>Vous n\u2019avez pas pu vous pr\u00e9senter sur les Ardennaises avec votre meilleur effectif possible, ce qui est r\u00e9ellement une circonstance att\u00e9nuante\u2026<br \/>C\u2019est clair que sans Paul Lapeira, Beno\u00eet Cosnefroy et Victor Lafay, ce n\u2019est pas la m\u00eame chose car ce sont trois coureurs capables de briller sur ces courses. Mais on avait quand m\u00eame Aur\u00e9lien qui a fait une belle course. Il a eu moins de r\u00e9ussite que l\u2019an pass\u00e9, lors d\u2019un sprint o\u00f9 il y avait quand m\u00eame une quarantaine de coureurs. Mais honn\u00eatement, on ne nous a pas vu \u00e0 l\u2019avant et si on avait d\u00e9croch\u00e9 ce gros r\u00e9sultat comme l\u2019an pass\u00e9, \u00e7a aurait \u00e9t\u00e9 un petit hold-up.<br \/>Quel bilan tirer de l\u2019ensemble des Classiques ?<br \/>Sur les Flandriennes, on a vu une bonne homog\u00e9n\u00e9it\u00e9 du groupe avec pas mal de places d\u2019honneur, si on y ajoute \u00e9galement la 3e place de Dries De Bondt sur le Grand Prix de Denain, qui \u00e9tait aussi une belle Classique pav\u00e9e. Il y a eu la tr\u00e8s belle performance de Stefan Bissegger sur Paris-Roubaix (7e), puis encore Dries De Bondt sur A travers la Flandre, 7e l\u00e0 aussi. Sans oublier Oliver (Naesen) 12e au Grand Prix E3. On nous a vu \u00e0 l\u2019avant avec un groupe solide. C\u2019\u00e9tait int\u00e9ressant pour le futur, d\u2019autant qu\u2019on a aussi int\u00e9gr\u00e9 de jeunes coureurs comme Rasmus Pedersen et Oscar Chamberlain. On est plut\u00f4t content des Flandriennes. Sur les Ardennaises, c\u2019\u00e9tait forc\u00e9ment plus compliqu\u00e9 puisqu\u2019il nous manquait donc nos trois coureurs phares pour briller face au top niveau. Avec nos trois cadres, on aurait pu viser un Top 5. On quitte les Ardennaises dans la discr\u00e9tion.\u00a0<br \/><\/strong><\/p>\n","protected":false},"excerpt":{"rendered":"Aur\u00e9lien Paret-Peintre et Decathlon AG2R La Mondiale n\u2019ont pas r\u00e9ussi \u00e0 r\u00e9it\u00e9rer la grande performance de l\u2019an pass\u00e9.&hellip;\n","protected":false},"author":2,"featured_media":61943,"comment_status":"","ping_status":"","sticky":false,"template":"","format":"standard","meta":{"footnotes":""},"categories":[1411],"tags":[834,828,836,829,837,827,83,826,824,823,1154,207,814,817,815,816,822,821,832,211,839,1011,27,820,818,819,835,831,830,833,838,60,212,208,825],"class_list":{"0":"post-61942","1":"post","2":"type-post","3":"status-publish","4":"format-standard","5":"has-post-thumbnail","7":"category-cyclisme","8":"tag-attaque","9":"tag-belgique","10":"tag-braquet","11":"tag-bretagne","12":"tag-chute","13":"tag-competition","14":"tag-coupe-de-france","15":"tag-coureur","16":"tag-course-cyclisme","17":"tag-course-cycliste","18":"tag-cycling","19":"tag-cyclisme","20":"tag-direct","21":"tag-direct-velo","22":"tag-directvelo","23":"tag-directvelo-com","24":"tag-epreuve","25":"tag-epreuve-cycliste","26":"tag-federation-francaise-de-cyclisme","27":"tag-ffc","28":"tag-flandres","29":"tag-fr","30":"tag-france","31":"tag-live","32":"tag-live-course","33":"tag-live-epreuve","34":"tag-peloton","35":"tag-radio-peloton","36":"tag-radio-tour","37":"tag-ravitaillement","38":"tag-relance","39":"tag-sports","40":"tag-uci","41":"tag-velo","42":"tag-velos"},"share_on_mastodon":{"url":"https:\/\/pubeurope.com\/@fr\/114421621325099365","error":""},"_links":{"self":[{"href":"https:\/\/www.europesays.com\/fr\/wp-json\/wp\/v2\/posts\/61942","targetHints":{"allow":["GET"]}}],"collection":[{"href":"https:\/\/www.europesays.com\/fr\/wp-json\/wp\/v2\/posts"}],"about":[{"href":"https:\/\/www.europesays.com\/fr\/wp-json\/wp\/v2\/types\/post"}],"author":[{"embeddable":true,"href":"https:\/\/www.europesays.com\/fr\/wp-json\/wp\/v2\/users\/2"}],"replies":[{"embeddable":true,"href":"https:\/\/www.europesays.com\/fr\/wp-json\/wp\/v2\/comments?post=61942"}],"version-history":[{"count":0,"href":"https:\/\/www.europesays.com\/fr\/wp-json\/wp\/v2\/posts\/61942\/revisions"}],"wp:featuredmedia":[{"embeddable":true,"href":"https:\/\/www.europesays.com\/fr\/wp-json\/wp\/v2\/media\/61943"}],"wp:attachment":[{"href":"https:\/\/www.europesays.com\/fr\/wp-json\/wp\/v2\/media?parent=61942"}],"wp:term":[{"taxonomy":"category","embeddable":true,"href":"https:\/\/www.europesays.com\/fr\/wp-json\/wp\/v2\/categories?post=61942"},{"taxonomy":"post_tag","embeddable":true,"href":"https:\/\/www.europesays.com\/fr\/wp-json\/wp\/v2\/tags?post=61942"}],"curies":[{"name":"wp","href":"https:\/\/api.w.org\/{rel}","templated":true}]}}