{"id":619421,"date":"2025-12-24T06:38:16","date_gmt":"2025-12-24T06:38:16","guid":{"rendered":"https:\/\/www.europesays.com\/fr\/619421\/"},"modified":"2025-12-24T06:38:16","modified_gmt":"2025-12-24T06:38:16","slug":"pas-de-treve-des-confiseurs-pour-la-banque-alimentaire-du-var","status":"publish","type":"post","link":"https:\/\/www.europesays.com\/fr\/619421\/","title":{"rendered":"pas de tr\u00eave des confiseurs pour la Banque alimentaire du Var"},"content":{"rendered":"<p class=\"fs-5 \">On croirait des lutins s\u2019activant dans le chalet du P\u00e8re No\u00ebl. Pourtant, dans cet entrep\u00f4t de la zone du Pouverel \u00e0 La Garde, pas d\u2019oreilles pointues ni de clochettes. Et si un vieux barbu v\u00eatu de rouge est bien aper\u00e7u conduisant un transpalette, cette fois, ce sont les chasubles orange sigl\u00e9es<strong> \u00ab Banque alimentaire \u00bb<\/strong> qui tiennent le premier r\u00f4le. Ou plut\u00f4t<strong> <\/strong>les b\u00e9n\u00e9voles qui les arborent. \u00c0 quelques heures du r\u00e9veillon, ils mettent tout leur c\u0153ur \u00e0 pr\u00e9parer les denr\u00e9es qui seront ensuite distribu\u00e9es \u00e0 travers le Var.<\/p>\n<p class=\"fs-5 \">Avec un petit bonus. \u00ab Nous avons fait en sorte d\u2019avoir des produits surgel\u00e9s de f\u00eate, se r\u00e9jouit Jo\u00ebl Gattullo, le pr\u00e9sident de la Banque alimentaire. Des crevettes, des noix de Saint-Jacques\u2026 Et puis \u00e0 cette \u00e9poque, les grandes surfaces nous donnent pas mal de chocolats. \u00bb Les <strong>84 associations fournies par la structure<\/strong> pourront ainsi distribuer \u00e0 leurs b\u00e9n\u00e9ficiaires de quoi concocter un repas am\u00e9lior\u00e9 pour No\u00ebl.<\/p>\n<p>        <img src=\"https:\/\/www.europesays.com\/fr\/wp-content\/uploads\/2025\/12\/acfbf42_upload-from-url-1-lj3q5saob0aj-data-art-16687185.jpg\"   loading=\"lazy\" decoding=\"async\" alt=\"Comme ici \u00e0 Carrefour Mayol, quelque 130 magasins varois recevaient les b\u00e9n\u00e9voles de la Banque alimentaire venus r\u00e9colt\u00e9 des denr\u00e9es. \" class=\"img-fluid position-absolute w-100 object-fit-cover rounded-2\" width=\"600\" height=\"400\"\/><\/p>\n<p>                                                                                \u00ab La sensation d\u2019\u00eatre utile \u00bb<\/p>\n<p class=\"fs-5 \">Depuis 5 h 30, ce pluvieux mardi 23\u00a0d\u00e9cembre au matin,<strong> une quarantaine de b\u00e9n\u00e9voles<\/strong> est \u00e0 la man\u0153uvre : pour aller r\u00e9cup\u00e9rer les palettes de produits surgel\u00e9s \u00e0 l\u2019entrep\u00f4t de La Farl\u00e8de, pour pr\u00e9parer celles que viendront chercher les associations, pour confectionner les paniers achemin\u00e9s par des chauffeurs de la Banque alimentaire jusqu\u2019aux confins du d\u00e9partement.<\/p>\n<p class=\"fs-5 \">Et puis, il y a la \u00ab ramasse \u00bb : l<strong>es invendus de la grande distribution<\/strong> donn\u00e9s chaque jour \u00e0 la Banque alimentaire et qu\u2019il faut r\u00e9ceptionner.<\/p>\n<p class=\"fs-5 \">La m\u00e9canique est bien huil\u00e9e. Serge, b\u00e9n\u00e9vole depuis onze ans, a fait le menu, autrement dit la liste des produits de chaque chargement, tandis qu\u2019Arlette, pr\u00e9sente depuis quinze ans, accueille les structures partenaires venues en prendre possession.<\/p>\n<p class=\"fs-5 \">\u00ab L\u2019ambiance est conviviale, assure Serge, et on a la sensation d\u2019\u00eatre utile. \u00bb \u00ab On est l\u00e0, lance \u00e0 son tour Arlette, et on y reste jusqu\u2019\u00e0 ce que tout soit fini pour la journ\u00e9e. \u00bb Ce sera vers 14 heures. Avant de revenir le lendemain, jour de r\u00e9veillon : No\u00ebl ou pas, des b\u00e9n\u00e9voles seront encore l\u00e0 ce mercredi matin.<\/p>\n<p>                                                                                362 jours par an<\/p>\n<p class=\"fs-5 \">La Banque alimentaire du Var ne ferme que trois jours par an : le 25 d\u00e9cembre, le 1er janvier et le 1er mai. Un choix de Jo\u00ebl Gattullo, concert\u00e9 avec les b\u00e9n\u00e9voles, lorsqu\u2019il a pris la pr\u00e9sidence de l\u2019association voil\u00e0 huit ans. \u00ab Avant, se souvient-il, on fermait un mois en \u00e9t\u00e9 et deux semaines en hiver. Mais comment faisaient les gens alors ? \u00bb<\/p>\n<p class=\"fs-5 \">En l\u2019occurrence, quelque six mille personnes qui, chaque semaine, b\u00e9n\u00e9ficient de <strong>paniers de 7 kg de l\u00e9gumes frais<\/strong> ou en conserve, de p\u00e2tes, de riz, de l\u00e9gumineuses, de poisson, poulet ou viande.<\/p>\n<p class=\"fs-5 \">Le tout d\u2019une <strong>valeur d\u2019environ 100 euros<\/strong>, pour un co\u00fbt d\u2019\u00e0 peine quelques euros. Sans le soutien de la Banque alimentaire du Var et de ses associations partenaires, soixante mille personnes seraient priv\u00e9es de 2.600 tonnes de nourriture chaque ann\u00e9e.<\/p>\n<p>                                                                                Des communes peu mobilis\u00e9es<\/p>\n<p class=\"fs-5 \">Mais pour fonctionner, la structure a, elle aussi, besoin de soutien. Elle table \u00e0 <strong>50 % sur la participation de solidarit\u00e9<\/strong> des associations qu\u2019elle sert. Elle compte aussi, \u00e0 40 %, sur des soutiens institutionnels. Parmi eux, les communes \u2013 \u00e0 peine une vingtaine sur les 153 qui constituent le Var \u2013 repr\u00e9sentent tout juste 0,5 % du budget de la Banque alimentaire.<\/p>\n<p class=\"fs-5 \">Elle doit donc aussi compter sur des sponsors priv\u00e9s : des entreprises, voire des associations comme En Chemin. \u00ab On aurait bien aim\u00e9, grince Jo\u00ebl Gattullo, que Bernard Arnault partage son don de 10 millions d\u2019euros au Restos du c\u0153ur (en 2023, Ndlr) avec nous, qui sommes le premier r\u00e9seau d\u2019aide alimentaire en France, ainsi qu\u2019avec la Croix-Rouge et le Secours populaire. \u00bb \u00c7a aurait fait un sacr\u00e9 cadeau de No\u00ebl !<\/p>\n<p>                                                                                \u00ab La pr\u00e9carit\u00e9 ne se brade pas, elle se combat ! \u00bb<\/p>\n<p class=\"fs-5 \">Un coup de gueule. \u00c0 la veille de No\u00ebl, c\u2019est, en plus des traditionnelles agapes, ce que veut partager Jo\u00ebl Gattullo. \u00ab Parmi les associations que nous fournissons, certaines diminuent le nombre de leurs b\u00e9n\u00e9ficiaires, regrette le pr\u00e9sident de la Banque alimentaire du Var. Dans le m\u00eame temps, la pr\u00e9carit\u00e9 augmente. \u00bb<\/p>\n<p class=\"fs-5 \">Il pointe<strong> particuli\u00e8rement les \u00e9tudiants<\/strong>, \u00ab premiers \u00e0 souffrir de cette baisse \u00bb.<\/p>\n<p class=\"fs-5 \">Or, s\u2019exclame-t-il, \u00ab la pr\u00e9carit\u00e9 ne se brade pas, elle se combat ! \u00bb. Et pour \u00e7a, ass\u00e8ne-t-il encore, \u00ab on ne peut pas compter que sur l\u2019argent public, surtout dans le contexte budg\u00e9taire actuel \u00bb. Comme une r\u00e9ponse anticip\u00e9e aux associations qui arguent de baisses de subventions. \u00ab Si on est dans un esprit de combat, on trouve des solutions. Pour \u00e7a, il faut \u00eatre proactif. \u00bb<\/p>\n<p class=\"fs-5 \">C\u2019est ce que la Banque alimentaire tente de faire. Elle r\u00e9fl\u00e9chit par exemple \u00e0 mettre \u00e0 profit ses fourgons qui redescendent vides du Haut Var. \u00ab On travaille avec la pr\u00e9fecture, \u00e9voque Jo\u00ebl Gattullo, \u00e0 pouvoir proposer un service de transport \u00e0 des agriculteurs : pour eux, ce serait tr\u00e8s int\u00e9ressant financi\u00e8rement ; pour nous, ce serait l\u2019occasion de cr\u00e9er un revenu. \u00bb<\/p>\n","protected":false},"excerpt":{"rendered":"On croirait des lutins s\u2019activant dans le chalet du P\u00e8re No\u00ebl. Pourtant, dans cet entrep\u00f4t de la zone&hellip;\n","protected":false},"author":2,"featured_media":619422,"comment_status":"","ping_status":"","sticky":false,"template":"","format":"standard","meta":{"footnotes":""},"categories":[9619],"tags":[1111,11,1777,674,1011,27,12,882,25,2310],"class_list":{"0":"post-619421","1":"post","2":"type-post","3":"status-publish","4":"format-standard","5":"has-post-thumbnail","7":"category-toulon","8":"tag-actu","9":"tag-actualites","10":"tag-eu","11":"tag-europe","12":"tag-fr","13":"tag-france","14":"tag-news","15":"tag-provence-alpes-cote-dazur","16":"tag-republique-francaise","17":"tag-toulon"},"share_on_mastodon":{"url":"https:\/\/pubeurope.com\/@fr\/115773172976096785","error":""},"_links":{"self":[{"href":"https:\/\/www.europesays.com\/fr\/wp-json\/wp\/v2\/posts\/619421","targetHints":{"allow":["GET"]}}],"collection":[{"href":"https:\/\/www.europesays.com\/fr\/wp-json\/wp\/v2\/posts"}],"about":[{"href":"https:\/\/www.europesays.com\/fr\/wp-json\/wp\/v2\/types\/post"}],"author":[{"embeddable":true,"href":"https:\/\/www.europesays.com\/fr\/wp-json\/wp\/v2\/users\/2"}],"replies":[{"embeddable":true,"href":"https:\/\/www.europesays.com\/fr\/wp-json\/wp\/v2\/comments?post=619421"}],"version-history":[{"count":0,"href":"https:\/\/www.europesays.com\/fr\/wp-json\/wp\/v2\/posts\/619421\/revisions"}],"wp:featuredmedia":[{"embeddable":true,"href":"https:\/\/www.europesays.com\/fr\/wp-json\/wp\/v2\/media\/619422"}],"wp:attachment":[{"href":"https:\/\/www.europesays.com\/fr\/wp-json\/wp\/v2\/media?parent=619421"}],"wp:term":[{"taxonomy":"category","embeddable":true,"href":"https:\/\/www.europesays.com\/fr\/wp-json\/wp\/v2\/categories?post=619421"},{"taxonomy":"post_tag","embeddable":true,"href":"https:\/\/www.europesays.com\/fr\/wp-json\/wp\/v2\/tags?post=619421"}],"curies":[{"name":"wp","href":"https:\/\/api.w.org\/{rel}","templated":true}]}}