{"id":619425,"date":"2025-12-24T06:40:13","date_gmt":"2025-12-24T06:40:13","guid":{"rendered":"https:\/\/www.europesays.com\/fr\/619425\/"},"modified":"2025-12-24T06:40:13","modified_gmt":"2025-12-24T06:40:13","slug":"nous-ne-sommes-pas-des-bobos-a-velo-nous-avons-besoin-de-places-de-parking-les-habitants-de-la-paillade-inquiets","status":"publish","type":"post","link":"https:\/\/www.europesays.com\/fr\/619425\/","title":{"rendered":"\u00ab\u00a0Nous ne sommes pas des bobos \u00e0 v\u00e9lo, nous avons besoin de places de parking\u00a0\u00bb\u00a0: les habitants de la Paillade inquiets"},"content":{"rendered":"<p>\n                                                                \u00c0 la Mosson, les riverains sont pr\u00e9occup\u00e9s par la suppression de places de stationnement dans le cadre de travaux d\u2019embellissement du quartier. Voici leur avis.\n                            <\/p>\n<p>\u00ab\u00a0Comment on va faire s\u2019ils suppriment toutes les places\u00a0? D\u00e9j\u00e0 qu\u2019on a du mal \u00e0 en trouver.\u00a0\u00bb\u00a0La\u00a0grogne est en train d\u2019enfler dans le quartier de la Mosson.<\/p>\n<p>En cause le projet de suppression de places de parkings dans certaines rues et certaines contre-all\u00e9es de la Paillade. \u00ab\u00a0Et\u00a0il para\u00eetrait m\u00eame dans les r\u00e9sidences, mais on est o\u00f9\u00a0?\u00a0\u00bb<\/p>\n<p>Jean-Claude et Sa\u00efd ne d\u00e9col\u00e8rent pas. Ils ont tous les deux la m\u00eame rengaine. \u00ab\u00a0C\u2019est bien beau une fois encore de vouloir tout transformer. Mais un relooking doit \u00eatre r\u00e9fl\u00e9chi pour que \u00e7a convienne avec les besoins d\u2019une population.\u00a0\u00bb\u00a0Et l\u00e0 beaucoup craignent que leur quotidien devienne un peu plus compliqu\u00e9 avec ce projet.<\/p>\n<p>\u00ab\u00a0Laissez-nous nos voitures\u00a0!\u00a0\u00bb<\/p>\n<p>\u00ab\u00a0\u00c7a c\u2019est s\u00fbr, si c\u2019est pour rendre la vie plus difficile, \u00e7a n\u2019en vaut pas la peine. Il faut rester pragmatique avec l\u2019usage.\u00a0\u00bb<\/p>\n<p>\u00ab\u00a0Bien s\u00fbr que c\u2019est joli et agr\u00e9able les espaces verts, mais ici \u00e7a va cr\u00e9er des points de deal alors que justement c\u2019est soi-disant pour \u00e9viter \u00e7a. Laissez-nous les voitures.\u00a0\u00bb<\/p>\n<p>\u00ab\u00a0On n\u2019est pas des bobos \u00e0 v\u00e9lo nous\u00a0! On a besoin de nos voitures\u00a0\u00bb, ajoute presque en criant un passant refusant de s\u2019\u00e9terniser sur le sujet.<\/p>\n<p>Pendant que Rachida, surprise, poussette en main, regrette discr\u00e8tement cet acharnement contre la promesse d\u2019espaces verts. \u00ab\u00a0\u00c7a serait plus confortable pour moi de marcher sans zigzaguer entre les autos mal gar\u00e9es. Et puis un peu de verdure et trois bancs, \u00e7a ne serait pas de trop dans le quartier.\u00a0\u00bb<\/p>\n","protected":false},"excerpt":{"rendered":"\u00c0 la Mosson, les riverains sont pr\u00e9occup\u00e9s par la suppression de places de stationnement dans le cadre de&hellip;\n","protected":false},"author":2,"featured_media":619426,"comment_status":"","ping_status":"","sticky":false,"template":"","format":"standard","meta":{"footnotes":""},"categories":[9599],"tags":[1111,11,5949,1777,674,1011,27,7089,2208,3434,12,2680,316,25],"class_list":{"0":"post-619425","1":"post","2":"type-post","3":"status-publish","4":"format-standard","5":"has-post-thumbnail","7":"category-montpellier","8":"tag-actu","9":"tag-actualites","10":"tag-elections","11":"tag-eu","12":"tag-europe","13":"tag-fr","14":"tag-france","15":"tag-herault","16":"tag-montpellier","17":"tag-municipales-2026","18":"tag-news","19":"tag-occitanie","20":"tag-politique","21":"tag-republique-francaise"},"share_on_mastodon":{"url":"https:\/\/pubeurope.com\/@fr\/115773179380243960","error":""},"_links":{"self":[{"href":"https:\/\/www.europesays.com\/fr\/wp-json\/wp\/v2\/posts\/619425","targetHints":{"allow":["GET"]}}],"collection":[{"href":"https:\/\/www.europesays.com\/fr\/wp-json\/wp\/v2\/posts"}],"about":[{"href":"https:\/\/www.europesays.com\/fr\/wp-json\/wp\/v2\/types\/post"}],"author":[{"embeddable":true,"href":"https:\/\/www.europesays.com\/fr\/wp-json\/wp\/v2\/users\/2"}],"replies":[{"embeddable":true,"href":"https:\/\/www.europesays.com\/fr\/wp-json\/wp\/v2\/comments?post=619425"}],"version-history":[{"count":0,"href":"https:\/\/www.europesays.com\/fr\/wp-json\/wp\/v2\/posts\/619425\/revisions"}],"wp:featuredmedia":[{"embeddable":true,"href":"https:\/\/www.europesays.com\/fr\/wp-json\/wp\/v2\/media\/619426"}],"wp:attachment":[{"href":"https:\/\/www.europesays.com\/fr\/wp-json\/wp\/v2\/media?parent=619425"}],"wp:term":[{"taxonomy":"category","embeddable":true,"href":"https:\/\/www.europesays.com\/fr\/wp-json\/wp\/v2\/categories?post=619425"},{"taxonomy":"post_tag","embeddable":true,"href":"https:\/\/www.europesays.com\/fr\/wp-json\/wp\/v2\/tags?post=619425"}],"curies":[{"name":"wp","href":"https:\/\/api.w.org\/{rel}","templated":true}]}}