{"id":619427,"date":"2025-12-24T06:41:14","date_gmt":"2025-12-24T06:41:14","guid":{"rendered":"https:\/\/www.europesays.com\/fr\/619427\/"},"modified":"2025-12-24T06:41:14","modified_gmt":"2025-12-24T06:41:14","slug":"municipales-2026-a-montpellier-a-la-mosson-on-veut-preserver-lidentite-de-la-paillade-mais-sans-les-sangliers-et-les-incivilites","status":"publish","type":"post","link":"https:\/\/www.europesays.com\/fr\/619427\/","title":{"rendered":"Municipales 2026 \u00e0 Montpellier\u00a0: \u00e0 la Mosson on veut pr\u00e9server l\u2019identit\u00e9 de La Paillade mais sans les sangliers et les incivilit\u00e9s"},"content":{"rendered":"<p>\n                                                                \u00c0 l\u2019approche des \u00e9lections municipales de mars\u00a02026, la r\u00e9daction de Midi Libre Montpellier se lance dans une tourn\u00e9e des quartiers pour recueillir l\u2019avis des Montpelli\u00e9rains sur le bilan de la municipalit\u00e9 Delafosse et sonder leurs attentes pour le prochain mandat. Onzi\u00e8me et derni\u00e8re \u00e9tape\u00a0: La Mosson.\n                            <\/p>\n<p>\u00c0 quelques mois des \u00e9lections, la parole est donn\u00e9e aux habitants. Pour cette derni\u00e8re \u00e9tape, direction l\u2019un des quartiers les\u00a0plus\u00a0embl\u00e9matiques de Montpellier\u00a0: La Paillade, officiellement Mosson, m\u00eame si ceux qui y vivent sont attach\u00e9s \u00e0 l\u2019ancien nom.<\/p>\n<p>Au c\u0153ur des halles des Quatre Saisons, alors que le froid hante les all\u00e9es, les gens se bousculent et se pressent devant l\u2019\u00e9tal color\u00e9 du mara\u00eecher.\u00a0Certains d\u00e9gustent un petit caf\u00e9 pour se r\u00e9chauffer. La plupart habitent le quartier et confient avec attachement que quoi qu\u2019on dise, ce quartier a une \u00e2me bien particuli\u00e8re.<\/p>\n<p>        <img decoding=\"async\" class=\"std-img__img responsive-img\" src=\"https:\/\/www.europesays.com\/fr\/wp-content\/uploads\/2025\/12\/1766558474_794_image.jpg\" alt=\"Beaucoup de monde se pressant pour acheter des fruits et des l\u00e9gumes.\"\/><\/p>\n<p>                Beaucoup de monde se pressant pour acheter des fruits et des l\u00e9gumes.<br \/>\n                                    Midi Libre &#8211; JEAN-MICHEL MART<\/p>\n<p>\u00ab\u00a0On ne s\u2019y retrouve plus\u00a0\u00bb<\/p>\n<p>Et qui de mieux pour faire un tour des lieux que Christel Reddaf qui vit sur place depuis cinquante ans et qui a vu se succ\u00e9der les r\u00e9alisations et autres projets des diff\u00e9rents maires.\u00a0\u00ab\u00a0Quand je suis arriv\u00e9e en 1976, le quartier n\u2019\u00e9tait pas encore fini, c\u2019est pour dire que j\u2019en ai vu des changements\u00a0\u00bb, sourit-elle avec malice.<\/p>\n<p>M\u00eame si elle n\u2019est pas trop pour les d\u00e9molitions, elle l\u2019admet\u00a0: certaines actions ou r\u00e9habilitations \u00e9taient n\u00e9cessaires comme la Tour d\u2019Assas ou encore l\u2019Arche Mercure. Mais pour le reste, elle n\u2019est pas tendre avec les choix politiques des derni\u00e8res ann\u00e9es.<\/p>\n<p>\u00ab\u00a0Ce que je regrette c\u2019est qu\u2019il n\u2019y a pas assez de concertations avec les habitants.\u00a0\u00bb Les projets sont d\u00e9clin\u00e9s et ne sont pas toujours en ad\u00e9quation avec ce dont les gens ont r\u00e9ellement besoin, semble-t-elle annoncer.<\/p>\n<p>\u00ab\u00a0Entre tous les projets, on ne s\u2019y retrouve plus\u00a0\u00bb, reprochant\u00a0l\u2019exc\u00e8s d\u2019ing\u00e9rence et le peu de dialogue. \u00ab\u00a0Ils veulent d\u00e9truire la passerelle au niveau de la rue de Leyde qui r\u00e9unit tout le mail, pour en faire des \u00eelots. Moi je ne veux pas qu\u2019on nous s\u00e9pare. \u00c7a serait comme casser les Ramblas de la Paillade.\u00a0\u00bb Sans compter la suppression des places de parkings.<\/p>\n<p>Une identit\u00e9 et une fiert\u00e9<\/p>\n<p>Pour cette farouche d\u00e9fenseure\u00a0: \u00ab\u00a0Il faut que \u00e7a reste dans l\u2019esprit du quartier. Au lieu de\u00a0tout d\u00e9truire pour construire, il faut r\u00e9nover\u2026 Mais au moins on a pu garder le stade.\u00a0\u00bb<\/p>\n<p>\u00ab\u00a0C\u2019est un quartier qui a beaucoup de valeurs\u00a0\u00bb. Ce qu\u2019elle appr\u00e9cie c\u2019est la proximit\u00e9, cette identit\u00e9 forte et propre au quartier, \u00ab\u00a0le fameux vivre ensemble\u00a0\u00bb. Elle est fi\u00e8re d\u2019\u00eatre du quartier et le revendique.<\/p>\n<p>Et ce n\u2019est pas sa comparse Mireille Brun qui va la contredire\u00a0: \u00ab\u00a0La Paillade, c\u2019est un village\u00a0\u00bb, s\u2019exclame celle qui y est install\u00e9e depuis 2004. \u00ab\u00a0Au d\u00e9part, on ne m\u2019a propos\u00e9 qu\u2019un appartement ici. J\u2019ai \u00e9t\u00e9 oblig\u00e9e de venir ici mais attention\u00a0je n\u2019ai pas \u00e9t\u00e9 d\u00e9\u00e7ue.\u00a0\u00bb<\/p>\n<p>Car pour cette Montpelli\u00e9raine,\u00a0\u00bbtout est \u00e0 port\u00e9e de main\u00a0: les commerces les transports, les m\u00e9decins\u2026 entre les clubs et les m\u00e9diath\u00e8ques, on peut aussi se divertir ou voir des films\u00a0\u00bb.<\/p>\n<p>Sa seule d\u00e9ception, c\u2019est le projet avort\u00e9 de l\u2019installation de la Clinique Cl\u00e9mentville.\u00a0\u00ab\u00a0On avait beaucoup d\u2019espoir\u00a0avec son arriv\u00e9e. On ne sait pas pourquoi ils nous ont pr\u00e9sent\u00e9 le projet\u00a0si ce n\u2019\u00e9tait pas encore fait.\u00a0\u00bb<\/p>\n<p>\u00c0 part l\u2019ins\u00e9curit\u00e9 \u00e0 am\u00e9liorer, pour elle tout va bien. M\u00eame si la femme de 78 ans le confie \u00e0 voix basse\u00a0: \u00ab\u00a0Je ne m\u2019emp\u00eache pas de sortir le soir. Et puis \u00e7a craint davantage au niveau du Corum ou dans le tram qu\u2019ici.\u00a0Quand je passe le soir vers 22\u00a0h tout le monde me salue. Je n\u2019ai pas arr\u00eat\u00e9 de vivre. Mais je ne rentre pas plus tard quand m\u00eame.\u00a0\u00bb<\/p>\n<p>Sangliers et ordures m\u00e9nag\u00e8res dispers\u00e9es<\/p>\n<p>Sa seule crainte finalement c\u2019est de se retrouver nez \u00e0 nez avec les sangliers. \u00ab\u00a0Il y en a partout\u00a0\u00bb, explique C\u00e9dric, agent d\u2019entretien dans le quartier. Il ne vit plus ici, \u00ab\u00a0mais j\u2019y ai grandi et je reste tr\u00e8s attach\u00e9\u00a0\u00bb.\u00a0Alors quand il voit l\u2019\u00e9tat d\u00e9plorable des\u00a0potagers partag\u00e9s, \u00e7a le met en rogne. Entre les ordures \u00e9parpill\u00e9es et les jardins en acc\u00e8s libre\u2026 les sangliers sont vernis.<\/p>\n<p>Un peu plus loin, un groupe d\u2019anciens est attabl\u00e9. Certains pr\u00e9f\u00e8rent ne rien dire, mais l\u2019un d\u2019entre eux s\u2019exclame avec v\u00e9h\u00e9mence\u00a0: \u00ab\u00a0Ici c\u2019est d\u00e9gueulasse, il y a des incivilit\u00e9s, des portes cass\u00e9es. Enfin vous savez bien ce qui se passe dans ce quartier. Il faudrait qu\u2019il y ait davantage de contr\u00f4les, mais non, personne ne vient pour faire cesser tout \u00e7a. On pr\u00e9f\u00e8re regarder ailleurs.\u00a0\u00bb<\/p>\n<p>L\u2019homme a l\u2019impression que ce quartier et ses habitants sont mis \u00e0 la marge. \u00ab\u00a0Cela\u00a0fait\u00a060 ans que je suis en France, et \u00e0 cause de \u00e7a je veux partir.\u00a0\u00bb<\/p>\n<p>\u00ab\u00a0Il faudrait punir ceux qui jettent leurs poubelles n\u2019importe comment\u00a0\u00bb, s\u2019\u00e9nerve Omar. \u00ab\u00a0Il y en a marre. \u00c7a attire les nuisibles, \u00e7a devient vraiment pr\u00e9occupant.\u00a0\u00bb<\/p>\n<p>De belles constructions<\/p>\n<p>L\u2019arriv\u00e9e du commissariat dans le carr\u00e9 Uranus ne semble pas changer la donne en termes d\u2019ins\u00e9curit\u00e9, ni d\u2019incivilit\u00e9. \u00ab\u00a0Apr\u00e8s faut reconna\u00eetre que l\u2019immeuble est magnifique. C\u2019est bien beau de faire une belle r\u00e9sidence, mais \u00e0 force \u00e7a sera trop cher. Et si c\u2019\u00e9tait privatis\u00e9 \u00e0 terme, bonjour les loyers\u00a0\u00bb, signale Ali avec inqui\u00e9tude.<\/p>\n<p>Pour Abdelkader, la vraie r\u00e9ussite de ce mandat, c\u2019est sans conteste\u00a0l\u2019\u00e9cole Hypatie. Il esp\u00e8re que sa fille pourra y aller. \u00ab\u00a0Les gens\u00a0disent que c\u2019est tr\u00e8s bien pour les enfants et qu\u2019il y a un bon niveau.\u00a0\u00bb Nadine elle regrette que ces fils soient trop grands aujourd\u2019hui pour pouvoir en profiter. \u00ab\u00a0Mais \u00e7a ne les a pas emp\u00each\u00e9s de r\u00e9ussir et de dire haut et fort qu\u2019ils viennent d\u2019ici\u00a0: ils sont fiers d\u2019\u00eatre de la Paillade.\u00a0\u00bb<\/p>\n","protected":false},"excerpt":{"rendered":"\u00c0 l\u2019approche des \u00e9lections municipales de mars\u00a02026, la r\u00e9daction de Midi Libre Montpellier se lance dans une tourn\u00e9e&hellip;\n","protected":false},"author":2,"featured_media":619428,"comment_status":"","ping_status":"","sticky":false,"template":"","format":"standard","meta":{"footnotes":""},"categories":[9599],"tags":[1111,11,5949,1777,674,1011,27,7089,2208,3434,12,2680,316,25],"class_list":{"0":"post-619427","1":"post","2":"type-post","3":"status-publish","4":"format-standard","5":"has-post-thumbnail","7":"category-montpellier","8":"tag-actu","9":"tag-actualites","10":"tag-elections","11":"tag-eu","12":"tag-europe","13":"tag-fr","14":"tag-france","15":"tag-herault","16":"tag-montpellier","17":"tag-municipales-2026","18":"tag-news","19":"tag-occitanie","20":"tag-politique","21":"tag-republique-francaise"},"share_on_mastodon":{"url":"https:\/\/pubeurope.com\/@fr\/115773184028227057","error":""},"_links":{"self":[{"href":"https:\/\/www.europesays.com\/fr\/wp-json\/wp\/v2\/posts\/619427","targetHints":{"allow":["GET"]}}],"collection":[{"href":"https:\/\/www.europesays.com\/fr\/wp-json\/wp\/v2\/posts"}],"about":[{"href":"https:\/\/www.europesays.com\/fr\/wp-json\/wp\/v2\/types\/post"}],"author":[{"embeddable":true,"href":"https:\/\/www.europesays.com\/fr\/wp-json\/wp\/v2\/users\/2"}],"replies":[{"embeddable":true,"href":"https:\/\/www.europesays.com\/fr\/wp-json\/wp\/v2\/comments?post=619427"}],"version-history":[{"count":0,"href":"https:\/\/www.europesays.com\/fr\/wp-json\/wp\/v2\/posts\/619427\/revisions"}],"wp:featuredmedia":[{"embeddable":true,"href":"https:\/\/www.europesays.com\/fr\/wp-json\/wp\/v2\/media\/619428"}],"wp:attachment":[{"href":"https:\/\/www.europesays.com\/fr\/wp-json\/wp\/v2\/media?parent=619427"}],"wp:term":[{"taxonomy":"category","embeddable":true,"href":"https:\/\/www.europesays.com\/fr\/wp-json\/wp\/v2\/categories?post=619427"},{"taxonomy":"post_tag","embeddable":true,"href":"https:\/\/www.europesays.com\/fr\/wp-json\/wp\/v2\/tags?post=619427"}],"curies":[{"name":"wp","href":"https:\/\/api.w.org\/{rel}","templated":true}]}}