{"id":619433,"date":"2025-12-24T06:47:40","date_gmt":"2025-12-24T06:47:40","guid":{"rendered":"https:\/\/www.europesays.com\/fr\/619433\/"},"modified":"2025-12-24T06:47:40","modified_gmt":"2025-12-24T06:47:40","slug":"comment-demasquer-et-se-proteger-des-fake-news-et-de-la-desinformation","status":"publish","type":"post","link":"https:\/\/www.europesays.com\/fr\/619433\/","title":{"rendered":"Comment d\u00e9masquer et se prot\u00e9ger des fake news et de la d\u00e9sinformation\u00a0?"},"content":{"rendered":"<p>\u00a0Tout ce qui peut se passer sur internet, \u00e7a fait vraiment peur\u00a0? Comment bien r\u00e9agir\u00a0?\u00a0 Cette habitante de <a href=\"https:\/\/rennes.maville.com\/actu\/actudet_-malgre-des-incertitudes-politiques-saint-jacques-de-la-lande-souhaite-maintenir-l-ensemble-des-services-publics-_7-7113970_actu.Htm\" target=\"_blank\" rel=\"noopener\">Saint-Jacques-de-la-Lande<\/a>, pr\u00e8s de Rennes (Ille-et-Vilaine) ne cachait pas son inqui\u00e9tude apr\u00e8s la conf\u00e9rence de Richard de Logu, le 16\u00a0d\u00e9cembre 2025 \u00e0 la m\u00e9diath\u00e8que. Une quinzaine de personnes a pu ensuite \u00e9changer.<\/p>\n<p>L\u2019intervenant, de l\u2019association BUG a pr\u00e9sent\u00e9 \u00a0les risques \u00e9normes et malheureusement en forte augmentation de la d\u00e9sinformation, des fausses nouvelles, des infractions de presse, des atteintes \u00e0 la vie priv\u00e9e, des diffamations et injures publiques, du racisme, de l\u2019homophobie et des discriminations. Certains outils de l\u2019Intelligence Artificielle alimentent aussi cette offensive\u00a0\u00bb.<\/p>\n<p><strong>Lire <\/strong> <strong>aussi <\/strong> <strong>: <\/strong> <a href=\"https:\/\/rennes.maville.com\/actu\/actudet_-point-de-vue.-infox-fake-news...-avalanche-desinformationnelle-_54135-7115085_actu.Htm\" target=\"_blank\" rel=\"noopener\">POINT DE VUE. Infox, fake news\u2026 \u00ab Avalanche d\u00e9sinformationnelle \u00bb<\/a><\/p>\n<p><strong>Comment lutter\u00a0?<\/strong><\/p>\n<p>Richard de Logu a insist\u00e9 sur \u00a0la vigilance et la v\u00e9rification des contenus propos\u00e9s. Des cadres r\u00e9glementaires, en France et en Europe existent d\u00e9j\u00e0 depuis quelques ann\u00e9es, comme la loi de 1881\u00a0sur la presse. Pour prot\u00e9ger les Europ\u00e9ens, depuis le 17\u00a0f\u00e9vrier 2024, le r\u00e8glement sur les services num\u00e9riques encadre et surveille les activit\u00e9s des plateformes, en particulier celles des Gafam\u00a0: Google, Apple, Facebook, Amazon et Microsoft\u00a0\u00bb.<\/p>\n<p>L\u2019intervenant a \u00e9galement mis l\u2019accent sur la lutte contre les contenus illicites, la transparence et la mod\u00e9ration en ligne, mais aussi sur\u00a0la\u00a0protection des mineurs contre toute menace sont les priorit\u00e9s de surveillance et d\u2019action.\u00a0<a href=\"https:\/\/rennes.maville.com\/sport\/detail_-l-arcom-appelle-a-un-renforcement-urgent-de-la-lutte-contre-le-piratage-dans-les-secteurs-culturel-et-sportif-_54135-7089044_actu.Htm\" target=\"_blank\" rel=\"noopener\">L\u2019Arcom <\/a>est charg\u00e9e en France de cette r\u00e9gulation\u00a0\u00bb.<\/p>\n<p><strong>Lire <\/strong> <strong>aussi <\/strong> <strong>:<\/strong> <a href=\"https:\/\/laval.maville.com\/actu\/actudet_-dejouer-les-fake-news-avec-les-journalistes-de-ouest-france-_11-7117201_actu.Htm\" target=\"_blank\" rel=\"noopener\">D\u00e9jouer les fake news avec les journalistes de Ouest-France<\/a><\/p>\n<p><strong>Des questions du public<\/strong><\/p>\n<p>\u00a0Un march\u00e9 \u00e9norme comme Ali Baba envahit le monde.\u00a0 \u00a0L\u2019intelligence artificielle g\u00e9n\u00e9rative peut cr\u00e9er des avatars et inventer des vid\u00e9os qui d\u00e9passent le r\u00e9el.\u00a0. \u00a0La r\u00e9gulation est \u2013 elle possible au niveau\u00a0mondial\u00a0?\u00a0 \u00a0Quel impact de ces immenses serveurs sur la consommation d\u2019\u00e9nergie\u00a0. Les questions ont \u00e9t\u00e9 nombreuses.<\/p>\n<p>Richard de Logu a rappel\u00e9 l\u2019importance de l\u2019\u00e9ducation et aussi des contr\u00f4les de l\u2019information \u00a0Nous avons travaill\u00e9 avec des coll\u00e9giens pour leur montrer qu\u2019un mod\u00e8le plus vertueux est possible. Il n\u2019y a pas de fatalit\u00e9, finalement c\u2019est l\u2019internaute qui d\u00e9cide.\u00a0<\/p>\n<p>\u00a0<\/p>\n","protected":false},"excerpt":{"rendered":"\u00a0Tout ce qui peut se passer sur internet, \u00e7a fait vraiment peur\u00a0? Comment bien r\u00e9agir\u00a0?\u00a0 Cette habitante de&hellip;\n","protected":false},"author":2,"featured_media":619434,"comment_status":"","ping_status":"","sticky":false,"template":"","format":"standard","meta":{"footnotes":""},"categories":[2821],"tags":[1111,11,829,72946,4121,1777,674,44366,1011,27,12,4741,584,25],"class_list":{"0":"post-619433","1":"post","2":"type-post","3":"status-publish","4":"format-standard","5":"has-post-thumbnail","7":"category-rennes","8":"tag-actu","9":"tag-actualites","10":"tag-bretagne","11":"tag-demasquer","12":"tag-desinformation","13":"tag-eu","14":"tag-europe","15":"tag-fake","16":"tag-fr","17":"tag-france","18":"tag-news","19":"tag-proteger","20":"tag-rennes","21":"tag-republique-francaise"},"share_on_mastodon":{"url":"https:\/\/pubeurope.com\/@fr\/115773206880083711","error":""},"_links":{"self":[{"href":"https:\/\/www.europesays.com\/fr\/wp-json\/wp\/v2\/posts\/619433","targetHints":{"allow":["GET"]}}],"collection":[{"href":"https:\/\/www.europesays.com\/fr\/wp-json\/wp\/v2\/posts"}],"about":[{"href":"https:\/\/www.europesays.com\/fr\/wp-json\/wp\/v2\/types\/post"}],"author":[{"embeddable":true,"href":"https:\/\/www.europesays.com\/fr\/wp-json\/wp\/v2\/users\/2"}],"replies":[{"embeddable":true,"href":"https:\/\/www.europesays.com\/fr\/wp-json\/wp\/v2\/comments?post=619433"}],"version-history":[{"count":0,"href":"https:\/\/www.europesays.com\/fr\/wp-json\/wp\/v2\/posts\/619433\/revisions"}],"wp:featuredmedia":[{"embeddable":true,"href":"https:\/\/www.europesays.com\/fr\/wp-json\/wp\/v2\/media\/619434"}],"wp:attachment":[{"href":"https:\/\/www.europesays.com\/fr\/wp-json\/wp\/v2\/media?parent=619433"}],"wp:term":[{"taxonomy":"category","embeddable":true,"href":"https:\/\/www.europesays.com\/fr\/wp-json\/wp\/v2\/categories?post=619433"},{"taxonomy":"post_tag","embeddable":true,"href":"https:\/\/www.europesays.com\/fr\/wp-json\/wp\/v2\/tags?post=619433"}],"curies":[{"name":"wp","href":"https:\/\/api.w.org\/{rel}","templated":true}]}}