{"id":619437,"date":"2025-12-24T06:49:09","date_gmt":"2025-12-24T06:49:09","guid":{"rendered":"https:\/\/www.europesays.com\/fr\/619437\/"},"modified":"2025-12-24T06:49:09","modified_gmt":"2025-12-24T06:49:09","slug":"voici-a-quelle-meteo-sattendre-a-strasbourg-pour-le-25-decembre","status":"publish","type":"post","link":"https:\/\/www.europesays.com\/fr\/619437\/","title":{"rendered":"voici \u00e0 quelle m\u00e9t\u00e9o s&rsquo;attendre \u00e0 Strasbourg pour le 25 d\u00e9cembre"},"content":{"rendered":"<p>                    Par<br \/>\n        <strong><br \/>\n            <a href=\"https:\/\/actu.fr\/auteur\/thomas-blanc\" title=\"Consulter tous les articles de Thomas Blanc\" target=\"_blank\" rel=\"noopener\">Thomas Blanc<\/a><br \/>\n                    <\/strong><\/p>\n<p>        Publi\u00e9 le<\/p>\n<p>            24 d\u00e9c. 2025 \u00e0 7h02        <\/p>\n<p>Le d\u00e9but du mois de d\u00e9cembre a \u00e9t\u00e9 <a href=\"https:\/\/actu.fr\/meteo\/meteo-une-douceur-exceptionnelle-pour-un-mois-de-decembre-va-s-installer-en-alsace-voici-les-previsions_63534632.html\" target=\"_blank\" rel=\"noopener\">particuli\u00e8rement cl\u00e9ment en termes de temp\u00e9rature<\/a> \u00e0 <a href=\"https:\/\/actu.fr\/strasbourg\/\" target=\"_blank\" rel=\"noopener\">Strasbourg<\/a>. Ce ne sera <strong>pas le cas de la fin du mois<\/strong> au point que Christophe Mertz, m\u00e9t\u00e9orologue chez <a href=\"https:\/\/www.facebook.com\/AtmoRisk?locale=fr_FR\" target=\"_blank\" rel=\"noopener\">Atmo-Risk<\/a>, pr\u00e9dit<strong> le 25\u00a0d\u00e9cembre le plus froid depuis 2010<\/strong>, voici le d\u00e9tail.<\/p>\n<p>Des temp\u00e9ratures n\u00e9gatives le matin de No\u00ebl \u00e0 Strasbourg, une premi\u00e8re depuis 2010<\/p>\n<p class=\" wall-content\">Ces derni\u00e8res ann\u00e9es, les 25\u00a0d\u00e9cembre se sont fait remarquer <strong>pour leur douceur<\/strong>. Le m\u00e9t\u00e9orologue Christophe Mertz en fait la liste pour Actu Strasbourg\u2009: <strong>15 degr\u00e9s<\/strong> le 25\u00a0d\u00e9cembre <strong>2015<\/strong>, idem en <strong>2022<\/strong>. Il a \u00e9galement fait 15\u00b0C les 24\u00a0d\u00e9cembre 2012, 2013 et 2015. Autant dire que <strong>ce n\u2019est pas le programme pour cette ann\u00e9e 2025<\/strong>.<\/p>\n<p class=\" wall-content\">\u00ab\u2009Au matin de No\u00ebl, il fera <strong>entre -1 et -2\u00b0C<\/strong>, les maximales tourneront autour de 2\u00b0C\u2009\u00bb, fait savoir le sp\u00e9cialiste. <strong>Une premi\u00e8re depuis 2010<\/strong>, derni\u00e8re ann\u00e9e o\u00f9 il a gel\u00e9 un 25\u00a0d\u00e9cembre dans la capitale alsacienne avec -4\u00b0C. \u00ab\u2009La ville \u00e9tait recouverte de neige\u2009\u00bb, se rappelle M. Mertz.<\/p>\n<p>La bise de No\u00ebl accentuera la sensation de froid<\/p>\n<p class=\" wall-content\">Ce dernier rappelle que <strong>ces temp\u00e9ratures sont ordinaires<\/strong> pour la saison, \u00ab\u2009ce sont les derni\u00e8res ann\u00e9es qui \u00e9taient trop douces\u2009\u00bb, sp\u00e9cifie-t-il.<\/p>\n<p class=\" wall-content\">En revanche, <strong>le vent accentuera la sensation de froid<\/strong>. Il soufflera <strong>entre 50 et 60\u00a0km\/h<\/strong> le 25\u00a0d\u00e9cembre et donnera \u00ab\u2009un ressenti<strong> autour de -8 ou -9\u00b0C <\/strong>le matin\u2009\u00bb, conclut Christophe Mertz.<\/p>\n<p class=\" wall-content\">Quelques flocons pourraient \u00eatre aper\u00e7us d\u00e8s ce 24 d\u00e9cembre au soir m\u00eame si les chances de voir la neige s\u2019inviter aux derni\u00e8res heures du march\u00e9 de No\u00ebl sont tr\u00e8s faibles.<\/p>\n<p class=\" wall-content\">Personnalisez votre actualit\u00e9 en ajoutant vos villes et m\u00e9dias en favori avec <a href=\"https:\/\/moncompte.actu.fr\" title=\"D\u00e9couvez Mon Actu\" rel=\"nofollow noopener\" data-trk=\"{&quot;cta&quot;:{&quot;action&quot;:&quot;https:\\\/\\\/moncompte.actu.fr&quot;,&quot;category&quot;:&quot;mon compte&quot;,&quot;from&quot;:&quot;article footer&quot;,&quot;name&quot;:&quot;Mon actu&quot;,&quot;type&quot;:&quot;cta&quot;}}\" target=\"_blank\">Mon Actu<\/a>.<\/p>\n","protected":false},"excerpt":{"rendered":"Par Thomas Blanc Publi\u00e9 le 24 d\u00e9c. 2025 \u00e0 7h02 Le d\u00e9but du mois de d\u00e9cembre a \u00e9t\u00e9&hellip;\n","protected":false},"author":2,"featured_media":619438,"comment_status":"","ping_status":"","sticky":false,"template":"","format":"standard","meta":{"footnotes":""},"categories":[2820],"tags":[1111,11,1777,674,1011,27,775,2357,12,15830,25,104,640],"class_list":{"0":"post-619437","1":"post","2":"type-post","3":"status-publish","4":"format-standard","5":"has-post-thumbnail","7":"category-strasbourg","8":"tag-actu","9":"tag-actualites","10":"tag-eu","11":"tag-europe","12":"tag-fr","13":"tag-france","14":"tag-grand-est","15":"tag-meteo-france","16":"tag-news","17":"tag-noel","18":"tag-republique-francaise","19":"tag-societe","20":"tag-strasbourg"},"share_on_mastodon":{"url":"https:\/\/pubeurope.com\/@fr\/115773214816051576","error":""},"_links":{"self":[{"href":"https:\/\/www.europesays.com\/fr\/wp-json\/wp\/v2\/posts\/619437","targetHints":{"allow":["GET"]}}],"collection":[{"href":"https:\/\/www.europesays.com\/fr\/wp-json\/wp\/v2\/posts"}],"about":[{"href":"https:\/\/www.europesays.com\/fr\/wp-json\/wp\/v2\/types\/post"}],"author":[{"embeddable":true,"href":"https:\/\/www.europesays.com\/fr\/wp-json\/wp\/v2\/users\/2"}],"replies":[{"embeddable":true,"href":"https:\/\/www.europesays.com\/fr\/wp-json\/wp\/v2\/comments?post=619437"}],"version-history":[{"count":0,"href":"https:\/\/www.europesays.com\/fr\/wp-json\/wp\/v2\/posts\/619437\/revisions"}],"wp:featuredmedia":[{"embeddable":true,"href":"https:\/\/www.europesays.com\/fr\/wp-json\/wp\/v2\/media\/619438"}],"wp:attachment":[{"href":"https:\/\/www.europesays.com\/fr\/wp-json\/wp\/v2\/media?parent=619437"}],"wp:term":[{"taxonomy":"category","embeddable":true,"href":"https:\/\/www.europesays.com\/fr\/wp-json\/wp\/v2\/categories?post=619437"},{"taxonomy":"post_tag","embeddable":true,"href":"https:\/\/www.europesays.com\/fr\/wp-json\/wp\/v2\/tags?post=619437"}],"curies":[{"name":"wp","href":"https:\/\/api.w.org\/{rel}","templated":true}]}}