{"id":619441,"date":"2025-12-24T06:52:13","date_gmt":"2025-12-24T06:52:13","guid":{"rendered":"https:\/\/www.europesays.com\/fr\/619441\/"},"modified":"2025-12-24T06:52:13","modified_gmt":"2025-12-24T06:52:13","slug":"la-minute-rouge-et-noir-retour-sur-le-derby-ogc-nice-om-2-0","status":"publish","type":"post","link":"https:\/\/www.europesays.com\/fr\/619441\/","title":{"rendered":"La minute Rouge et Noir\u00a0: Retour sur le derby OGC Nice &#8211; OM (2-0)"},"content":{"rendered":"<p>En attendant de basculer vers 2026, on revient sur les matchs de l&rsquo;OGC Nice qui ont marqu\u00e9 l&rsquo;ann\u00e9e. Retour ce mercredi sur le derby face \u00e0 l&rsquo;OM la saison derni\u00e8re qui reste sans doute le match le plus abouti avec Franck Haise sur le banc.<\/p>\n<p>Retour ce mercredi sur ce derby victorieux face \u00e0 l&rsquo;OM pour \u00e9viter de vous couper l&rsquo;app\u00e9tit avant le r\u00e9veillon. Mais aussi pour mesurer le contraste et la marche arri\u00e8re vitesse grand V effectu\u00e9e entre le d\u00e9but et la fin de l\u2019ann\u00e9e. De ce succ\u00e8s ultra convaincant 2-0 face aux Olympiens\u00a0le 26 janvier \u00e0 cette racl\u00e9e 5-1 re\u00e7ue \u00e0 la maison en novembre.<\/p>\n<p>M\u00eame adversaire, m\u00eames entraineurs sur le banc mais plus la m\u00eame limonade sur le terrain, o\u00f9 le Gym de Franck Haise s\u2019est totalement d\u00e9lit\u00e9 au fil des mois. Redoutable en janvier quand il bat Rennes (3-2) ou Reims (4-2) en empilant les buts. Et terrasse l\u2019OM donc gr\u00e2ce au match le plus aboutit de sa saison sans doute. Avec ce retour au syst\u00e8me pr\u00e9f\u00e9rentiel de Franck Haise. Ce 3-4-3 d\u00e9laiss\u00e9 au fil des blessures \u00e0 l\u2019automne et que le coach relance quand il retrouve notamment du monde derri\u00e8re. Faisant une victime\u00a0: Sofiane Diop. Redevenu titulaire mais qui va suivre ce match des tribunes puisqu\u2019il est suspendu.<\/p>\n<p>Diop observe ses co\u00e9quipiers marcher sur les Marseillais, \u00e0 l\u2019image d\u2019un Guessand surpuissant, qui pique le ballon a Balerdi avant d\u2019aller le glisser dans le but de Rulli pour lancer une soir\u00e9e qui sera \u00e9clips\u00e9e par cette banderole tendancieuse de la Populaire Sud sur la chasse aux rats.<\/p>\n<p>Sur la pelouse les Aiglons sont des lions, mordent les ballons et les mollets phoc\u00e9ens. Dans un stade bouillant et mis a l\u2019abri par Cho. Nice s\u2019impose 2-0 et semble parti pour jouer le podium alors qu\u2019il r\u00e9cup\u00e8re petit a petit ses bless\u00e9s et vient d\u2019\u00eatre \u00e9limin\u00e9 de l\u2019Europe. Un seul match par semaine \u00e0 jouer, on se dit que \u00e7a va finir derri\u00e8re le PSG pour enfin transformer l\u2019essai annonc\u00e9 par In\u00e9os depuis 6 ans. Sauf que la nouvelle concurrence va mettre un gout de rance dans la suite de la saison\u2026<\/p>\n<p>\u00c0 lire aussi   <img decoding=\"async\" src=\"https:\/\/www.europesays.com\/fr\/wp-content\/uploads\/2025\/12\/1766559133_663_400x400\" alt=\"\" style=\"--_image-preview:url('data:image\/jpeg;base64,\/9j\/2wBDACgcHiMeGSgjISMtKygwPGRBPDc3PHtYXUlkkYCZlo+AjIqgtObDoKrarYqMyP\/L2u71\/\/\/\/m8H\/\/\/\/6\/+b9\/\/j\/2wBDASstLTw1PHZBQXb4pYyl+Pj4+Pj4+Pj4+Pj4+Pj4+Pj4+Pj4+Pj4+Pj4+Pj4+Pj4+Pj4+Pj4+Pj4+Pj4+Pj4+Pj\/wAARCAAXACoDASIAAhEBAxEB\/8QAFwABAQEBAAAAAAAAAAAAAAAAAAECA\/\/EABYQAQEBAAAAAAAAAAAAAAAAAAABEf\/EABcBAQEBAQAAAAAAAAAAAAAAAAIBAwD\/xAAYEQEBAQEBAAAAAAAAAAAAAAAAARICEf\/aAAwDAQACEQMRAD8AwaJW1rCRdTWbU0NHlvU1nTU9LLrYzQdU5c7WdADWVQUn\/9k=');\" loading=\"lazy\" fetchpriority=\"low\" aria-hidden=\"true\" class=\"svelte-1cksh76 rounded\" onload=\"this.__e=event\" onerror=\"this.__e=event\"\/><\/p>\n","protected":false},"excerpt":{"rendered":"En attendant de basculer vers 2026, on revient sur les matchs de l&rsquo;OGC Nice qui ont marqu\u00e9 l&rsquo;ann\u00e9e.&hellip;\n","protected":false},"author":2,"featured_media":619442,"comment_status":"","ping_status":"","sticky":false,"template":"","format":"standard","meta":{"footnotes":""},"categories":[2819],"tags":[1111,11,1777,674,1011,27,12,2401,882,25],"class_list":{"0":"post-619441","1":"post","2":"type-post","3":"status-publish","4":"format-standard","5":"has-post-thumbnail","7":"category-nice","8":"tag-actu","9":"tag-actualites","10":"tag-eu","11":"tag-europe","12":"tag-fr","13":"tag-france","14":"tag-news","15":"tag-nice","16":"tag-provence-alpes-cote-dazur","17":"tag-republique-francaise"},"share_on_mastodon":{"url":"","error":""},"_links":{"self":[{"href":"https:\/\/www.europesays.com\/fr\/wp-json\/wp\/v2\/posts\/619441","targetHints":{"allow":["GET"]}}],"collection":[{"href":"https:\/\/www.europesays.com\/fr\/wp-json\/wp\/v2\/posts"}],"about":[{"href":"https:\/\/www.europesays.com\/fr\/wp-json\/wp\/v2\/types\/post"}],"author":[{"embeddable":true,"href":"https:\/\/www.europesays.com\/fr\/wp-json\/wp\/v2\/users\/2"}],"replies":[{"embeddable":true,"href":"https:\/\/www.europesays.com\/fr\/wp-json\/wp\/v2\/comments?post=619441"}],"version-history":[{"count":0,"href":"https:\/\/www.europesays.com\/fr\/wp-json\/wp\/v2\/posts\/619441\/revisions"}],"wp:featuredmedia":[{"embeddable":true,"href":"https:\/\/www.europesays.com\/fr\/wp-json\/wp\/v2\/media\/619442"}],"wp:attachment":[{"href":"https:\/\/www.europesays.com\/fr\/wp-json\/wp\/v2\/media?parent=619441"}],"wp:term":[{"taxonomy":"category","embeddable":true,"href":"https:\/\/www.europesays.com\/fr\/wp-json\/wp\/v2\/categories?post=619441"},{"taxonomy":"post_tag","embeddable":true,"href":"https:\/\/www.europesays.com\/fr\/wp-json\/wp\/v2\/tags?post=619441"}],"curies":[{"name":"wp","href":"https:\/\/api.w.org\/{rel}","templated":true}]}}