{"id":619445,"date":"2025-12-24T06:55:19","date_gmt":"2025-12-24T06:55:19","guid":{"rendered":"https:\/\/www.europesays.com\/fr\/619445\/"},"modified":"2025-12-24T06:55:19","modified_gmt":"2025-12-24T06:55:19","slug":"a-begles-la-guinguette-pitchoun-a-tout-parie-sur-lambiance-et-le-depaysement","status":"publish","type":"post","link":"https:\/\/www.europesays.com\/fr\/619445\/","title":{"rendered":"\u00e0 B\u00e8gles, la guinguette Pitchoun\u2019 a tout pari\u00e9 sur l\u2019ambiance et le d\u00e9paysement"},"content":{"rendered":"<p>Il faut avouer qu\u2019une fois la porte de l\u2019\u00e9tablissement pass\u00e9e, le d\u00e9paysement voulu par les propri\u00e9taires et recherch\u00e9 par les clients est total, les alentours sont oubli\u00e9s. \u00ab\u00a0C\u2019est possible parce que nous travaillons sur l\u2019atmosph\u00e8re du lieu, nous cr\u00e9ons en permanence, avec nos t\u00e9l\u00e9cabines et nos raclettes l\u2019hiver, les soir\u00e9es blanches, nos soir\u00e9es plage l\u2019\u00e9t\u00e9\u2026 Des rendez-vous toujours un peu d\u00e9cal\u00e9s qui vont attirer, surprendre et surtout fid\u00e9liser, par le bouche-\u00e0-oreille, une client\u00e8le en qu\u00eate de bon temps\u00a0\u00bb, confie celui qui codirige une \u00e9quipe de six\u00a0personnes \u00e0 temps plein \u00e0 l\u2019ann\u00e9e, plus de 20\u00a0personnes l\u2019\u00e9t\u00e9\u2026 Quand l\u2019\u00e9tablissement doit \u00ab\u00a0d\u00e9payser\u00a0\u00bb jusqu\u2019\u00e0 1\u00a0000\u00a0personnes par soir\u2026<\/p>\n","protected":false},"excerpt":{"rendered":"Il faut avouer qu\u2019une fois la porte de l\u2019\u00e9tablissement pass\u00e9e, le d\u00e9paysement voulu par les propri\u00e9taires et recherch\u00e9&hellip;\n","protected":false},"author":2,"featured_media":619446,"comment_status":"","ping_status":"","sticky":false,"template":"","format":"standard","meta":{"footnotes":""},"categories":[2817],"tags":[1111,11,1997,1777,674,1011,27,12,2219,25],"class_list":{"0":"post-619445","1":"post","2":"type-post","3":"status-publish","4":"format-standard","5":"has-post-thumbnail","7":"category-bordeaux","8":"tag-actu","9":"tag-actualites","10":"tag-bordeaux","11":"tag-eu","12":"tag-europe","13":"tag-fr","14":"tag-france","15":"tag-news","16":"tag-nouvelle-aquitaine","17":"tag-republique-francaise"},"share_on_mastodon":{"url":"https:\/\/pubeurope.com\/@fr\/115773238591598769","error":""},"_links":{"self":[{"href":"https:\/\/www.europesays.com\/fr\/wp-json\/wp\/v2\/posts\/619445","targetHints":{"allow":["GET"]}}],"collection":[{"href":"https:\/\/www.europesays.com\/fr\/wp-json\/wp\/v2\/posts"}],"about":[{"href":"https:\/\/www.europesays.com\/fr\/wp-json\/wp\/v2\/types\/post"}],"author":[{"embeddable":true,"href":"https:\/\/www.europesays.com\/fr\/wp-json\/wp\/v2\/users\/2"}],"replies":[{"embeddable":true,"href":"https:\/\/www.europesays.com\/fr\/wp-json\/wp\/v2\/comments?post=619445"}],"version-history":[{"count":0,"href":"https:\/\/www.europesays.com\/fr\/wp-json\/wp\/v2\/posts\/619445\/revisions"}],"wp:featuredmedia":[{"embeddable":true,"href":"https:\/\/www.europesays.com\/fr\/wp-json\/wp\/v2\/media\/619446"}],"wp:attachment":[{"href":"https:\/\/www.europesays.com\/fr\/wp-json\/wp\/v2\/media?parent=619445"}],"wp:term":[{"taxonomy":"category","embeddable":true,"href":"https:\/\/www.europesays.com\/fr\/wp-json\/wp\/v2\/categories?post=619445"},{"taxonomy":"post_tag","embeddable":true,"href":"https:\/\/www.europesays.com\/fr\/wp-json\/wp\/v2\/tags?post=619445"}],"curies":[{"name":"wp","href":"https:\/\/api.w.org\/{rel}","templated":true}]}}