{"id":619447,"date":"2025-12-24T06:56:14","date_gmt":"2025-12-24T06:56:14","guid":{"rendered":"https:\/\/www.europesays.com\/fr\/619447\/"},"modified":"2025-12-24T06:56:14","modified_gmt":"2025-12-24T06:56:14","slug":"ces-amenagements-de-bordeaux-font-un-tolle-sur-les-reseaux-la-mairie-invoque-une-erreur","status":"publish","type":"post","link":"https:\/\/www.europesays.com\/fr\/619447\/","title":{"rendered":"ces am\u00e9nagements de Bordeaux font un toll\u00e9 sur les r\u00e9seaux, la mairie invoque \u00ab\u00a0une erreur\u00a0\u00bb"},"content":{"rendered":"<p>                    Par<br \/>\n        <strong><br \/>\n            <a href=\"https:\/\/actu.fr\/auteur\/juliette-cardinale\" title=\"Consulter tous les articles de Juliette Cardinale\" target=\"_blank\" rel=\"noopener\">Juliette Cardinale<\/a><br \/>\n                    <\/strong><\/p>\n<p>        Publi\u00e9 le<\/p>\n<p>            24 d\u00e9c. 2025 \u00e0 6h32        <\/p>\n<p>L\u2019image a fait le tour des r\u00e9seaux\u2009: <strong>des bancs ont \u00e9t\u00e9 install\u00e9s sur des places de parking<\/strong> <a href=\"https:\/\/actu.fr\/bordeaux\/\" target=\"_blank\" rel=\"noopener\">\u00e0 Bordeaux<\/a> ce vendredi 19\u00a0d\u00e9cembre 2025. Un am\u00e9nagement scell\u00e9 \u00e0 m\u00eame le bitume qui n\u2019a pas plus \u00e0 grand monde, visiblement\u2009: commer\u00e7ants, visiteurs, automobilistes et opposants municipaux n\u2019ont pas tard\u00e9 de r\u00e9agir. <strong>Quatre jours plus tard, ils \u00e9taient d\u00e9plac\u00e9s<\/strong> sur les terrasses pr\u00e9vues \u00e0 cet effet. \u00ab\u2009Oups\u2009! Des bancs ont \u00e9t\u00e9 install\u00e9s <strong>par erreur<\/strong> sur des places de stationnement\u2009\u00bb, a\u00a0indiqu\u00e9 la communication de la Ville <a href=\"https:\/\/www.facebook.com\/bordeauxmaville\/?locale=fr_FR\" target=\"_blank\" rel=\"noopener\">sur ses r\u00e9seaux ce mardi 23\u00a0d\u00e9cembre.<\/a><\/p>\n<p>\u00ab\u2009Un poisson d\u2019avril\u2009?\u2009\u00bb<\/p>\n<p class=\" wall-content\">Il faut dire que les photos et vid\u00e9os se sont\u00a0<strong>multipli\u00e9es dans le week-end.<\/strong>\u00a0Si la suppression de place devant les commerces \u00ab\u2009au pire moment des f\u00eates\u2009\u00bb est d\u00e9j\u00e0 critiqu\u00e9e, l\u2019emplacement des bancs \u00ab\u2009dans les pots d\u2019\u00e9chappement\u2009\u00bb a surtout suscit\u00e9 des r\u00e9actions de stup\u00e9faction. Parmi eux, la\u00a0<a href=\"https:\/\/www.facebook.com\/p\/Ffmc-33-Gironde-100070218136283\/?locale=fr_FR\" target=\"_blank\" rel=\"noopener\">F\u00e9d\u00e9ration Fran\u00e7aise des Motards en Col\u00e8re de la Gironde (FFMC 33)<\/a> s\u2019indigne des emplacements deux-roues disparus* et \u00ab\u2009du d\u00e9lire des bancs aux bords de la chauss\u00e9e\u2009\u00bb.<\/p>\n<p class=\" wall-content\">\u00ab\u2009C\u2019est un <strong>poisson d\u2019avril\u2009?\u2009\u00bb,<\/strong> demande un internaute sous la vid\u00e9o qui plaide une erreur tandis qu\u2019un autre s\u2019interroge\u2009: \u00ab\u2009On fait <strong>machine arri\u00e8re<\/strong> devant le toll\u00e9\u2009?\u2009\u00bb et que certains sont dubitatifs devant le nombre de bancs scell\u00e9s avant que l\u2019erreur ne soit rep\u00e9r\u00e9e.<\/p>\n<p class=\" wall-content\">Pourtant, l\u2019installation a vraiment \u00e9t\u00e9 <strong>accueillie avec surprise<\/strong> par la mairie qui ne sait pas encore <strong>d\u2019o\u00f9 vient le dysfonctionnement<\/strong> assure-t-on \u00e0 <a href=\"https:\/\/actu.fr\/bordeaux\/\" target=\"_blank\" rel=\"noopener\">actu Bordeaux.<\/a> La pose des bancs, vendredi dernier, n\u2019est pas li\u00e9e \u00e0 des consignes de la municipalit\u00e9 qui <strong>les a fait retirer d\u00e8s que possible.<\/strong><\/p>\n<p>    <a href=\"https:\/\/www.facebook.com\/plugins\/video.php?height=476&amp;href=https%3A%2F%2Fwww.facebook.com%2Freel%2F852792004391980%2F&amp;show_text=false&amp;width=350&amp;t=0\" title=\"Ouvrie le lien\" target=\"_blank\" rel=\"noopener\">Cliquez ici pour visualiser le contenu<\/a><\/p>\n<p class=\" wall-content\">Chose faite d\u00e8s lundi\u2009: ils sont <strong>d\u00e9sormais install\u00e9s<\/strong> au bon endroit. Un d\u00e9placement <strong>sans aucun co\u00fbt<\/strong> pour les Bordelais affirme la Ville \u00e0 actu Bordeaux.<\/p>\n<p>Des am\u00e9nagements provisoires<\/p>\n<p class=\" wall-content\">Tr\u00e8s vite, les <strong>diff\u00e9rents candidats<\/strong> aux prochaines \u00e9lections municipales et leurs soutiens se sont empar\u00e9s de l\u2019image des bancs sur la chauss\u00e9e pour critiquer les am\u00e9nagements. Pour <a href=\"https:\/\/www.facebook.com\/reel\/2055095485279054\/?s=single_unit\" target=\"_blank\" rel=\"noopener\">Thomas Cazenave,<\/a> ils \u00ab\u2009d\u00e9naturent\u2009\u00bb les all\u00e9es dans un projet \u00e0 \u00ab\u200915\u00a0millions d\u2019euros\u2009\u00bb. Un am\u00e9nagement qui serait \u00ab\u2009anachronique et dispendieux\u2009\u00bb d\u2019apr\u00e8s son alli\u00e9e Alexandra Siarri.<\/p>\n<p>Votre r\u00e9gion, votre actu !<\/p>\n<p>Recevez chaque jour les infos qui comptent pour vous.<\/p>\n<p>\t<a href=\"https:\/\/actu.fr\/newsletter\" class=\"ac-btn ac-btn--corner ac-btn--medium ac-btn--blue800\" target=\"_blank\" rel=\"noopener\">S&rsquo;incrire<\/a><\/p>\n<p class=\" wall-content\">Dans cette m\u00eame publication, la mairie a tenu \u00e0 rappeler que les bancs ont \u00e9t\u00e9 install\u00e9s \u00ab\u2009dans le cadre des am\u00e9nagements provisoires des all\u00e9es de Tourny\u2009\u00bb. Ils\u00a0<strong>n\u2019ont pas vocation \u00e0 rester ind\u00e9finiment en place.<\/strong><\/p>\n<p class=\" wall-content\">Un grand projet de r\u00e9am\u00e9nagement a \u00e9t\u00e9 lanc\u00e9 sur cette \u00ab\u2009vitrine\u2009\u00bb de Bordeaux. L\u2019objectif\u2009? \u00ab\u2009Transformer cet espace urbain historique en un v\u00e9ritable <strong>lieu de vie et de fra\u00eecheur en centre-ville<\/strong> avec plus d\u2019animations culturelles, plus de nature, plus de confort pour les pi\u00e9tons et cyclistes, une circulation apais\u00e9e et plus d\u2019attractivit\u00e9 pour les commerces\u2026\u2009\u00bb,<a href=\"https:\/\/www.bordeaux.fr\/a-bordeaux-centre-des-allees-de-tourny-reinventees\" target=\"_blank\" rel=\"noopener\"> liste la municipalit\u00e9 sur son site.<\/a><\/p>\n<p class=\" wall-content\">De mars \u00e0 juin\u00a02024, un \u00ab\u2009programme de concertation\u2009\u00bb a \u00e9t\u00e9 lanc\u00e9. \u00ab\u2009Au total, 1\u2009500\u00a0personnes ont pris part \u00e0 ces r\u00e9flexions.\u2009\u00bb \u00c0 l\u2019automne dernier, les <strong>am\u00e9nagements transitoires<\/strong> ont commenc\u00e9 \u00e0 \u00eatre install\u00e9s\u2009: des terrasses en bois pour \u00e9tendre les trottoirs, une grande estrade, des jardini\u00e8res v\u00e9g\u00e9talis\u00e9es, de nouvelles assises et lieux de pause\u2026<\/p>\n<p class=\" wall-content\">\u00ab\u2009Ces am\u00e9nagements temporaires et r\u00e9versibles vont permettre de <strong>tester les premiers usages du site\u2009\u00bb,<\/strong> d\u00e9taille la mairie. Les mat\u00e9riaux utilis\u00e9s \u00ab\u2009seront remplac\u00e9s par des mat\u00e9riaux p\u00e9rennes pour le projet final et adapt\u00e9s au site patrimonial des all\u00e9es de Tourny\u2009\u00bb.\u00a0Ils doivent rester en place jusqu\u2019\u00e0 l\u2019automne 2026.<\/p>\n<p class=\" wall-content\">D\u2019ici l\u00e0, ils pourront \u00eatre adapt\u00e9s d\u00e8s le premier semestre de l\u2019ann\u00e9e prochaine apr\u00e8s le retour des usagers. Puis des am\u00e9nagements compl\u00e9mentaires sont attendus au second semestre avant le <strong>d\u00e9but des travaux d\u00e9finitifs<\/strong> en 2027.<\/p>\n<p>*Les 57 places de\u00a0stationnement motos supprim\u00e9s vont \u00eatre report\u00e9es sur les rues adjacentes (avec deux places suppl\u00e9mentaires).<\/p>\n<p class=\" wall-content\">Personnalisez votre actualit\u00e9 en ajoutant vos villes et m\u00e9dias en favori avec <a href=\"https:\/\/moncompte.actu.fr\" title=\"D\u00e9couvez Mon Actu\" rel=\"nofollow noopener\" data-trk=\"{&quot;cta&quot;:{&quot;action&quot;:&quot;https:\\\/\\\/moncompte.actu.fr&quot;,&quot;category&quot;:&quot;mon compte&quot;,&quot;from&quot;:&quot;article footer&quot;,&quot;name&quot;:&quot;Mon actu&quot;,&quot;type&quot;:&quot;cta&quot;}}\" target=\"_blank\">Mon Actu<\/a>.<\/p>\n","protected":false},"excerpt":{"rendered":"Par Juliette Cardinale Publi\u00e9 le 24 d\u00e9c. 2025 \u00e0 6h32 L\u2019image a fait le tour des r\u00e9seaux\u2009: des&hellip;\n","protected":false},"author":2,"featured_media":619448,"comment_status":"","ping_status":"","sticky":false,"template":"","format":"standard","meta":{"footnotes":""},"categories":[2817],"tags":[1111,11,1997,1777,674,1011,27,12,2219,25,104,2086,1352],"class_list":{"0":"post-619447","1":"post","2":"type-post","3":"status-publish","4":"format-standard","5":"has-post-thumbnail","7":"category-bordeaux","8":"tag-actu","9":"tag-actualites","10":"tag-bordeaux","11":"tag-eu","12":"tag-europe","13":"tag-fr","14":"tag-france","15":"tag-news","16":"tag-nouvelle-aquitaine","17":"tag-republique-francaise","18":"tag-societe","19":"tag-travaux","20":"tag-urbanisme"},"share_on_mastodon":{"url":"https:\/\/pubeurope.com\/@fr\/115773242350725930","error":""},"_links":{"self":[{"href":"https:\/\/www.europesays.com\/fr\/wp-json\/wp\/v2\/posts\/619447","targetHints":{"allow":["GET"]}}],"collection":[{"href":"https:\/\/www.europesays.com\/fr\/wp-json\/wp\/v2\/posts"}],"about":[{"href":"https:\/\/www.europesays.com\/fr\/wp-json\/wp\/v2\/types\/post"}],"author":[{"embeddable":true,"href":"https:\/\/www.europesays.com\/fr\/wp-json\/wp\/v2\/users\/2"}],"replies":[{"embeddable":true,"href":"https:\/\/www.europesays.com\/fr\/wp-json\/wp\/v2\/comments?post=619447"}],"version-history":[{"count":0,"href":"https:\/\/www.europesays.com\/fr\/wp-json\/wp\/v2\/posts\/619447\/revisions"}],"wp:featuredmedia":[{"embeddable":true,"href":"https:\/\/www.europesays.com\/fr\/wp-json\/wp\/v2\/media\/619448"}],"wp:attachment":[{"href":"https:\/\/www.europesays.com\/fr\/wp-json\/wp\/v2\/media?parent=619447"}],"wp:term":[{"taxonomy":"category","embeddable":true,"href":"https:\/\/www.europesays.com\/fr\/wp-json\/wp\/v2\/categories?post=619447"},{"taxonomy":"post_tag","embeddable":true,"href":"https:\/\/www.europesays.com\/fr\/wp-json\/wp\/v2\/tags?post=619447"}],"curies":[{"name":"wp","href":"https:\/\/api.w.org\/{rel}","templated":true}]}}