{"id":619449,"date":"2025-12-24T06:57:17","date_gmt":"2025-12-24T06:57:17","guid":{"rendered":"https:\/\/www.europesays.com\/fr\/619449\/"},"modified":"2025-12-24T06:57:17","modified_gmt":"2025-12-24T06:57:17","slug":"des-pieces-de-velo-usagees-deviennent-des-luminaires-design-made-in-toulouse-grace-a-des-collegiens","status":"publish","type":"post","link":"https:\/\/www.europesays.com\/fr\/619449\/","title":{"rendered":"Des pi\u00e8ces de v\u00e9lo usag\u00e9es deviennent des luminaires design made in Toulouse gr\u00e2ce \u00e0 des coll\u00e9giens"},"content":{"rendered":"<p>\n                                                                    l&rsquo;essentiel<br \/>\n                                                                Les coll\u00e9giens de Jean-Moulin de Toulouse transforment des pi\u00e8ces de v\u00e9los usag\u00e9es en luminaires originaux et \u00e9thiques.\n                            <\/p>\n<p>Cette semaine a eu lieu le vernissage de l\u2019exposition de lampes \u00e9coresponsables fabriqu\u00e9es par les \u00e9l\u00e8ves de la Section d\u2019enseignement g\u00e9n\u00e9ral et professionnel adapt\u00e9 (3\u1d49 SEGPA) du <a href=\"https:\/\/jean-moulin.ecollege.haute-garonne.fr\/\" target=\"_self\" rel=\"noopener\">coll\u00e8ge Jean-Moulin<\/a>. Comme l\u2019an pass\u00e9, les coll\u00e9giens accompagn\u00e9s par leurs enseignants pr\u00e9sentaient leurs cr\u00e9ations. La soir\u00e9e s\u2019est d\u00e9roul\u00e9e dans un climat convivial et sympathique et les \u00e9l\u00e8ves ne boudaient pas leur plaisir en pr\u00e9sentant leurs \u0153uvres au public, fruits de plusieurs mois de travail. Tous les visiteurs saluaient le savoir-faire des \u00e9l\u00e8ves et leur engagement en faveur du d\u00e9veloppement durable.<\/p>\n<p>C\u2019est dans une d\u00e9marche m\u00ealant solidarit\u00e9 et \u00e9conomie circulaire que les \u00e9l\u00e8ves de 3\u1d49 section SEGPA ont lanc\u00e9 une mini-entreprise en partenariat avec la M\u00e9tropole \u00e0 travers son club de pr\u00e9vention de Toulouse Sud-Est et <a href=\"https:\/\/www.lescycles-re.fr\/\" target=\"_self\" rel=\"noopener\">l\u2019association Cycles-Re<\/a>. Le projet cette ann\u00e9e a permis de concevoir des luminaires \u00e0 partir de pi\u00e8ces de v\u00e9lo usag\u00e9es et de bois de r\u00e9cup\u00e9ration.<\/p>\n<p>        <img decoding=\"async\" class=\"std-img__img responsive-img\" src=\"https:\/\/www.europesays.com\/fr\/wp-content\/uploads\/2025\/12\/1766559437_13_image.jpg\" alt=\"Des lampes r\u00e9alis\u00e9es avec des cycles usag\u00e9s par des coll\u00e9giens de Toulouse.\"\/><\/p>\n<p>                Des lampes r\u00e9alis\u00e9es avec des cycles usag\u00e9s par des coll\u00e9giens de Toulouse.<br \/>\n                                    DDM &#8211; M. D.<\/p>\n<p>Des tours et des noms<\/p>\n<p>\u00ab\u00a0Ce projet interdisciplinaire a permis \u00e0 chacun de s\u2019impliquer dans la protection de l\u2019environnement et de travailler en \u00e9quipes sur la cr\u00e9ation d\u2019\u0153uvres uniques. L\u2019objectif pour ces \u00e9l\u00e8ves en difficult\u00e9 \u00e9tait de d\u00e9velopper leur autonomie\u00a0\u00bb, pr\u00e9cise Manuel Lacaze, le principal du coll\u00e8ge. \u00ab\u00a0Nos ateliers permettent d\u2019acqu\u00e9rir des comp\u00e9tences techniques dans la m\u00e9canique des cycles\u00a0: ajustage, montage, peinture industrielle, soudure\u2026 Des m\u00e9tiers en pleine expansion dans la r\u00e9gion\u00a0\u00bb, pr\u00e9cise Madame Crespy, enseignante encadrant le projet. Au-del\u00e0 de l\u2019exposition, ce projet p\u00e9dagogique illustre l\u2019importance d\u2019int\u00e9grer les enjeux \u00e9cologiques dans l\u2019enseignement technique.<\/p>\n<p>\u00ab\u00a0Chaque lampe expos\u00e9e a \u00e9t\u00e9 pens\u00e9e pour r\u00e9duire son impact \u00e9cologique tout en restant esth\u00e9tique et fonctionnelle\u00a0\u00bb, assure Wafi, 15 ans, tr\u00e8s fier du travail accompli. \u00ab\u00a0J\u2019ai appel\u00e9 ma lampe Namsan car elle ressemble \u00e0 la Tour de S\u00e9oul\u00a0\u00bb, lance Samia. \u00ab\u00a0Moi je l\u2019ai appel\u00e9e Colombus car elle a deux anneaux comme le Columbus Circle de New York\u00a0\u00bb, rajoute Djamel. \u00ab\u00a0La mienne, c\u2019est Crescent Moon comme la lune illumin\u00e9e\u00a0\u00bb, pr\u00e9cise Sakina, tr\u00e8s excit\u00e9e de pr\u00e9senter son \u0153uvre. Toutes ces cr\u00e9ations r\u00e9alis\u00e9es par les coll\u00e9giens seront en vente au prochain march\u00e9 solidaire des all\u00e9es Jules-Guesde.<\/p>\n","protected":false},"excerpt":{"rendered":"l&rsquo;essentiel Les coll\u00e9giens de Jean-Moulin de Toulouse transforment des pi\u00e8ces de v\u00e9los usag\u00e9es en luminaires originaux et \u00e9thiques.&hellip;\n","protected":false},"author":2,"featured_media":619450,"comment_status":"","ping_status":"","sticky":false,"template":"","format":"standard","meta":{"footnotes":""},"categories":[2816],"tags":[1111,11,1777,674,1011,27,2722,1757,12,2680,25,2312],"class_list":{"0":"post-619449","1":"post","2":"type-post","3":"status-publish","4":"format-standard","5":"has-post-thumbnail","7":"category-toulouse","8":"tag-actu","9":"tag-actualites","10":"tag-eu","11":"tag-europe","12":"tag-fr","13":"tag-france","14":"tag-haute-garonne","15":"tag-insolite","16":"tag-news","17":"tag-occitanie","18":"tag-republique-francaise","19":"tag-toulouse"},"share_on_mastodon":{"url":"https:\/\/pubeurope.com\/@fr\/115773247498239751","error":""},"_links":{"self":[{"href":"https:\/\/www.europesays.com\/fr\/wp-json\/wp\/v2\/posts\/619449","targetHints":{"allow":["GET"]}}],"collection":[{"href":"https:\/\/www.europesays.com\/fr\/wp-json\/wp\/v2\/posts"}],"about":[{"href":"https:\/\/www.europesays.com\/fr\/wp-json\/wp\/v2\/types\/post"}],"author":[{"embeddable":true,"href":"https:\/\/www.europesays.com\/fr\/wp-json\/wp\/v2\/users\/2"}],"replies":[{"embeddable":true,"href":"https:\/\/www.europesays.com\/fr\/wp-json\/wp\/v2\/comments?post=619449"}],"version-history":[{"count":0,"href":"https:\/\/www.europesays.com\/fr\/wp-json\/wp\/v2\/posts\/619449\/revisions"}],"wp:featuredmedia":[{"embeddable":true,"href":"https:\/\/www.europesays.com\/fr\/wp-json\/wp\/v2\/media\/619450"}],"wp:attachment":[{"href":"https:\/\/www.europesays.com\/fr\/wp-json\/wp\/v2\/media?parent=619449"}],"wp:term":[{"taxonomy":"category","embeddable":true,"href":"https:\/\/www.europesays.com\/fr\/wp-json\/wp\/v2\/categories?post=619449"},{"taxonomy":"post_tag","embeddable":true,"href":"https:\/\/www.europesays.com\/fr\/wp-json\/wp\/v2\/tags?post=619449"}],"curies":[{"name":"wp","href":"https:\/\/api.w.org\/{rel}","templated":true}]}}