{"id":619453,"date":"2025-12-24T07:00:15","date_gmt":"2025-12-24T07:00:15","guid":{"rendered":"https:\/\/www.europesays.com\/fr\/619453\/"},"modified":"2025-12-24T07:00:15","modified_gmt":"2025-12-24T07:00:15","slug":"la-severite-des-juges-face-a-la-tres-grande-mansuetude-des-elus-de-la-mel","status":"publish","type":"post","link":"https:\/\/www.europesays.com\/fr\/619453\/","title":{"rendered":"la s\u00e9v\u00e9rit\u00e9 des juges face \u00e0 la tr\u00e8s grande mansu\u00e9tude des \u00e9lus de la MEL"},"content":{"rendered":"<p>\u00ab\u202fOn ne commente pas une d\u00e9cision de justice.\u202f\u00bb Lors de la s\u00e9ance pl\u00e9ni\u00e8re du conseil de la m\u00e9tropole europ\u00e9enne de Lille (MEL), le 19 d\u00e9cembre, plusieurs \u00e9lus se sont abrit\u00e9s derri\u00e8re cette formule toute faite. Une fa\u00e7on d\u2019\u00e9viter d\u2019avoir \u00e0 dire ce qu\u2019ils pensaient de la condamnation \u00e0 dix\u2010huit mois de prison avec sursis, 20 000 euros d\u2019amende et deux ans d\u2019in\u00e9ligibilit\u00e9 avec ex\u00e9cution imm\u00e9diate <a href=\"https:\/\/www.mediacites.fr\/complement-denquete\/lille\/2025\/12\/16\/condamne-en-appel-damien-castelain-va-devoir-quitter-la-presidence-de-la-metropole-de-lille\/\" target=\"_blank\" rel=\"noopener\">prononc\u00e9e trois jours<\/a> auparavant par la cour d\u2019appel de Douai \u00e0 l\u2019encontre du pr\u00e9sident de la collectivit\u00e9, Damien Castelain.<\/p>\n<p>La lourdeur de la peine aurait pourtant pu a minima susciter des r\u00e9actions d\u2019\u00e9tonnement, s\u2019agissant du patron de la quatri\u00e8me m\u00e9tropole fran\u00e7aise. Mais la tr\u00e8s grande majorit\u00e9 des conseillers m\u00e9tropolitains a pr\u00e9f\u00e9r\u00e9 se borner \u00e0 c\u00e9l\u00e9brer son action. Comment se fait\u2010il qu\u2019aucun de ces \u00e9lus, si prompts \u00e0 plaindre leur futur ex\u2010pr\u00e9sident sur un plan personnel \u2013 voir les verbatims ci\u2010dessous -, n\u2019ait pris la peine de discuter la s\u00e9v\u00e9rit\u00e9 de ce verdict\u202f? Car contrairement \u00e0 ce qui est r\u00e9p\u00e9t\u00e9 de fa\u00e7on erron\u00e9e, il est tout \u00e0 fait possible de commenter une d\u00e9cision de justice. Voire de la critiquer tant que n\u2019est pas remise en cause l\u2019autorit\u00e9 de la chose jug\u00e9e ou l\u2019impartialit\u00e9 des\u00a0juges.<\/p>\n<p>Les \u00e9lecteurs qui n\u2019auraient regard\u00e9 que la <a href=\"https:\/\/www.lillemetropole.fr\/votre-metropole\/institution\/politique-de-la-mel\/conseil-metropolitain\/seances-du-conseil-en-direct-et-differe\" target=\"_blank\" rel=\"noopener\">retransmission du conseil m\u00e9tropolitain<\/a> de vendredi dernier seraient ainsi dans l\u2019incapacit\u00e9 de comprendre pourquoi le pr\u00e9sident la MEL va prochainement \u00eatre contraint \u00e0 la d\u00e9mission. Des expressions telles qu\u2019\u00ab atteinte \u00e0 la probit\u00e9\u202f\u00bb ou \u00ab\u202fd\u00e9tournement de fonds publics\u202f\u00bb n\u2019avaient manifestement pas droit de cit\u00e9 dans cette instance. Elles figurent pourtant \u00e0 plusieurs reprises dans le jugement des magistrats de la cour d\u2019appel de Douai. Un jugement qui est public, rendu au nom du peuple fran\u00e7ais, que Mediacit\u00a0\u2026<\/p>\n<p>Nous vous offrons l\u2019acc\u00e8s \u00e0 cet article<\/p>\n<p>Et \u00e0 toutes nos enqu\u00eates pendant deux jours\u00a0\u00a0! <br \/>Oui, on est g\u00e9n\u00e9reux \ud83d\ude09 Mais pensez aussi \u00e0 <a href=\"https:\/\/www.mediacites.fr\/sabonner\/\" target=\"_blank\" style=\"color:#fff\" rel=\"noopener\">vous abonner<\/a>\u00a0\u00a0!<\/p>\n<p>\t\tEn renseignant votre adresse, vous acceptez nos <a href=\"https:\/\/www.mediacites.fr\/conditions-generales-d-utilisation\/\" target=\"_blank\" rel=\"noopener\">conditions g\u00e9n\u00e9rales d\u2019utilisation<\/a>. <br \/>Mediacit\u00e9s s\u2019engage \u00e0 ne pas c\u00e9der votre adresse \u00e0 des tiers. En cas d\u2019\u00e9chec, \u00e9crivez \u00e0 <a href=\"https:\/\/www.mediacites.fr\/decryptage\/lille\/2025\/12\/24\/jugement-castelain-la-severite-des-juges-face-a-la-tres-grande-mansuetude-des-elus-de-la-mel\/mailto:contact@mediacites.fr\" target=\"_blank\" rel=\"noopener\">contact@mediacites.fr<\/a><\/p>\n<ul>\n<li>J\u2019acc\u00e8de aux 4 \u00e9ditions de Mediacit\u00e9s (Lille, Lyon, Nantes et Toulouse)<\/li>\n<li>Je d\u00e9couvre un m\u00e9dia 100 % ind\u00e9pendant, avec 0 % de publicit\u00e9<\/li>\n<\/ul>\n<p>Envie de lire la\u00a0suite\u202f?<\/p>\n<p>Depuis neuf ans, Mediacit\u00e9s enqu\u00eate en toute ind\u00e9pendance dans votre ville. Gr\u00e2ce \u00e0 ses lecteurs\u202f! Abonnez\u2010vous pour ne rien manquer de nos enqu\u00eates, suivre les \u00e9lections municipales et soutenir un journal local d\u2019investigation.<\/p>\n<ul>\n<li>Acc\u00e8s aux 4 \u00e9ditions de Mediacit\u00e9s (Lille, Lyon, Nantes et Toulouse)<\/li>\n<li>100 % ind\u00e9pendant, avec 0 % de publicit\u00e9<\/li>\n<li>R\u00e9siliation facile \u00e0 tout moment<\/li>\n<\/ul>\n<p>Mediacit\u00e9s offre l\u2019acc\u00e8s \u00e0 cet article aux lecteurs de News2Com<\/p>\n<p>Et \u00e0 toutes nos enqu\u00eates pendant deux jours\u00a0\u00a0! <br \/>Oui, on est g\u00e9n\u00e9reux \ud83d\ude09 Mais pensez aussi \u00e0 <a href=\"https:\/\/www.mediacites.fr\/sabonner\/\" target=\"_blank\" style=\"color:#fff\" rel=\"noopener\">vous abonner<\/a>\u00a0\u00a0!<\/p>\n<p>\t\tEn renseignant votre adresse, vous acceptez nos <a href=\"https:\/\/www.mediacites.fr\/conditions-generales-d-utilisation\/\" target=\"_blank\" rel=\"noopener\">conditions g\u00e9n\u00e9rales d\u2019utilisation<\/a>. <br \/>Mediacit\u00e9s s\u2019engage \u00e0 ne pas c\u00e9der votre adresse \u00e0 des tiers. En cas d\u2019\u00e9chec, \u00e9crivez \u00e0 <a href=\"https:\/\/www.mediacites.fr\/decryptage\/lille\/2025\/12\/24\/jugement-castelain-la-severite-des-juges-face-a-la-tres-grande-mansuetude-des-elus-de-la-mel\/mailto:contact@mediacites.fr\" target=\"_blank\" rel=\"noopener\">contact@mediacites.fr<\/a><\/p>\n<ul>\n<li>J\u2019acc\u00e8de aux 4 \u00e9ditions de Mediacit\u00e9s (Lille, Lyon, Nantes et Toulouse)<\/li>\n<li>Je d\u00e9couvre un m\u00e9dia 100 % ind\u00e9pendant, avec 0 % de publicit\u00e9<\/li>\n<\/ul>\n","protected":false},"excerpt":{"rendered":"\u00ab\u202fOn ne commente pas une d\u00e9cision de justice.\u202f\u00bb Lors de la s\u00e9ance pl\u00e9ni\u00e8re du conseil de la m\u00e9tropole&hellip;\n","protected":false},"author":2,"featured_media":619454,"comment_status":"","ping_status":"","sticky":false,"template":"","format":"standard","meta":{"footnotes":""},"categories":[2815],"tags":[1111,11,71897,14878,16403,1777,674,1011,27,811,1307,4863,12,25],"class_list":{"0":"post-619453","1":"post","2":"type-post","3":"status-publish","4":"format-standard","5":"has-post-thumbnail","7":"category-lille","8":"tag-actu","9":"tag-actualites","10":"tag-atteinte-a-la-probite","11":"tag-damien-castelain","12":"tag-decryptage","13":"tag-eu","14":"tag-europe","15":"tag-fr","16":"tag-france","17":"tag-hauts-de-france","18":"tag-lille","19":"tag-metropole-europeenne-de-lille","20":"tag-news","21":"tag-republique-francaise"},"share_on_mastodon":{"url":"","error":""},"_links":{"self":[{"href":"https:\/\/www.europesays.com\/fr\/wp-json\/wp\/v2\/posts\/619453","targetHints":{"allow":["GET"]}}],"collection":[{"href":"https:\/\/www.europesays.com\/fr\/wp-json\/wp\/v2\/posts"}],"about":[{"href":"https:\/\/www.europesays.com\/fr\/wp-json\/wp\/v2\/types\/post"}],"author":[{"embeddable":true,"href":"https:\/\/www.europesays.com\/fr\/wp-json\/wp\/v2\/users\/2"}],"replies":[{"embeddable":true,"href":"https:\/\/www.europesays.com\/fr\/wp-json\/wp\/v2\/comments?post=619453"}],"version-history":[{"count":0,"href":"https:\/\/www.europesays.com\/fr\/wp-json\/wp\/v2\/posts\/619453\/revisions"}],"wp:featuredmedia":[{"embeddable":true,"href":"https:\/\/www.europesays.com\/fr\/wp-json\/wp\/v2\/media\/619454"}],"wp:attachment":[{"href":"https:\/\/www.europesays.com\/fr\/wp-json\/wp\/v2\/media?parent=619453"}],"wp:term":[{"taxonomy":"category","embeddable":true,"href":"https:\/\/www.europesays.com\/fr\/wp-json\/wp\/v2\/categories?post=619453"},{"taxonomy":"post_tag","embeddable":true,"href":"https:\/\/www.europesays.com\/fr\/wp-json\/wp\/v2\/tags?post=619453"}],"curies":[{"name":"wp","href":"https:\/\/api.w.org\/{rel}","templated":true}]}}