{"id":619455,"date":"2025-12-24T07:02:16","date_gmt":"2025-12-24T07:02:16","guid":{"rendered":"https:\/\/www.europesays.com\/fr\/619455\/"},"modified":"2025-12-24T07:02:16","modified_gmt":"2025-12-24T07:02:16","slug":"coupe-de-france-lille-2","status":"publish","type":"post","link":"https:\/\/www.europesays.com\/fr\/619455\/","title":{"rendered":"Coupe de France : Lille"},"content":{"rendered":"<p>                            <img width=\"770\" height=\"433\" src=\"https:\/\/www.europesays.com\/fr\/wp-content\/uploads\/2025\/12\/000_338T92H-scaled-e1675928473549-770x433.jpg\" class=\"attachment-article size-article wp-post-image\" alt=\"Maxence Caqueret (OL) et Andr\u00e9 Gomez (Lille)\" decoding=\"async\" fetchpriority=\"high\"  \/><\/p>\n<p>Maxence Caqueret (OL) et Andr\u00e9 Gomez (Lille) (Photo by OLIVIER CHASSIGNOLE \/ AFP)<\/p>\n<p>Pour la troisi\u00e8me fois sur les quatre derni\u00e8res \u00e9ditions, Lille et l&rsquo;OL vont s&rsquo;affronter en Coupe de France. Les deux fois pr\u00e9c\u00e9dentes ont souri aux Lyonnais.<\/p>\n<p>Jamais deux sans trois pour l&rsquo;OL ? On peut l&rsquo;esp\u00e9rer, m\u00eame si tout indique que le d\u00e9placement \u00e0 Lille <a href=\"https:\/\/www.olympique-et-lyonnais.com\/coupe-de-france-lille-ol-aura-lieu-le-11-janvier-a-21-heures,387191.html\" target=\"_blank\" rel=\"noopener\">le 11 janvier<\/a> (21 heures) prochain sera difficile. Dimanche, juste avant son match face \u00e0 <a href=\"https:\/\/www.olympique-et-lyonnais.com\/face-a-lol-le-fc-saint-cyr-collonges-a-savoure-lexperience,387178.html\" target=\"_blank\" rel=\"noopener\">Saint-Cyr Collonges<\/a> (3-0), l&rsquo;Olympique lyonnais a appris qu&rsquo;il affronterait, en cas de qualification, le LOSC en 16es de finale de la Coupe de France. Une confrontation devenue presque un classique de la comp\u00e9tition ces derni\u00e8res ann\u00e9es. <\/p>\n<p>Paulo Fonseca \u00e9tait l&rsquo;entra\u00eeneur du LOSC<\/p>\n<p>En effet, c&rsquo;est la troisi\u00e8me fois sur les quatre derni\u00e8res \u00e9ditions du tournoi que les deux clubs se retrouvent. Il s&rsquo;agissait toujours de 8es de finale d&rsquo;ailleurs, le sort nous conduisant un peu plus t\u00f4t \u00e0 cette affiche en 2026. En f\u00e9vrier 2023, les Rhodaniens avaient sorti les Nordistes aux tirs au but apr\u00e8s une partie tr\u00e8s agr\u00e9able \u00e0 suivre (2-2, 4-2 tab). Un an plus tard, \u00e9galement \u00e0 D\u00e9cines, Gift <strong>Orban <\/strong>et Rayan <strong>Cherki <\/strong>avaient dompt\u00e9 le groupe de&#8230; <a href=\"https:\/\/www.olympique-et-lyonnais.com\/fonseca-apres-ol-fc-saint-cyr-collonges-3-0-il-a-manque-beaucoup-de-choses,387128.html\" target=\"_blank\" rel=\"noopener\">Paulo <strong>Fonseca<\/strong><\/a> (2-1).<\/p>\n<p>De quoi rappeler des souvenirs \u00e0 l&rsquo;actuel entra\u00eeneur de l&rsquo;OL. Ce sera la 8e affrontement entre les deux rivaux dans l&rsquo;histoire de l&rsquo;\u00e9preuve. Ces duels entre l&rsquo;Olympique lyonnais et Lille sont aujourd&rsquo;hui ancr\u00e9s dans le microcosme du football fran\u00e7ais, ces deux formations ayant plus ou moins les m\u00eames ambitions depuis quelques ann\u00e9es. Ce 16e de finale sera l&rsquo;occasion pour elles de croiser le fer pour la 114e fois depuis 1951. <\/p>\n","protected":false},"excerpt":{"rendered":"Maxence Caqueret (OL) et Andr\u00e9 Gomez (Lille) (Photo by OLIVIER CHASSIGNOLE \/ AFP) Pour la troisi\u00e8me fois sur&hellip;\n","protected":false},"author":2,"featured_media":619456,"comment_status":"","ping_status":"","sticky":false,"template":"","format":"standard","meta":{"footnotes":""},"categories":[2815],"tags":[1111,11,83,1777,674,1011,27,811,1307,12,241,25],"class_list":{"0":"post-619455","1":"post","2":"type-post","3":"status-publish","4":"format-standard","5":"has-post-thumbnail","7":"category-lille","8":"tag-actu","9":"tag-actualites","10":"tag-coupe-de-france","11":"tag-eu","12":"tag-europe","13":"tag-fr","14":"tag-france","15":"tag-hauts-de-france","16":"tag-lille","17":"tag-news","18":"tag-ol","19":"tag-republique-francaise"},"share_on_mastodon":{"url":"https:\/\/pubeurope.com\/@fr\/115773266818837089","error":""},"_links":{"self":[{"href":"https:\/\/www.europesays.com\/fr\/wp-json\/wp\/v2\/posts\/619455","targetHints":{"allow":["GET"]}}],"collection":[{"href":"https:\/\/www.europesays.com\/fr\/wp-json\/wp\/v2\/posts"}],"about":[{"href":"https:\/\/www.europesays.com\/fr\/wp-json\/wp\/v2\/types\/post"}],"author":[{"embeddable":true,"href":"https:\/\/www.europesays.com\/fr\/wp-json\/wp\/v2\/users\/2"}],"replies":[{"embeddable":true,"href":"https:\/\/www.europesays.com\/fr\/wp-json\/wp\/v2\/comments?post=619455"}],"version-history":[{"count":0,"href":"https:\/\/www.europesays.com\/fr\/wp-json\/wp\/v2\/posts\/619455\/revisions"}],"wp:featuredmedia":[{"embeddable":true,"href":"https:\/\/www.europesays.com\/fr\/wp-json\/wp\/v2\/media\/619456"}],"wp:attachment":[{"href":"https:\/\/www.europesays.com\/fr\/wp-json\/wp\/v2\/media?parent=619455"}],"wp:term":[{"taxonomy":"category","embeddable":true,"href":"https:\/\/www.europesays.com\/fr\/wp-json\/wp\/v2\/categories?post=619455"},{"taxonomy":"post_tag","embeddable":true,"href":"https:\/\/www.europesays.com\/fr\/wp-json\/wp\/v2\/tags?post=619455"}],"curies":[{"name":"wp","href":"https:\/\/api.w.org\/{rel}","templated":true}]}}