{"id":619459,"date":"2025-12-24T07:04:13","date_gmt":"2025-12-24T07:04:13","guid":{"rendered":"https:\/\/www.europesays.com\/fr\/619459\/"},"modified":"2025-12-24T07:04:13","modified_gmt":"2025-12-24T07:04:13","slug":"il-anime-cet-ehpad-nouvelle-generation-depuis-pres-de-trente-ans-a-marseille","status":"publish","type":"post","link":"https:\/\/www.europesays.com\/fr\/619459\/","title":{"rendered":"il anime cet Ehpad nouvelle g\u00e9n\u00e9ration depuis pr\u00e8s de trente ans, \u00e0 Marseille"},"content":{"rendered":"<p>\u00ab\u00a0Je travaille ici depuis vingt ans. Je ne serais pas rest\u00e9 aussi longtemps si je n\u2019y \u00e9tais pas bien.\u00a0\u00bb Debout sous les palmiers de <a href=\"https:\/\/www.laprovence.com\/article\/economie\/6487858\/jardins-dhaiti-la-maison-a-vivre-nouvelle-generation.html\" target=\"_blank\" rel=\"noopener\">l\u2019Ehpad les Jardins d\u2019Ha\u00efti<\/a>, \u00e0 Marseille, Jean-Marc Cardon, responsable d\u2019animation, d\u00e9taille les nombreuses activit\u00e9s mises en place par la structure. \u00ab\u00a0Nous pr\u00e9f\u00e9rons le terme de maison \u00e0 vivre\u00a0\u00bb, pr\u00e9cise-t-il. Chaque matin, <a href=\"https:\/\/www.laprovence.com\/actu\/en-direct\/6891540\/push-video-une-creche-dans-un-ehpad-le-belle-histoire-dune-rencontre-intergenerationnelle.html\" target=\"_blank\" rel=\"noopener\">les petits et tout-petits de la cr\u00e8che Youbee for kids<\/a>, install\u00e9e dans le local attenant, rendent visite aux r\u00e9sidents. \u00ab\u00a0Il y a toujours du passage\u00a0: des jeunes, des moins jeunes. On souhaite m\u00e9langer les genres.\u00a0\u00bb Une philosophie import\u00e9e d\u2019Australie par le directeur actuel.<\/p>\n<p>Le 24\u00a0d\u00e9cembre, l\u2019animateur sera pr\u00e9sent au c\u00f4t\u00e9 des r\u00e9sidents. \u00ab\u00a0Je vais faire le tour des chambres pendant l\u2019apr\u00e8s-midi, pr\u00e9voit-il. Je leur distribuerai des petits cadeaux et des chocolats. On va aussi chanter des chants de No\u00ebl.\u00a0\u00bb L\u2019occasion aussi d\u2019accueillir certaines familles, venues <a href=\"https:\/\/www.laprovence.com\/article\/region\/86084466988249\/feu-dartifice-drones-et-concert-le-noel-marseillais-a-ambiance-le-vieux-port\" target=\"_blank\" rel=\"noopener\">f\u00eater No\u00ebl<\/a> avec un a\u00efeul. \u00ab\u00a0C\u2019est un moment important pour eux, affirme-t-il. Certains ont m\u00eame la chance de sortir faire les f\u00eates aupr\u00e8s de leurs proches.\u00a0\u00bb<\/p>\n<p>\u00ab\u00a0Il y a de la musique partout ici\u00a0\u00bb<\/p>\n<p>Apr\u00e8s la \u00ab\u00a0place de la super mamie\u00a0\u00bb, \u00e0 l\u2019ext\u00e9rieur, direction la salle de concert, le \u00ab\u00a0plus&#8230;<\/p>\n","protected":false},"excerpt":{"rendered":"\u00ab\u00a0Je travaille ici depuis vingt ans. Je ne serais pas rest\u00e9 aussi longtemps si je n\u2019y \u00e9tais pas&hellip;\n","protected":false},"author":2,"featured_media":619460,"comment_status":"","ping_status":"","sticky":false,"template":"","format":"standard","meta":{"footnotes":""},"categories":[2814],"tags":[17,1111,11,2566,33318,40819,154,1777,674,4560,1011,27,23042,330,884,12,882,16,25],"class_list":{"0":"post-619459","1":"post","2":"type-post","3":"status-publish","4":"format-standard","5":"has-post-thumbnail","7":"category-marseille","8":"tag-17","9":"tag-actu","10":"tag-actualites","11":"tag-anime","12":"tag-cet","13":"tag-chanter","14":"tag-des","15":"tag-eu","16":"tag-europe","17":"tag-faire","18":"tag-fr","19":"tag-france","20":"tag-jaime","21":"tag-jeux","22":"tag-marseille","23":"tag-news","24":"tag-provence-alpes-cote-dazur","25":"tag-region","26":"tag-republique-francaise"},"share_on_mastodon":{"url":"https:\/\/pubeurope.com\/@fr\/115773273816930210","error":""},"_links":{"self":[{"href":"https:\/\/www.europesays.com\/fr\/wp-json\/wp\/v2\/posts\/619459","targetHints":{"allow":["GET"]}}],"collection":[{"href":"https:\/\/www.europesays.com\/fr\/wp-json\/wp\/v2\/posts"}],"about":[{"href":"https:\/\/www.europesays.com\/fr\/wp-json\/wp\/v2\/types\/post"}],"author":[{"embeddable":true,"href":"https:\/\/www.europesays.com\/fr\/wp-json\/wp\/v2\/users\/2"}],"replies":[{"embeddable":true,"href":"https:\/\/www.europesays.com\/fr\/wp-json\/wp\/v2\/comments?post=619459"}],"version-history":[{"count":0,"href":"https:\/\/www.europesays.com\/fr\/wp-json\/wp\/v2\/posts\/619459\/revisions"}],"wp:featuredmedia":[{"embeddable":true,"href":"https:\/\/www.europesays.com\/fr\/wp-json\/wp\/v2\/media\/619460"}],"wp:attachment":[{"href":"https:\/\/www.europesays.com\/fr\/wp-json\/wp\/v2\/media?parent=619459"}],"wp:term":[{"taxonomy":"category","embeddable":true,"href":"https:\/\/www.europesays.com\/fr\/wp-json\/wp\/v2\/categories?post=619459"},{"taxonomy":"post_tag","embeddable":true,"href":"https:\/\/www.europesays.com\/fr\/wp-json\/wp\/v2\/tags?post=619459"}],"curies":[{"name":"wp","href":"https:\/\/api.w.org\/{rel}","templated":true}]}}