{"id":61946,"date":"2025-04-29T14:03:08","date_gmt":"2025-04-29T14:03:08","guid":{"rendered":"https:\/\/www.europesays.com\/fr\/61946\/"},"modified":"2025-04-29T14:03:08","modified_gmt":"2025-04-29T14:03:08","slug":"mort-de-christiane-conil-actrice-de-plus-belle-la-vie-a-lage-de-71-ans","status":"publish","type":"post","link":"https:\/\/www.europesays.com\/fr\/61946\/","title":{"rendered":"Mort de Christiane Conil, actrice de Plus belle la vie, \u00e0 l\u2019\u00e2ge de 71 ans"},"content":{"rendered":"<p>                             Par     <a class=\"fig-content-metas__author\" href=\"https:\/\/www.lefigaro.fr\/auteur\/julia-baudin\" rel=\"author noopener\" target=\"_blank\">Julia Baudin<\/a><\/p>\n<p>\n            Publi\u00e9<br \/>\n                le 29 avril 2025 \u00e0 11h36,<br \/>\n                 mis \u00e0 jour le 29 avril 2025 \u00e0 12h03<\/p>\n<p>    Christiane Conil, com\u00e9dienne de th\u00e9\u00e2tre et de t\u00e9l\u00e9vision.<br \/>\n                Capture d&rsquo;\u00e9cran &#8211; YouTube<\/p>\n<p><strong>DISPARITION<\/strong> &#8211; Triste nouvelle pour les \u00e9quipes du c\u00e9l\u00e8bre feuilleton. La com\u00e9dienne, pr\u00e9sente dans 8 saisons des aventures des habitants du Mistral, est d\u00e9c\u00e9d\u00e9e il y a quelques jours.<\/p>\n<p class=\"fig-paragraph\">Apr\u00e8s Michel Cordes, Jacques Boudet, Alix Mahieux, Jean-Michel Martial, Pascale Roberts ou encore\u00a0<a href=\"http:\/\/tvmag.lefigaro.fr\/programme-tv\/actu-tele\/beaucoup-de-choses-fausses-sont-sorties-dounia-coesens-critique-la-mediatisation-de-l-affaire-marwan-berreni-20241022\" target=\"_blank\" data-fig-type=\"Article\" rel=\"noopener\" data-gtm-custom-categorie=\"navigation\" data-gtm-custom-action=\"crossclick\" data-gtm-custom-label=\"Contextuel\" data-gtm-event=\"customEventSPE\" data-fig-domain=\"TVMAG\">Marwan Berreni<\/a>, Plus belle la vie et, par extension,\u00a0<a href=\"http:\/\/tvmag.lefigaro.fr\/programme-tv\/series\/plus-belle-la-vie-encore-plus-belle-la-serie-revient-sur-la-mort-de-marwan-berreni-et-de-jean-claude-gaudin-20240521\" target=\"_blank\" data-fig-type=\"Article\" rel=\"noopener\" data-gtm-custom-categorie=\"navigation\" data-gtm-custom-action=\"crossclick\" data-gtm-custom-label=\"Contextuel\" data-gtm-event=\"customEventSPE\" data-fig-domain=\"TVMAG\">Plus belle la vie encore plus belle<\/a>, pleure la disparition d\u2019une de ses com\u00e9diennes. <strong>Christiane Conil<\/strong> est d\u00e9c\u00e9d\u00e9e il y a quelques jours. Elle \u00e9tait \u00e2g\u00e9e de 71 ans. C\u2019est sa fille Tina qui a annonc\u00e9 la triste nouvelle sur les r\u00e9seaux sociaux, Facebook notamment.<\/p>\n<p class=\"fig-paragraph\">Elle n\u2019incarnait pas un personnage r\u00e9current dans le programme. Pour autant, cette ancienne du Conservatoire d\u2019art dramatique de Marseille, passionn\u00e9e de th\u00e9\u00e2tre et de Marcel Pagnol, est apparue dans 11 \u00e9pisodes, au fil des 8 saisons diffus\u00e9es sur France 3, et dans des r\u00f4les diff\u00e9rents. Christiane Conil a ainsi pr\u00eat\u00e9 ses traits \u00e0 la cousine d\u2019Anne Bocara, \u00e0 la femme de m\u00e9nage du bureau de Barrault et \u00e0 une conseill\u00e8re de l\u2019ANPE.<\/p>\n<p class=\"fig-body-link\">\n            \u00c0 lire aussi<br \/>\n        <a class=\"fig-body-link__link\" href=\"http:\/\/tvmag.lefigaro.fr\/programme-tv\/people\/tu-m-as-beaucoup-appris-les-comediens-de-plus-belle-la-vie-rendent-hommage-a-l-acteur-jacques-boudet-20240716\" data-fig-type=\"Article\" data-gtm-custom-categorie=\"navigation\" data-gtm-custom-action=\"crossclick\" data-gtm-custom-label=\"Contextuel\" data-gtm-event=\"customEventSPE\" data-fig-domain=\"TVMAG\" target=\"_blank\" rel=\"noopener\">\u00abTu m&rsquo;as beaucoup appris\u00bb\u00a0: les com\u00e9diens de Plus belle la vie rendent hommage \u00e0 l\u2019acteur Jacques Boudet<br \/>\n    <\/a>\n<\/p>\n<p>Actrice de t\u00e9l\u00e9vision, de th\u00e9\u00e2tre et de cin\u00e9ma<\/p>\n<p class=\"fig-paragraph\">En marge de Plus belle la vie, elle a \u00e9t\u00e9 vue au cin\u00e9ma, dans les films La French avec Jean Dujardin, dans L\u2019enqu\u00eate Corse avec Christian Clavier et dans La Promesse de l\u2019aube d\u2019\u00c9ric Barbier entre autres. Mais Christiane Conil \u00e9tait surtout une femme de th\u00e9\u00e2tre. On l\u2019a vue dans plusieurs pi\u00e8ces, dont Marius, tir\u00e9e de la trilogie marseillaise de Marcel Pagnol.<\/p>\n<p class=\"fig-paragraph\">La compagnie Dans la Cour des Grands lui a d\u2019ailleurs rendu hommage\u00a0: \u00abC\u2019est avec une profonde tristesse que nous avons appris le d\u00e9c\u00e8s de Christiane Conil. Nous gardons dans nos coeurs le souvenir d\u2019une com\u00e9dienne de grand talent, qui a marqu\u00e9 de sa sensibilit\u00e9 et de sa g\u00e9n\u00e9rosit\u00e9 tous les personnages qu\u2019elle a incarn\u00e9s dans les spectacles de la compagnie. Nos pens\u00e9es accompagnent sa famille, ses proches et tous ceux qui ont eu la chance de croiser sa route\u00bb.\u00a0<\/p>\n<p class=\"fig-paragraph\">Comme l\u2019indique sa fille, ses obs\u00e8ques se tiendront mercredi 30 avril \u00e0 Saint-Pierre, un quartier de Marseille situ\u00e9 dans le 5e arrondissement.<\/p>\n<p>    L\u2019annonce du d\u00e9c\u00e8s de Christiane Cosnil par sa fille Tina.<br \/>\n                Capture d\u2019\u00e9cran &#8211; Facebook<\/p>\n<p>\u00a0\u00bb<br \/>\n        data-script=\u00a0\u00bbhttps:\/\/static.lefigaro.fr\/widget-video\/short-ttl\/video\/index.js\u00a0\u00bb<br \/>\n    &gt;<\/p>\n","protected":false},"excerpt":{"rendered":"Par Julia Baudin Publi\u00e9 le 29 avril 2025 \u00e0 11h36, mis \u00e0 jour le 29 avril 2025 \u00e0&hellip;\n","protected":false},"author":2,"featured_media":61947,"comment_status":"","ping_status":"","sticky":false,"template":"","format":"standard","meta":{"footnotes":""},"categories":[1359],"tags":[1320,1321,1322,1323,58,59,1011,27,973,1368,1319,502,1315,595,1314,1316,1317,1318],"class_list":{"0":"post-61946","1":"post","2":"type-post","3":"status-publish","4":"format-standard","5":"has-post-thumbnail","7":"category-people","8":"tag-actu-serie","9":"tag-actualite-serie","10":"tag-avis-serie","11":"tag-critiques-serie","12":"tag-divertissement","13":"tag-entertainment","14":"tag-fr","15":"tag-france","16":"tag-people","17":"tag-plus-belle-la-vie","18":"tag-programme-serie","19":"tag-programme-tv","20":"tag-serie-tele","21":"tag-serie-tv","22":"tag-series","23":"tag-series-televisees","24":"tag-telenovela","25":"tag-telenovelas"},"share_on_mastodon":{"url":"https:\/\/pubeurope.com\/@fr\/114421629209991202","error":""},"_links":{"self":[{"href":"https:\/\/www.europesays.com\/fr\/wp-json\/wp\/v2\/posts\/61946","targetHints":{"allow":["GET"]}}],"collection":[{"href":"https:\/\/www.europesays.com\/fr\/wp-json\/wp\/v2\/posts"}],"about":[{"href":"https:\/\/www.europesays.com\/fr\/wp-json\/wp\/v2\/types\/post"}],"author":[{"embeddable":true,"href":"https:\/\/www.europesays.com\/fr\/wp-json\/wp\/v2\/users\/2"}],"replies":[{"embeddable":true,"href":"https:\/\/www.europesays.com\/fr\/wp-json\/wp\/v2\/comments?post=61946"}],"version-history":[{"count":0,"href":"https:\/\/www.europesays.com\/fr\/wp-json\/wp\/v2\/posts\/61946\/revisions"}],"wp:featuredmedia":[{"embeddable":true,"href":"https:\/\/www.europesays.com\/fr\/wp-json\/wp\/v2\/media\/61947"}],"wp:attachment":[{"href":"https:\/\/www.europesays.com\/fr\/wp-json\/wp\/v2\/media?parent=61946"}],"wp:term":[{"taxonomy":"category","embeddable":true,"href":"https:\/\/www.europesays.com\/fr\/wp-json\/wp\/v2\/categories?post=61946"},{"taxonomy":"post_tag","embeddable":true,"href":"https:\/\/www.europesays.com\/fr\/wp-json\/wp\/v2\/tags?post=61946"}],"curies":[{"name":"wp","href":"https:\/\/api.w.org\/{rel}","templated":true}]}}