{"id":619461,"date":"2025-12-24T07:05:15","date_gmt":"2025-12-24T07:05:15","guid":{"rendered":"https:\/\/www.europesays.com\/fr\/619461\/"},"modified":"2025-12-24T07:05:15","modified_gmt":"2025-12-24T07:05:15","slug":"laureats-des-trophees-bref-eco-de-linnovation-2025-3-9-treewater-linnovation-qui-traite-les-pfas","status":"publish","type":"post","link":"https:\/\/www.europesays.com\/fr\/619461\/","title":{"rendered":"Laur\u00e9ats des Troph\u00e9es Bref Eco de l\u2019Innovation 2025 (3\/9) : Treewater, l\u2019innovation qui traite les PFAS"},"content":{"rendered":"<p class=\"bref-chapo\">\u00c0 l\u2019occasion des f\u00eates de fin d\u2019ann\u00e9e, Bref Eco vous propose de (re)d\u00e9couvrir chaque jour l\u2019un des neuf laur\u00e9ats des Troph\u00e9es Bref Eco de l\u2019Innovation 2025. Aujourd&rsquo;hui, zoom sur Treewater, laur\u00e9at de la cat\u00e9gorie \u00ab Industrie\u00a0\u00bb.<\/p>\n<p>Treewater d\u00e9veloppe un proc\u00e9d\u00e9 visant l\u2019\u00e9limination d\u2019un large panel de PFAS sans g\u00e9n\u00e9rer de d\u00e9chets ni de concentrats. Ce projet s\u2019inscrit dans le plan d\u2019action interminist\u00e9riel PFAS 2023-2027, axe 4, qui cible le traitement des effluents industriels afin de limiter leur accumulation dans l\u2019environnement par un traitement \u00e0 la source, d&rsquo;anticiper les futures limites r\u00e9glementaires sur les rejets, et d&rsquo;assurer une d\u00e9gradation d\u2019au moins 90 % des PFAS \u00e0 cha\u00eenes longues ou courtes.<\/p>\n<p>Le projet PREFAS se destine prioritairement aux secteurs de la chimie, de la pharmacie et du textile. Il s\u2019appuie sur des technologies dites destructives, capables de d\u00e9composer efficacement les PFAS, \u00ab\u00a0l\u00e0 o\u00f9 d\u2019autres solutions se contentent souvent de les pi\u00e9ger sans les \u00e9liminer\u00a0\u00bb, explique Marc-Emmanuel Bouchard, Pdg, qui pr\u00e9cise que \u00ab\u00a0PREFAS ne g\u00e9n\u00e8re aucun r\u00e9sidu secondaire \u00e0 traiter &#8211; donc pas de co\u00fbts suppl\u00e9mentaires &#8211; et simplifie consid\u00e9rablement la gestion pour l\u2019industriel\u00a0\u00bb.<\/p>\n<p class=\"bref-intertitre\">D\u00e9couvrez son innovation\u00a0!<\/p>\n<\/p>\n<p>La strat\u00e9gie de d\u00e9ploiement de PREFAS vise d\u2019abord le march\u00e9 national afin d\u2019accumuler des cas d\u2019\u00e9tude et r\u00e9f\u00e9rences solides, avant de s\u2019ouvrir au march\u00e9 international.<\/p>\n<p>Les cibles sont multiples\u00a0: les sources d\u2019eau contamin\u00e9es en PFAS utilis\u00e9es pour la potabilisation ou la production industrielle, ainsi que les effluents issus de proc\u00e9d\u00e9s industriels g\u00e9n\u00e9rant ces polluants. PREFAS peut aussi \u00eatre appliqu\u00e9 sur les eaux utilis\u00e9es pour la d\u00e9contamination des sols, renfor\u00e7ant son potentiel d\u2019int\u00e9gration dans des fili\u00e8res de traitement complexes et multi-usages.<\/p>\n<p>La soci\u00e9t\u00e9 annonce que les premiers r\u00e9sultats de la technologie PREFAS sont tr\u00e8s encourageants avec un abattement complet des 20 PFAS r\u00e9glement\u00e9s en eau potable, mais aussi des PFAS \u00e0 cha\u00eenes ultra-courtes comme le TFA, pourtant r\u00e9put\u00e9s difficiles \u00e0 \u00e9liminer.<\/p>\n<p>\u00ab\u00a0En parall\u00e8le, des essais en laboratoire ont mis en \u00e9vidence une min\u00e9ralisation compl\u00e8te des PFAS, valid\u00e9e par le suivi du relargage des fluorures, preuve de leur destruction totale\u00a0\u00bb, conclut Emmanuel Bouchard.<\/p>\n<p class=\"bref-intertitre\">GRDF, partenaire\u00a0des Troph\u00e9es Bref Eco de l\u2019Innovation<\/p>\n<p>Partenaire de notre \u00e9v\u00e9nement, GRDF a remis le troph\u00e9e Treewater.\u00a0La parole \u00e0\u00a0Gr\u00e9goire Boehm,\u00a0directeur territorial Ain &#8211; Rh\u00f4ne &#8211; M\u00e9tropole de Lyon.<\/p>\n<\/p>\n<p><strong>Demain, d\u00e9couvrez un nouveau laur\u00e9at des Troph\u00e9es Bref Eco de l\u2019Innovation 2025.<\/strong><\/p>\n<p><img decoding=\"async\" src=\"https:\/\/www.europesays.com\/fr\/wp-content\/uploads\/2025\/12\/pave-partenaires-article_trophees-20eme-edition.png\" style=\"text-align: center\"\/><\/p>\n","protected":false},"excerpt":{"rendered":"\u00c0 l\u2019occasion des f\u00eates de fin d\u2019ann\u00e9e, Bref Eco vous propose de (re)d\u00e9couvrir chaque jour l\u2019un des neuf&hellip;\n","protected":false},"author":2,"featured_media":619462,"comment_status":"","ping_status":"","sticky":false,"template":"","format":"standard","meta":{"footnotes":""},"categories":[1889],"tags":[1111,11,2430,1777,674,1011,27,2428,12,25],"class_list":{"0":"post-619461","1":"post","2":"type-post","3":"status-publish","4":"format-standard","5":"has-post-thumbnail","7":"category-lyon","8":"tag-actu","9":"tag-actualites","10":"tag-auvergne-rhone-alpes","11":"tag-eu","12":"tag-europe","13":"tag-fr","14":"tag-france","15":"tag-lyon","16":"tag-news","17":"tag-republique-francaise"},"share_on_mastodon":{"url":"https:\/\/pubeurope.com\/@fr\/115773278860511153","error":""},"_links":{"self":[{"href":"https:\/\/www.europesays.com\/fr\/wp-json\/wp\/v2\/posts\/619461","targetHints":{"allow":["GET"]}}],"collection":[{"href":"https:\/\/www.europesays.com\/fr\/wp-json\/wp\/v2\/posts"}],"about":[{"href":"https:\/\/www.europesays.com\/fr\/wp-json\/wp\/v2\/types\/post"}],"author":[{"embeddable":true,"href":"https:\/\/www.europesays.com\/fr\/wp-json\/wp\/v2\/users\/2"}],"replies":[{"embeddable":true,"href":"https:\/\/www.europesays.com\/fr\/wp-json\/wp\/v2\/comments?post=619461"}],"version-history":[{"count":0,"href":"https:\/\/www.europesays.com\/fr\/wp-json\/wp\/v2\/posts\/619461\/revisions"}],"wp:featuredmedia":[{"embeddable":true,"href":"https:\/\/www.europesays.com\/fr\/wp-json\/wp\/v2\/media\/619462"}],"wp:attachment":[{"href":"https:\/\/www.europesays.com\/fr\/wp-json\/wp\/v2\/media?parent=619461"}],"wp:term":[{"taxonomy":"category","embeddable":true,"href":"https:\/\/www.europesays.com\/fr\/wp-json\/wp\/v2\/categories?post=619461"},{"taxonomy":"post_tag","embeddable":true,"href":"https:\/\/www.europesays.com\/fr\/wp-json\/wp\/v2\/tags?post=619461"}],"curies":[{"name":"wp","href":"https:\/\/api.w.org\/{rel}","templated":true}]}}