{"id":619463,"date":"2025-12-24T07:06:15","date_gmt":"2025-12-24T07:06:15","guid":{"rendered":"https:\/\/www.europesays.com\/fr\/619463\/"},"modified":"2025-12-24T07:06:15","modified_gmt":"2025-12-24T07:06:15","slug":"lyon-deplacer-le-marche-de-noel-place-bellecour-gregory-doucet-promet-une-etude-en-2026","status":"publish","type":"post","link":"https:\/\/www.europesays.com\/fr\/619463\/","title":{"rendered":"Lyon : d\u00e9placer le march\u00e9 de No\u00ebl place Bellecour ? Gr\u00e9gory Doucet promet une \u00e9tude en 2026"},"content":{"rendered":"<p>                            <img loading=\"lazy\" width=\"677\" height=\"423\" class=\"attachment-article size-article wp-post-image lazyload\" alt=\"\" decoding=\"async\" src=\"https:\/\/www.europesays.com\/fr\/wp-content\/uploads\/2025\/12\/Capture-decran-2025-09-11-a-11.57.26-e1757584688794.jpg\" data-eio-rwidth=\"677\" data-eio-rheight=\"423\"\/><\/p>\n<p>march\u00e9 de noel Bellecour<\/p>\n<p class=\"content\" style=\"font-size:1.2em;font-weight:700\">La p\u00e9tition lanc\u00e9e par un Lyonnais en septembre dernier a d\u2019ores et d\u00e9j\u00e0 r\u00e9colt\u00e9 15 000 signatures. Le maire de Lyon assure qu\u2019une \u00e9tude sera lanc\u00e9e en 2026 pour une installation \u00ab\u00a0d\u00e8s 2028\u00a0\u00bb.<\/p>\n<p>Alors que la mairie de Lyon assurait en septembre dernier que le sujet n\u2019\u00e9tait \u00ab\u00a0pas d\u2019actualit\u00e9\u00a0\u00bb et que la question se poserait \u00ab\u00a0au moment du renouvellement du march\u00e9\u00a0\u00bb, soit en 2028, les choses semblent avoir boug\u00e9 du c\u00f4t\u00e9 de l\u2019H\u00f4tel de Ville.<\/p>\n<p><strong>Lire aussi :<\/strong> <a href=\"https:\/\/www.lyoncapitale.fr\/actualite\/lyon-une-petition-lancee-pour-deplacer-le-marche-de-noel-sur-la-place-bellecour\" target=\"_blank\" rel=\"noreferrer noopener\">Lyon : d\u00e9placer le march\u00e9 de No\u00ebl \u00e0 Bellecour ? \u00ab\u00a0Pas d&rsquo;actualit\u00e9\u00a0\u00bb r\u00e9pond la mairie<\/a><\/p>\n<p>15 000 signatures r\u00e9colt\u00e9es<\/p>\n<p>En septembre dernier, le Lyonnais Th\u00e9odore Lafond, patron de l\u2019agence de communication lyonnaise Gentleview, mettait en ligne une p\u00e9tition pour d\u00e9placer le c\u00e9l\u00e8bre march\u00e9 de No\u00ebl de la place Carnot sur la place Bellecour (2e arr.), assurant que cette initiative pourrait faire de Lyon \u00ab\u00a0une destination internationale de No\u00ebl\u00a0\u00bb, \u00e0 l&rsquo;image de Strasbourg ou de Vienne. Il pr\u00e9cisait son id\u00e9e : \u00ab\u00a0Le march\u00e9 de Carnot g\u00e9n\u00e8re quelques millions d\u2019euros de retomb\u00e9es. Un march\u00e9 \u00e0 Bellecour pourrait en g\u00e9n\u00e9rer 30 \u00e0 50 millions, profitant \u00e0 toute la Presqu\u2019\u00eele\u00a0\u00bb.<\/p>\n<p>Un engouement que semble avoir entendu la Ville de Lyon alors que la campagne pour les municipales est pleinement lanc\u00e9e. Dans une vid\u00e9o publi\u00e9e sur ses r\u00e9seaux sociaux, le maire Gr\u00e9gory Doucet (Les \u00c9cologistes) assure qu\u2019une \u00e9tude serait lanc\u00e9e en 2026 \u00ab\u00a0pour une installation en 2028\u00a0en lien avec les forains et les commer\u00e7ants du 2e arrondissement\u00a0\u00bb. Une annonce, ou promesse de campagne, qui devrait s\u00e9duire de nombreux Lyonnais, tandis que Jean-Michel Aulas reste en t\u00eate des intentions de vote dans un dernier sondage de nos confr\u00e8res de Lyon Mag.<\/p>\n<p>Lors de sa mise en ligne, la p\u00e9tition avait par ailleurs re\u00e7u le soutien de l\u2019opposition, dont la conseill\u00e8re municipale B\u00e9atrice de Montille (LR) qui saluait \u00ab\u00a0une belle initiative citoyenne, f\u00e9erique et lumineuse\u00a0\u00bb.<\/p>\n<p><strong>Lire aussi :<\/strong> <a href=\"https:\/\/www.lyoncapitale.fr\/actualite\/et-si-le-marche-de-noel-quittait-la-place-carnot\" target=\"_blank\" rel=\"noreferrer noopener\">Et si le march\u00e9 de No\u00ebl\u00a0quittait la place Carnot ?<\/a><\/p>\n<blockquote class=\"instagram-media\" data-instgrm-captioned=\"\" data-instgrm-permalink=\"https:\/\/www.instagram.com\/reel\/DSnVBjLDKfg\/?utm_source=ig_embed&amp;utm_campaign=loading\" data-instgrm-version=\"14\" style=\" background:#FFF; border:0; border-radius:3px; box-shadow:0 0 1px 0 rgba(0,0,0,0.5),0 1px 10px 0 rgba(0,0,0,0.15); margin: 1px; max-width:540px; min-width:326px; padding:0; width:99.375%; width:-webkit-calc(100% - 2px); width:calc(100% - 2px);\"\/>\n<p>    <script async src=\"\/\/www.instagram.com\/embed.js\"><\/script><\/p>\n","protected":false},"excerpt":{"rendered":"march\u00e9 de noel Bellecour La p\u00e9tition lanc\u00e9e par un Lyonnais en septembre dernier a d\u2019ores et d\u00e9j\u00e0 r\u00e9colt\u00e9&hellip;\n","protected":false},"author":2,"featured_media":619464,"comment_status":"","ping_status":"","sticky":false,"template":"","format":"standard","meta":{"footnotes":""},"categories":[1889],"tags":[1111,11,2430,1777,674,1011,27,2428,12,25],"class_list":{"0":"post-619463","1":"post","2":"type-post","3":"status-publish","4":"format-standard","5":"has-post-thumbnail","7":"category-lyon","8":"tag-actu","9":"tag-actualites","10":"tag-auvergne-rhone-alpes","11":"tag-eu","12":"tag-europe","13":"tag-fr","14":"tag-france","15":"tag-lyon","16":"tag-news","17":"tag-republique-francaise"},"share_on_mastodon":{"url":"https:\/\/pubeurope.com\/@fr\/115773282538167718","error":""},"_links":{"self":[{"href":"https:\/\/www.europesays.com\/fr\/wp-json\/wp\/v2\/posts\/619463","targetHints":{"allow":["GET"]}}],"collection":[{"href":"https:\/\/www.europesays.com\/fr\/wp-json\/wp\/v2\/posts"}],"about":[{"href":"https:\/\/www.europesays.com\/fr\/wp-json\/wp\/v2\/types\/post"}],"author":[{"embeddable":true,"href":"https:\/\/www.europesays.com\/fr\/wp-json\/wp\/v2\/users\/2"}],"replies":[{"embeddable":true,"href":"https:\/\/www.europesays.com\/fr\/wp-json\/wp\/v2\/comments?post=619463"}],"version-history":[{"count":0,"href":"https:\/\/www.europesays.com\/fr\/wp-json\/wp\/v2\/posts\/619463\/revisions"}],"wp:featuredmedia":[{"embeddable":true,"href":"https:\/\/www.europesays.com\/fr\/wp-json\/wp\/v2\/media\/619464"}],"wp:attachment":[{"href":"https:\/\/www.europesays.com\/fr\/wp-json\/wp\/v2\/media?parent=619463"}],"wp:term":[{"taxonomy":"category","embeddable":true,"href":"https:\/\/www.europesays.com\/fr\/wp-json\/wp\/v2\/categories?post=619463"},{"taxonomy":"post_tag","embeddable":true,"href":"https:\/\/www.europesays.com\/fr\/wp-json\/wp\/v2\/tags?post=619463"}],"curies":[{"name":"wp","href":"https:\/\/api.w.org\/{rel}","templated":true}]}}